{"id":176059,"date":"2025-10-14T11:34:08","date_gmt":"2025-10-14T11:34:08","guid":{"rendered":"https:\/\/www.europesays.com\/es\/176059\/"},"modified":"2025-10-14T11:34:08","modified_gmt":"2025-10-14T11:34:08","slug":"fechas-autores-programacion-y-todas-las-novedades","status":"publish","type":"post","link":"https:\/\/www.europesays.com\/es\/176059\/","title":{"rendered":"fechas, autores, programaci\u00f3n y todas las novedades"},"content":{"rendered":"<p style=\"\">La <a href=\"https:\/\/ferialibrocordoba.es\/\" target=\"_blank\" data-voc-vtm-id=\"in-text-traffic\" title=\"Feria del Libro de C\u00f3rdoba \" data-mrf-link=\"ferialibrocordoba.es\" rel=\"nofollow noopener\">Feria del Libro de C\u00f3rdoba <\/a>cumple medio siglo de vida y lo celebra a lo grande. Del <strong>17 al 26 de octubre<\/strong>, el Bulevar del Gran Capit\u00e1n se convertir\u00e1 en el epicentro de la literatura con una programaci\u00f3n repleta de firmas, presentaciones, cuentacuentos  &#8230; y encuentros con autores y autoras de primer nivel.<\/p>\n<p class=\"voc-p\" style=\"\">La escritora <a href=\"https:\/\/www.abc.es\/espana\/andalucia\/cordoba\/luz-gabas-susana-martin-gijon-isaac-rosa-20251007120050-nts.html\" data-voc-vtm-id=\"in-text-traffic\" title=\"Luz Gab\u00e1s, Premio Planeta\" data-mrf-link=\"www.abc.es\" rel=\"nofollow noopener\" target=\"_blank\">Luz Gab\u00e1s, Premio Planeta<\/a>, ser\u00e1 la encargada de abrir oficialmente la feria el <strong>viernes 17 de octubre <\/strong>con la presentaci\u00f3n de su novela Coraz\u00f3n de oro (Planeta). Tras el acto inaugural, Gab\u00e1s <strong>firmar\u00e1 ejemplares <\/strong>en el Bulevar del Libro, donde se concentrar\u00e1 la mayor parte de la actividad cultural.<\/p>\n<p class=\"voc-p\" style=\"\">El<strong> s\u00e1bado 18<\/strong> abrir\u00e1 con el concierto teatral &#8216;Donde los p\u00e1jaros cantan&#8217; de Orpheus M\u00fasica, seguido por la presencia de Quan Zhou, que ofrecer\u00e1 un encuentro con el p\u00fablico y una <strong>clase magistral de autoficci\u00f3n<\/strong> (&#8216;Cu\u00e9ntame tu vida&#8217;) en la <strong>Casa de la Juventud.<\/strong> Ese mismo d\u00eda, la periodista Berna Gonz\u00e1lez Harbour presentar\u00e1 &#8216;Qu\u00e9 fue de los Lighthouse&#8217; (Destino), y la popular autora Cherry Chic traer\u00e1 su \u00faltima novela rom\u00e1ntica &#8216;Todos los deseos que escrib\u00ed sin ti&#8217; (Montena).<\/p>\n<p class=\"voc-p\" style=\"\">El <strong>domingo 19 <\/strong>destacan las firmas de Mar Benegas, Antonio Torremocha y la presentaci\u00f3n de Elsa Punset con &#8216;Alas para volar&#8217; (Destino).<\/p>\n<p class=\"voc-p\" style=\"\">La semana continuar\u00e1 con <strong>presentaciones <\/strong>de Isabel Bono, Rafael Reig, Elena L\u00e1zaro, Xavier Guill\u00e9n o Diego Mart\u00ednez Torr\u00f3n, y con actividades paralelas como el taller de narrativa para adultos impartido por Mario Cuenca Sandoval y la proyecci\u00f3n del documental Almudena, dirigido por Azucena Rodr\u00edguez, en la Filmoteca de Andaluc\u00eda.<\/p>\n<ul class=\"oc-d-c-list__list\">\n<li class=\"voc-d-c-list__item\">\n<p class=\"voc-d-c-list__paragraph\">Elsa Punset, con &#8216;Alas para volar&#8217; (Destino)<\/p>\n<\/li>\n<li class=\"voc-d-c-list__item\">\n<p class=\"voc-d-c-list__paragraph\">Isaac Rosa, con &#8216;Las buenas noches&#8217; (Seix Barral)<\/p>\n<\/li>\n<li class=\"voc-d-c-list__item\">\n<p class=\"voc-d-c-list__paragraph\">Susana Mart\u00edn Gij\u00f3n, que presenta &#8216;La Capitana&#8217; (Alfaguara)<\/p>\n<\/li>\n<li class=\"voc-d-c-list__item\">\n<p class=\"voc-d-c-list__paragraph\">Elvira Navarro, con &#8216;La sangre est\u00e1 cayendo al patio&#8217; (Random House)<\/p>\n<\/li>\n<li class=\"voc-d-c-list__item\">\n<p class=\"voc-d-c-list__paragraph\">Antonio Mercero, autor de &#8216;Est\u00e1 lloviendo y te quiero&#8217; (Planeta)<\/p>\n<\/li>\n<li class=\"voc-d-c-list__item\">\n<p class=\"voc-d-c-list__paragraph\">Rafael Reig, con &#8216;Lo que s\u00e9 de Almudena&#8217; (Tusquets)<\/p>\n<\/li>\n<li class=\"voc-d-c-list__item\">\n<p class=\"voc-d-c-list__paragraph\">Berna Gonz\u00e1lez Harbour, con &#8216;Qu\u00e9 fue de los Lighthouse&#8217; (Destino)<\/p>\n<\/li>\n<li class=\"voc-d-c-list__item\">\n<p class=\"voc-d-c-list__paragraph\">Cherry Chic, con &#8216;Todos los deseos que escrib\u00ed sin ti&#8217; (Montena)<\/p>\n<\/li>\n<\/ul>\n<p class=\"voc-p\" style=\"\">Tambi\u00e9n habr\u00e1 espacio para la reflexi\u00f3n y el di\u00e1logo entre disciplinas, con la mesa redonda <strong>&#8216;Sin callos en el alma&#8217;<\/strong>, donde profesionales de la Veterinaria como Mar\u00eda S\u00e1nchez o Gonzalo Giner abordar\u00e1n su v\u00ednculo con la literatura.<\/p>\n<p class=\"voc-p\" style=\"\">El fin de semana de clausura reunir\u00e1 a Susana Mart\u00edn Gij\u00f3n (&#8216;La Capitana&#8217;), Elvira Navarro (&#8216;La sangre est\u00e1 cayendo al patio&#8217;) y Ra\u00fal Quinto (&#8216;La ballena azul&#8217;), entre otros. El <strong>domingo 26 <\/strong>se pondr\u00e1 el broche final con la presentaci\u00f3n de Jane. &#8216;Una biograf\u00eda literaria de Jane Austen&#8217; (Lumen), de Cristina O\u00f1oro y la ilustradora Ana Jar\u00e9n, y el ensayo &#8216;Elogio del amor&#8217; (Roca Editorial) de Rafael Narbona, acompa\u00f1ado por el fil\u00f3sofo Jos\u00e9 Carlos Ruiz.<\/p>\n<p>\nActividades para ni\u00f1os\n<\/p>\n<p class=\"voc-p\" style=\"\">La caseta infantil Gloria Fuertes ser\u00e1 uno de los espacios m\u00e1s animados, con <strong>cuentacuentos, talleres de ilustraci\u00f3n, poes\u00eda y espect\u00e1culos familiares<\/strong>. Adem\u00e1s, el &#8216;photocall&#8217; conmemorativo permitir\u00e1 a los asistentes elegir sus &#8217;50 libros de la infancia&#8217; y llevarse una foto de recuerdo del aniversario.<\/p>\n<p class=\"voc-p\" style=\"\">El s\u00e1bado 18 de octubre tendr\u00e1 lugar <strong>&#8216;Un banquete fabuloso&#8217;, <\/strong>una divertida propuesta de teatro y narraci\u00f3n familiar con <strong>Jos\u00e9 Morales<\/strong>, a las 17.00 horas en la Caseta Infantil Gloria Fuertes.<\/p>\n<p class=\"voc-p\" style=\"\">Ese mismo d\u00eda, David Hern\u00e1ndez Sevillano nos invita a disfrutar de<strong> &#8216;Mi mascota y yo&#8217;<\/strong>, un espect\u00e1culo de narraci\u00f3n oral en el Bulevar del Libro.<\/p>\n<p class=\"voc-p\" style=\"\">El domingo 19,<strong> Mar Benegas<\/strong> llega con &#8216;Nicolasa, \u00bfy tu casa?&#8217;, un encantador cuento para ni\u00f1as y ni\u00f1os a partir de 3 a\u00f1os. Durante los d\u00edas siguientes, continuar\u00e1n las sorpresas: encuentros con autores, talleres creativos con <strong>Pere Ginard y Estrella Borrego<\/strong>, y sesiones de poes\u00eda y cuentos con <strong>Ra\u00fal Vacas y Pilar Nicol\u00e1s<\/strong>. Cerrar\u00e1 el ciclo Pedro Mantero con su propuesta &#8216;Encantado de encontrarte&#8217;, el domingo 26 de octubre. <\/p>\n<ul class=\"oc-d-c-list__list\">\n<li class=\"voc-d-c-list__item\">\n<p class=\"voc-d-c-list__paragraph\">Clase magistral de autoficci\u00f3n &#8216;Cu\u00e9ntame tu vida&#8217;, con Quan Zhou (s\u00e1bado 18, Casa de la Juventud).<\/p>\n<\/li>\n<li class=\"voc-d-c-list__item\">\n<p class=\"voc-d-c-list__paragraph\">Taller de narrativa para adultos, impartido por Mario Cuenca Sandoval (21 y 22 de octubre, Biblioteca Central Antonio Gala).<\/p>\n<\/li>\n<li class=\"voc-d-c-list__item\">\n<p class=\"voc-d-c-list__paragraph\">Proyecci\u00f3n del documental &#8216;Almudena&#8217;, dirigido por Azucena Rodr\u00edguez (mi\u00e9rcoles 22, Filmoteca de Andaluc\u00eda).<\/p>\n<\/li>\n<li class=\"voc-d-c-list__item\">\n<p class=\"voc-d-c-list__paragraph\">Todas las actividades requieren<strong> inscripci\u00f3n previa <\/strong>en <a href=\"https:\/\/ferialibrocordoba.es\/\" target=\"_blank\" data-voc-vtm-id=\"in-text-traffic\" title=\"ferialibrocordoba.es\" data-mrf-link=\"ferialibrocordoba.es\" rel=\"nofollow noopener\">ferialibrocordoba.es<\/a><\/p>\n<\/li>\n<\/ul>\n<p class=\"voc-p\" style=\"\">Los <strong>autores locales <\/strong>tambi\u00e9n tendr\u00e1n un papel protagonista con presentaciones y firmas organizadas por editoriales cordobesas como <strong>Utop\u00eda Libros, Berenice o Almuzara<\/strong>.<\/p>\n<p class=\"voc-p\" style=\"\"><strong>M\u00e1s informaci\u00f3n y programa completo <\/strong>en: <a href=\"https:\/\/ferialibrocordoba.es\/actividades-infantiles\/\" target=\"_blank\" data-voc-vtm-id=\"in-text-traffic\" title=\"ferialibrocordoba.es\" data-mrf-link=\"ferialibrocordoba.es\" rel=\"nofollow noopener\">ferialibrocordoba.es<\/a><\/p>\n","protected":false},"excerpt":{"rendered":"La Feria del Libro de C\u00f3rdoba cumple medio siglo de vida y lo celebra a lo grande. Del&hellip;\n","protected":false},"author":2,"featured_media":176060,"comment_status":"","ping_status":"","sticky":false,"template":"","format":"standard","meta":{"footnotes":""},"categories":[172],"tags":[45,8822,224,2760,146,147,25,24,4400,599,1496,225,5285,8485,23],"class_list":{"0":"post-176059","1":"post","2":"type-post","3":"status-publish","4":"format-standard","5":"has-post-thumbnail","7":"category-libros","8":"tag-45","9":"tag-autores","10":"tag-books","11":"tag-cordoba","12":"tag-entertainment","13":"tag-entretenimiento","14":"tag-es","15":"tag-espana","16":"tag-fechas","17":"tag-feria","18":"tag-libro","19":"tag-libros","20":"tag-novedades","21":"tag-programacion","22":"tag-spain"},"share_on_mastodon":{"url":"","error":""},"_links":{"self":[{"href":"https:\/\/www.europesays.com\/es\/wp-json\/wp\/v2\/posts\/176059","targetHints":{"allow":["GET"]}}],"collection":[{"href":"https:\/\/www.europesays.com\/es\/wp-json\/wp\/v2\/posts"}],"about":[{"href":"https:\/\/www.europesays.com\/es\/wp-json\/wp\/v2\/types\/post"}],"author":[{"embeddable":true,"href":"https:\/\/www.europesays.com\/es\/wp-json\/wp\/v2\/users\/2"}],"replies":[{"embeddable":true,"href":"https:\/\/www.europesays.com\/es\/wp-json\/wp\/v2\/comments?post=176059"}],"version-history":[{"count":0,"href":"https:\/\/www.europesays.com\/es\/wp-json\/wp\/v2\/posts\/176059\/revisions"}],"wp:featuredmedia":[{"embeddable":true,"href":"https:\/\/www.europesays.com\/es\/wp-json\/wp\/v2\/media\/176060"}],"wp:attachment":[{"href":"https:\/\/www.europesays.com\/es\/wp-json\/wp\/v2\/media?parent=176059"}],"wp:term":[{"taxonomy":"category","embeddable":true,"href":"https:\/\/www.europesays.com\/es\/wp-json\/wp\/v2\/categories?post=176059"},{"taxonomy":"post_tag","embeddable":true,"href":"https:\/\/www.europesays.com\/es\/wp-json\/wp\/v2\/tags?post=176059"}],"curies":[{"name":"wp","href":"https:\/\/api.w.org\/{rel}","templated":true}]}}