{"id":176075,"date":"2025-10-14T11:43:08","date_gmt":"2025-10-14T11:43:08","guid":{"rendered":"https:\/\/www.europesays.com\/es\/176075\/"},"modified":"2025-10-14T11:43:08","modified_gmt":"2025-10-14T11:43:08","slug":"el-camino-de-los-rehenes-liberados-para-volver-a-la-vida-reclusion-psicologos-y-forenses","status":"publish","type":"post","link":"https:\/\/www.europesays.com\/es\/176075\/","title":{"rendered":"El camino de los rehenes liberados para volver a la vida: reclusi\u00f3n, psic\u00f3logos y forenses"},"content":{"rendered":"<p style=\"\">Lo que parec\u00eda imposible, ayer sucedi\u00f3. Parec\u00eda imposible que<a href=\"https:\/\/www.abc.es\/internacional\/gemelos-berman-regresan-casa-tras-738-dias-20251013175016-nt.html\" target=\"_self\" data-voc-vtm-id=\"in-text-traffic\" title=\" Gali y Ziv Berman\" data-mrf-link=\"www.abc.es\" rel=\"nofollow noopener\"> Gali y Ziv Berman<\/a>, hermanos gemelos de 28 a\u00f1os, pudieran volver a abrazar a sus padres. Tambi\u00e9n parec\u00eda imposible que <strong>Omri Miran<\/strong>, de 48 a\u00f1os, besara de nuevo a sus hijas. <\/p>\n<p style=\"\">Han pasado 738  &#8230; d\u00edas y sus 738 noches desde que Gali, Ziv y Omri fueron secuestrados por la banda terrorista Ham\u00e1s y llevados a la franja de <strong>Gaza<\/strong>. Junto a ellos, otras 248 personas se convirtieron de la noche a la ma\u00f1ana en unos rehenes que Ham\u00e1s ha estado<a href=\"https:\/\/www.abc.es\/internacional\/israel-quiere-despertar-tras-pesadilla-737-dias-20251012193713-nt.html\" target=\"_self\" data-voc-vtm-id=\"in-text-traffic\" title=\" utilizando para presionar a Israel.\" rel=\"nofollow noopener\"> utilizando para presionar a Israel.<\/a> Hasta ayer, cuando todos los rehenes vivos (20), volvieron a casa. Ham\u00e1s se los entreg\u00f3 a la Cruz Roja, quien los llev\u00f3 a tres hospitales para comenzar su recuperaci\u00f3n. Lo que queda por saber es cu\u00e1ndo el grupo palestino entregar\u00e1 los cuerpos de los rehenes fallecidos. Al cierre de esta edici\u00f3n hab\u00edan sido entregados cuatro, algo que comenzaba a enfadar a ministros israel\u00edes y, sobre todo, a las familias.<\/p>\n<p class=\"voc-p\" style=\"\">\u00abEl anuncio de Ham\u00e1s sobre el esperado regreso de cuatro cad\u00e1veres hoy es un incumplimiento de los compromisos\u00bb, escribi\u00f3 el ministro de Defensa, <strong>Israel Katz<\/strong>, en su cuenta de X.<\/p>\n<p class=\"voc-p\" style=\"\">Sin embargo, las im\u00e1genes de ayer de los secuestrados volviendo a tocar suelo israel\u00ed, fueron las que llenaron de euforia y regocijo, no solo a sus familias, sino tambi\u00e9n a todo un pa\u00eds que esperaba la noticia.<\/p>\n<p class=\"voc-p\" style=\"\">Una vez reunidos con sus seres queridos, los rehenes vivos pasar\u00e1n varias fases. La primera ser\u00e1 estar &#8216;recluidos&#8217; en tres hospitales de Israel. \u00abLa instrucci\u00f3n es de no hablar con nadie. Solo la familia m\u00e1s cercana ha podido visitarlos\u00bb, asegura un miembro del Foro de las Familias de Rehenes y Desaparecidos. <\/p>\n<p class=\"voc-p\" style=\"\">En otras ocasiones de liberaciones similares, el Centro M\u00e9dico Rabin en Petah Tikva, a media hora de Tel Aviv, ha sido uno de los centros que ha recibido a los secuestrados. Este centro ya cuenta con un equipo especializado para este tipo de casos. Ah\u00ed es por ejemplo, donde<strong> Matan Zangauker<\/strong> se reuni\u00f3 ayer con su madre Einav. \u00abAhora los ya ex rehenes van a estar en lugares muy custodiados\u00bb, explica Richard Nachamn, responsable y coordinador de todo el procedimiento de identificaci\u00f3n de los cuerpos y de la revisi\u00f3n forense de los rehenes vivos liberados.<\/p>\n<p>\nD\u00edas de emoci\u00f3n y presi\u00f3n\n<\/p>\n<p class=\"voc-p\" style=\"\">La primera vez que hablamos con Nachamn, la labor principal en la que estaba inmerso era el reconocimiento de los cad\u00e1veres que Ham\u00e1s hab\u00eda dejado en los <strong>kibutzs<\/strong> despu\u00e9s del ataque del 7 de octubre. Un trabajo que les llev\u00f3 varios meses debido a las atrocidades que el grupo hab\u00eda realizado a los cuerpos, sobre todo por el hecho de haberlos quemado. Ahora, parece que el fin de la pesadilla est\u00e1 m\u00e1s cerca cuando logren identificar los 28 cad\u00e1veres. \u00abEste d\u00eda y los que vienen son de extrema emoci\u00f3n y tambi\u00e9n mucha presi\u00f3n\u00bb, asegura. <\/p>\n<p class=\"voc-p\" style=\"\">Su equipo: seis expertos en medicina forense, dos antrop\u00f3logas forenses, seis especialistas en <strong>ADN<\/strong> de los cuales dos son especialistas en ADN de huesos, dos fot\u00f3grafos y cinco auxiliares t\u00e9cnicos forenses, se enfrentan al \u00abtrabajo de nuestras vidas\u00bb.<\/p>\n<p class=\"voc-p\" style=\"\">\u00abHay dos asuntos: los rehenes entregados en vida y los cuerpos de los fallecidos que habr\u00e1 que ver cu\u00e1ndo los traen y cu\u00e1ntos\u00bb, explica Nachamn.<\/p>\n<p>\nEquipos psicol\u00f3gicos\n<\/p>\n<p class=\"voc-p\" style=\"\">Los rehenes con vida, ya repartidos por los tres hospitales, tendr\u00e1n que recibir un primer chequeo m\u00e9dico, el cual identifique todas las necesidades f\u00edsicas: malnutrici\u00f3n y cualquier dolencia f\u00edsica. Despu\u00e9s, el trabajo pasar\u00e1 a manos de los equipos psicol\u00f3gicos, quienes har\u00e1n una primera aproximaci\u00f3n de la salud mental de los rehenes. Todo lo que han visto, o\u00eddo y sobre todo, sufrido en sus propias carnes \u00abhabr\u00e1n hecho una profunda mella en su salud mental\u00bb, asegura <strong>Guido Liberman<\/strong>, un psicoanalista que trabaja con el foro de rehenes. <\/p>\n<p><img decoding=\"async\" loading=\"lazy\" src=\"https:\/\/www.europesays.com\/es\/wp-content\/uploads\/2025\/10\/miran-reuters-kGMB--760x427@diario_abc.jpg\" class=\"voc-img\" width=\"760\" height=\"427\" alt=\"Omri Miran, liberado tras m\u00e1s de dos a\u00f1os de cautivero, abraza a su esposa\" data-voc-vtm-id=\"in-text-traffic\"\/><\/p>\n<p>Omri Miran, liberado tras m\u00e1s de dos a\u00f1os de cautivero, abraza a su esposa<\/p>\n<p>Reuters<\/p>\n<p class=\"voc-p\" style=\"\">Hace apenas cuatro d\u00edas, en un acto organizado por el foro, el profesor <strong>Hagai Levine<\/strong>, jefe del equipo de salud del grupo, aseguraba sobre los rehenes que \u00abcuanto m\u00e1s tiempo (pasen) en cautiverio, m\u00e1s da\u00f1o, psicol\u00f3gico y f\u00edsico\u00bb, sufrir\u00edan. Tras la \u00faltima liberaci\u00f3n de rehenes del cautiverio en febrero, \u00aben los primeros d\u00edas, la gente piensa que porque los rehenes caminan, porque hablan, tal vez la situaci\u00f3n no es tan mala\u00bb. Pero, continu\u00f3, \u00abnos dimos cuenta con el tiempo de que existen lesiones internas como problemas renales, neurol\u00f3gicos y card\u00edacos que pueden agravarse, incluyendo un envejecimiento acelerado\u00bb. Ah\u00ed es donde el trabajo de<strong> los equipos psicol\u00f3gicos es clave. <\/strong><\/p>\n<p class=\"voc-p\" style=\"\">Una vez que hayan pasado por estos dos chequeos, entran en juego el equipo de Nachaman. Cuando se trata de este tipo de casos con secuestros de este tipo, es necesaria la intervenci\u00f3n de los forenses. \u00abEl papel de la medicina forense aqu\u00ed es tomar datos necesarios para catalogar los posibles cr\u00edmenes de guerra o de lesa humanidad que pueda haber. El m\u00e9dico forense toma datos de todo el proceso de secuestro y se toman tambi\u00e9n fotos, si es que hay marcas de esas violaciones, para despu\u00e9s certificar que ha habido torturas\u00bb, explica Nichaman. <\/p>\n<p>\nIdentificaci\u00f3n de cuerpos\n<\/p>\n<p class=\"voc-p\" style=\"\">Con los <strong>cad\u00e1veres<\/strong> el trabajo es mucho m\u00e1s complejo. \u00abSeguramente los rehenes muertos llevar\u00e1n sin vida desde el 7 de octubre y sus cuerpos no habr\u00e1n sido preservados de forma digna, as\u00ed que va a ser muy complicado ahora este trabajo de identificaci\u00f3n\u00bb, asegura el responsable. Toda esa labor se llevar\u00e1 a cabo en el Instituto de Estudios de Medicina de Israel. \u00abNo sabemos si algunos cuerpos han sido sepultados y si los sacan de la sepultura, si van a volver todas las partes del cuerpo de cada uno. Tampoco si contaremos con las dentaduras, fundamentales para la identificaci\u00f3n\u00bb. <\/p>\n<p class=\"voc-p\" style=\"\">Todo un reto para este equipo de forenses. Este reto se ha convertido en la angustia de las familias de los secuestrados fallecidos. \u00abLa alegr\u00eda por la liberaci\u00f3n de los vivos y de la vuelta de los cad\u00e1veres se mezcla con la angustia de ver a qui\u00e9n devuelven y c\u00f3mo\u00bb, apunta el psicoanalista. El final parece estar cerca, pero a\u00fan queda un largo camino para que puedan empezar a cerrarse las heridas que se abrieron ese <strong>7 de octubre<\/strong>. <\/p>\n","protected":false},"excerpt":{"rendered":"Lo que parec\u00eda imposible, ayer sucedi\u00f3. Parec\u00eda imposible que Gali y Ziv Berman, hermanos gemelos de 28 a\u00f1os,&hellip;\n","protected":false},"author":2,"featured_media":176076,"comment_status":"","ping_status":"","sticky":false,"template":"","format":"standard","meta":{"footnotes":""},"categories":[42],"tags":[17,18,5141,13,14,11070,11,61,62,63,64,19,20,50502,9,10,15,16,50504,50503,12651,12,21,22,2606,865,65,66,67],"class_list":{"0":"post-176075","1":"post","2":"type-post","3":"status-publish","4":"format-standard","5":"has-post-thumbnail","7":"category-internacional","8":"tag-breaking-news","9":"tag-breakingnews","10":"tag-camino","11":"tag-featured-news","12":"tag-featurednews","13":"tag-forenses","14":"tag-headlines","15":"tag-internacional","16":"tag-international","17":"tag-international-news","18":"tag-internationalnews","19":"tag-latest-news","20":"tag-latestnews","21":"tag-liberados","22":"tag-news","23":"tag-noticias","24":"tag-noticias-destacadas","25":"tag-noticiasdestacadas","26":"tag-psicologos","27":"tag-reclusion","28":"tag-rehenes","29":"tag-titulares","30":"tag-ultimas-noticias","31":"tag-ultimasnoticias","32":"tag-vida","33":"tag-volver","34":"tag-world","35":"tag-world-news","36":"tag-worldnews"},"share_on_mastodon":{"url":"","error":""},"_links":{"self":[{"href":"https:\/\/www.europesays.com\/es\/wp-json\/wp\/v2\/posts\/176075","targetHints":{"allow":["GET"]}}],"collection":[{"href":"https:\/\/www.europesays.com\/es\/wp-json\/wp\/v2\/posts"}],"about":[{"href":"https:\/\/www.europesays.com\/es\/wp-json\/wp\/v2\/types\/post"}],"author":[{"embeddable":true,"href":"https:\/\/www.europesays.com\/es\/wp-json\/wp\/v2\/users\/2"}],"replies":[{"embeddable":true,"href":"https:\/\/www.europesays.com\/es\/wp-json\/wp\/v2\/comments?post=176075"}],"version-history":[{"count":0,"href":"https:\/\/www.europesays.com\/es\/wp-json\/wp\/v2\/posts\/176075\/revisions"}],"wp:featuredmedia":[{"embeddable":true,"href":"https:\/\/www.europesays.com\/es\/wp-json\/wp\/v2\/media\/176076"}],"wp:attachment":[{"href":"https:\/\/www.europesays.com\/es\/wp-json\/wp\/v2\/media?parent=176075"}],"wp:term":[{"taxonomy":"category","embeddable":true,"href":"https:\/\/www.europesays.com\/es\/wp-json\/wp\/v2\/categories?post=176075"},{"taxonomy":"post_tag","embeddable":true,"href":"https:\/\/www.europesays.com\/es\/wp-json\/wp\/v2\/tags?post=176075"}],"curies":[{"name":"wp","href":"https:\/\/api.w.org\/{rel}","templated":true}]}}