{"id":176081,"date":"2025-10-14T11:46:10","date_gmt":"2025-10-14T11:46:10","guid":{"rendered":"https:\/\/www.europesays.com\/es\/176081\/"},"modified":"2025-10-14T11:46:10","modified_gmt":"2025-10-14T11:46:10","slug":"el-bm-alcobendas-sera-el-primer-rival-del-rebi-cuenca-en-la-copa-del-rey","status":"publish","type":"post","link":"https:\/\/www.europesays.com\/es\/176081\/","title":{"rendered":"El BM Alcobendas ser\u00e1 el primer rival del REBI Cuenca en la Copa del Rey"},"content":{"rendered":"<p>            <a href=\"https:\/\/www.vocesdecuenca.com\/wp-content\/uploads\/2025\/09\/G0vyO7dXIAAfX3j.jpg\" data-caption=\"Choque del REBI contra el Torrelavega. FOTO: REBI Cuenca\" rel=\"nofollow noopener\" target=\"_blank\"><img loading=\"lazy\" decoding=\"async\" width=\"696\" height=\"539\" class=\"entry-thumb td-modal-image\" src=\"https:\/\/www.europesays.com\/es\/wp-content\/uploads\/2025\/09\/G0vyO7dXIAAfX3j-696x539.jpg\"   alt=\"\" title=\"G0vyO7dXIAAfX3j\"\/><\/a>Choque del REBI contra el Torrelavega. FOTO: REBI Cuenca            <\/p>\n<p>El Balonmano Alcobendas ser\u00e1 el rival del REBI Cuenca en la primera ronda de la Copa del Rey, seg\u00fan ha dictaminado el sorteo celebrado este martes. La eliminatoria, a partido \u00fanico, se disputar\u00e1 el pr\u00f3ximo 5 de noviembre en la localidad madrile\u00f1a ya que el reglamento establece que se juegue en el equipo de peor categor\u00eda o clasificaci\u00f3n.<\/p>\n<p>El Alcobendas es actualmente colista de Divisi\u00f3n de Honor B y es un viejo conocido de los conquenses, con los que protagonizaron intensos choques en etapas en la Liga Asobal.<\/p>\n<p><a data-no-instant=\"1\" href=\"https:\/\/whatsapp.com\/channel\/0029VaD2SD290x2mceoEFD0M\" rel=\"noopener nofollow\" class=\"a2t-link\" target=\"_blank\" aria-label=\"VOCES DE CUENCA CANAL WHATSAPP (2)\"><img loading=\"lazy\" decoding=\"async\" src=\"https:\/\/www.europesays.com\/es\/wp-content\/uploads\/2025\/10\/VOCES-DE-CUENCA-CANAL-WHATSAPP-2.gif\" alt=\"\" width=\"692\" height=\"120\"\/><\/a><\/p>\n<p>Lidio Jim\u00e9nez, el entrenador del REBI Cuenca, ha destacado que se trata de un viaje cercano, \u00abalgo que siempre se agradece con la plantilla tan limitada que tenemos\u00bb. Ha indicado que su rival \u00abtiene poco que perder y much\u00edsimo que ganar\u00bb y seguro que pone mucha \u00abilusi\u00f3n\u00bb de hacer un buen partido contra un equipo de superior categor\u00eda.<\/p>\n<p>Ha enfatizado que \u00abno se puede pensar que vas a ganar antes de bajarte del autob\u00fas\u00bb, y m\u00e1s con las condiciones actuales de lesionados, porque la experiencia demuestra que \u00abse trata de partidos muy complicados en los que hay que poner los cinco sentidos\u00bb.<\/p>\n<p>La eliminatoria del 5 de noviembre ser\u00e1 la primera que tendr\u00e1 que superar el Rebi Cuenca para acceder a la final de la Copa del Rey, que se disputar\u00e1 en la ciudad de Alicante del 5 al 7 de junio del a\u00f1o que viene. <\/p>\n","protected":false},"excerpt":{"rendered":"Choque del REBI contra el Torrelavega. FOTO: REBI Cuenca El Balonmano Alcobendas ser\u00e1 el rival del REBI Cuenca&hellip;\n","protected":false},"author":2,"featured_media":138495,"comment_status":"","ping_status":"","sticky":false,"template":"","format":"standard","meta":{"footnotes":""},"categories":[278],"tags":[376,168,25,24,375,23,167],"class_list":{"0":"post-176081","1":"post","2":"type-post","3":"status-publish","4":"format-standard","5":"has-post-thumbnail","7":"category-balonmano","8":"tag-balonmano","9":"tag-deportes","10":"tag-es","11":"tag-espana","12":"tag-handball","13":"tag-spain","14":"tag-sports"},"share_on_mastodon":{"url":"","error":""},"_links":{"self":[{"href":"https:\/\/www.europesays.com\/es\/wp-json\/wp\/v2\/posts\/176081","targetHints":{"allow":["GET"]}}],"collection":[{"href":"https:\/\/www.europesays.com\/es\/wp-json\/wp\/v2\/posts"}],"about":[{"href":"https:\/\/www.europesays.com\/es\/wp-json\/wp\/v2\/types\/post"}],"author":[{"embeddable":true,"href":"https:\/\/www.europesays.com\/es\/wp-json\/wp\/v2\/users\/2"}],"replies":[{"embeddable":true,"href":"https:\/\/www.europesays.com\/es\/wp-json\/wp\/v2\/comments?post=176081"}],"version-history":[{"count":0,"href":"https:\/\/www.europesays.com\/es\/wp-json\/wp\/v2\/posts\/176081\/revisions"}],"wp:featuredmedia":[{"embeddable":true,"href":"https:\/\/www.europesays.com\/es\/wp-json\/wp\/v2\/media\/138495"}],"wp:attachment":[{"href":"https:\/\/www.europesays.com\/es\/wp-json\/wp\/v2\/media?parent=176081"}],"wp:term":[{"taxonomy":"category","embeddable":true,"href":"https:\/\/www.europesays.com\/es\/wp-json\/wp\/v2\/categories?post=176081"},{"taxonomy":"post_tag","embeddable":true,"href":"https:\/\/www.europesays.com\/es\/wp-json\/wp\/v2\/tags?post=176081"}],"curies":[{"name":"wp","href":"https:\/\/api.w.org\/{rel}","templated":true}]}}