{"id":176082,"date":"2025-10-14T11:47:08","date_gmt":"2025-10-14T11:47:08","guid":{"rendered":"https:\/\/www.europesays.com\/es\/176082\/"},"modified":"2025-10-14T11:47:08","modified_gmt":"2025-10-14T11:47:08","slug":"rompen-jorge-martinez-y-ruiz-manuel-despues-de-4-anos-de-relacion-profesional","status":"publish","type":"post","link":"https:\/\/www.europesays.com\/es\/176082\/","title":{"rendered":"Rompen Jorge Mart\u00ednez y Ruiz Manuel despu\u00e9s de 4 a\u00f1os de relaci\u00f3n profesional"},"content":{"rendered":"<p><strong>El matador de toros Jorge Mart\u00ednez y su apoderado hasta el d\u00eda de hoy \u00e9l tambi\u00e9n matador de toros Ruiz Manuel han dado por terminada su relaci\u00f3n de apoderamiento que los un\u00eda desde el a\u00f1o 2021.<\/strong><\/p>\n<p>\u00a0<\/p>\n<p>Ambos ha coincidido en comunicar que la ruptura ha sido de forma totalmente amistosa. El matador de toros naci\u00f3 en la localidad murciana de Totana, pero toda su carrera la ha realizado en Almer\u00eda y a las \u00f3rdenes del mencionado <strong>Ruiz Manuel<\/strong>.<\/p>\n<p>Debut\u00f3 con los del castore\u00f1o en la localidad jienense de Pegalajar. Tom\u00f3 la Alternativa en la plaza de toros de Almer\u00eda el a\u00f1o 2023 con Juan Ortega como padrino y Roca Rey como testigo con toros de El Parralejo. Y confirmo en Madrid el a\u00f1o siguiente.<\/p>\n<p>Deseamos a ambos torero y apoderado lo mejor en sus respectivas carreras que comienzan a partir de ma\u00f1ana.<\/p>\n<p>Informaci\u00f3n : ROGELIO BURNAO. Almer\u00eda.<\/p>\n","protected":false},"excerpt":{"rendered":"El matador de toros Jorge Mart\u00ednez y su apoderado hasta el d\u00eda de hoy \u00e9l tambi\u00e9n matador de&hellip;\n","protected":false},"author":2,"featured_media":176083,"comment_status":"","ping_status":"","sticky":false,"template":"","format":"standard","meta":{"footnotes":""},"categories":[277],"tags":[373,168,25,24,23,167,374],"class_list":{"0":"post-176082","1":"post","2":"type-post","3":"status-publish","4":"format-standard","5":"has-post-thumbnail","7":"category-toreo","8":"tag-bullfighting","9":"tag-deportes","10":"tag-es","11":"tag-espana","12":"tag-spain","13":"tag-sports","14":"tag-toreo"},"share_on_mastodon":{"url":"","error":""},"_links":{"self":[{"href":"https:\/\/www.europesays.com\/es\/wp-json\/wp\/v2\/posts\/176082","targetHints":{"allow":["GET"]}}],"collection":[{"href":"https:\/\/www.europesays.com\/es\/wp-json\/wp\/v2\/posts"}],"about":[{"href":"https:\/\/www.europesays.com\/es\/wp-json\/wp\/v2\/types\/post"}],"author":[{"embeddable":true,"href":"https:\/\/www.europesays.com\/es\/wp-json\/wp\/v2\/users\/2"}],"replies":[{"embeddable":true,"href":"https:\/\/www.europesays.com\/es\/wp-json\/wp\/v2\/comments?post=176082"}],"version-history":[{"count":0,"href":"https:\/\/www.europesays.com\/es\/wp-json\/wp\/v2\/posts\/176082\/revisions"}],"wp:featuredmedia":[{"embeddable":true,"href":"https:\/\/www.europesays.com\/es\/wp-json\/wp\/v2\/media\/176083"}],"wp:attachment":[{"href":"https:\/\/www.europesays.com\/es\/wp-json\/wp\/v2\/media?parent=176082"}],"wp:term":[{"taxonomy":"category","embeddable":true,"href":"https:\/\/www.europesays.com\/es\/wp-json\/wp\/v2\/categories?post=176082"},{"taxonomy":"post_tag","embeddable":true,"href":"https:\/\/www.europesays.com\/es\/wp-json\/wp\/v2\/tags?post=176082"}],"curies":[{"name":"wp","href":"https:\/\/api.w.org\/{rel}","templated":true}]}}