{"id":176088,"date":"2025-10-14T11:57:25","date_gmt":"2025-10-14T11:57:25","guid":{"rendered":"https:\/\/www.europesays.com\/es\/176088\/"},"modified":"2025-10-14T11:57:25","modified_gmt":"2025-10-14T11:57:25","slug":"ken-follett-presenta-su-nueva-novela-el-circulo-de-los-dias-no-escribo-libros-para-ensenar-a-la-gente-lecciones","status":"publish","type":"post","link":"https:\/\/www.europesays.com\/es\/176088\/","title":{"rendered":"Ken Follett presenta su nueva novela \u2018El c\u00edrculo de los d\u00edas\u2019: \u201cNo escribo libros para ense\u00f1ar a la gente lecciones\u201d"},"content":{"rendered":"<p>Con motivo de la publicaci\u00f3n de su esperada novela \u2018El c\u00edrculo de los d\u00edas\u2019 (Plaza &amp; Jan\u00e9s), <a href=\"https:\/\/www.vozpopuli.com\/altavoz\/cultura\/ken-follett-vuelve-con-el-circulo-de-los-dias-una-novela-inspirada-en-el-misterio-de-stonehenge.html\" rel=\"nofollow noopener\" target=\"_blank\">Ken Follett<\/a> visit\u00f3 Espa\u00f1a para presentar una obra que lo devuelve al centro del panorama literario internacional. En esta nueva epopeya, el autor gal\u00e9s se adentra en uno de los mayores enigmas de la humanidad: la construcci\u00f3n del monumento neol\u00edtico de Stonehenge.\u00a0<\/p>\n<p>Ambientada en la Era de la Esmeralda, hace 4.500 a\u00f1os,<strong> la novela narra la historia de un grupo de hombres y mujeres que emprenden la colosal tarea de erigir aquel c\u00edrculo de piedra. Entre ellos destacan Seft, un joven ingeniero encargado de resolver los desaf\u00edos t\u00e9cnicos del traslado de los megalitos<\/strong>, y Joia, una carism\u00e1tica l\u00edder capaz de movilizar a cientos de personas para cumplir una misi\u00f3n que parece imposible. A trav\u00e9s de sus vidas,<strong> Follett imagina el origen de uno de los grandes misterios de la historia <\/strong>y reconstruye un mundo en el que la fe, el poder y la cooperaci\u00f3n colectiva marcaron el nacimiento de la civilizaci\u00f3n.<\/p>\n<p>El lanzamiento, uno de los m\u00e1s importantes de la temporada editorial, ha generado una gran expectaci\u00f3n entre los lectores. Follett,<strong> con m\u00e1s de 198 millones de ejemplares vendidos en 80 pa\u00edses y 40 idiomas, contin\u00faa siendo uno de los autores m\u00e1s le\u00eddos del mundo<\/strong>. En esta ocasi\u00f3n, cambia las catedrales medievales por los c\u00edrculos de piedra prehist\u00f3ricos para volver a contar la historia de \u201cgente corriente que hace cosas aparentemente imposibles\u201d.<\/p>\n<p>Dos h\u00e9roes y una misi\u00f3n imposible<\/p>\n<p>Follett explic\u00f3 que en \u2018El c\u00edrculo de los d\u00edas\u2019 <strong>hay \u201cdos personajes principales.<\/strong> Uno es un ingeniero que resuelve los problemas pr\u00e1cticos de traer estas enormes piedras a 30 kil\u00f3metros de Stony Valley donde se construye el monumento\u201d. El personaje se llama Seft, \u201cEs un ingeniero joven, talentoso, y es su trabajo resolver estos problemas\u201d.<\/p>\n<p>El segundo personaje principal es \u201cuna mujer joven, porque para atrapar estas piedras requiere de al menos 200 personas. As\u00ed que este es un movimiento social. Ten\u00eda que haber un personaje que liderara este movimiento social\u201d. Follett a\u00f1adi\u00f3: \u201cUno que persuadiera a las personas a dejar sus trabajos y sus casas y hacer esta pir\u00e1mide en Stony Valley y pasar d\u00edas atrapando estas piedras pesadas. As\u00ed que <strong>ten\u00eda que haber un personaje que fuera un gran l\u00edder. Alguien con gran carisma. Y esta es una mujer llamada Joia<\/strong>. Y cuando ella dice que todos vamos a Stony Valley y vamos a conseguir una de las piedras m\u00e1s grandes del mundo y la traemos aqu\u00ed, todos dicen s\u00ed, s\u00ed\u201d. El escritor confes\u00f3 que admira ese tipo de liderazgo: \u201cSabemos que hay algunas personas que tienen esa habilidad. Pueden hacer que la gente los siga\u201d.<\/p>\n<p>Preguntado sobre si es realista que una mujer fuera l\u00edder en una \u00e9poca como el Neol\u00edtico, Follett respondi\u00f3 sin dudar: \u201cS\u00ed. La gente de la Era de la Esmeralda estudi\u00f3 los movimientos del sol, la luna y las estrellas. Y esto es com\u00fan en muchas civilizaciones. La civilizaci\u00f3n egipcia y otras civilizaciones\u2026 El estudio de los cielos se llev\u00f3 a cabo por los sacerdotes. La religi\u00f3n y el estudio de los cielos siempre se unieron. Entonces, al principio pens\u00e9 que las personas que estudian los cielos en Stonehenge ser\u00edan sacerdotes. Y<strong> luego pens\u00e9 que todos creen que en la historia los hombres hicieron todo. Pero no es cierto. Las mujeres hicieron cosas en la historia.<\/strong> Entonces, \u00bfpor qu\u00e9 deber\u00edan ser sacerdotes? Les voy a hacer sacerdotisas\u201d.<\/p>\n<p>Follett describi\u00f3 los posibles prop\u00f3sitos del monumento: \u201cSabemos que hab\u00eda mercados en Stonehenge. Es muy probable que fuera el sitio de un mercado muy grande. Y finalmente, la tercera raz\u00f3n, y esto es mucho m\u00e1s ingenuo, pero deben haber tenido un calendario. Porque sab\u00edan cu\u00e1ndo era el mediod\u00eda y la medianoche. Deben haber tenido un modo de marcar los d\u00edas. Pero no hab\u00eda papel. No pod\u00edan escribir. No hab\u00edan inventado la escritura. Entonces, \u00bfc\u00f3mo mantuvieron un calendario?<strong> Una teor\u00eda, y es solo una teor\u00eda, pero una teor\u00eda que algunos arque\u00f3logos creen, es que Stonehenge fue el calendario\u201d.<\/strong> Y a\u00f1adi\u00f3: \u201cSe puede imaginar este c\u00edrculo, treinta piedras rectas en un c\u00edrculo. Pueden haber sido los meses del a\u00f1o, o los d\u00edas en un mes, o las semanas en un a\u00f1o. Es f\u00e1cil imaginar c\u00f3mo Stonehenge podr\u00eda haber sido un calendario. Esa es la tercera funci\u00f3n. La m\u00e1s controversial, el hecho de que es religioso y el hecho de que es un mercado, est\u00e1 muy aceptado por los arque\u00f3logos. Si es un calendario es para discusi\u00f3n. Pero creo que esos ser\u00edan los tres prop\u00f3sitos por los que Stonehenge fue construido\u201d.<\/p>\n<p>\u201cNo escribo libros para ense\u00f1ar lecciones\u201d<\/p>\n<p>El escritor tambi\u00e9n reflexion\u00f3 sobre su oficio:<strong> \u201cSoy un escritor porque nac\u00ed con una imaginaci\u00f3n y la he usado durante los a\u00f1os.<\/strong> En realidad, nada de escribir una novela es f\u00e1cil, pero realmente no es muy dif\u00edcil imaginar a la gente del siglo XIX, su religi\u00f3n, lo que com\u00edan, sus relaciones, relaciones entre amantes, relaciones entre adultos y ni\u00f1os, etc. En realidad, todo eso es lo que hago todos los d\u00edas\u201d.<\/p>\n<p>Y aclar\u00f3: <strong>\u201cNo escribo libros para ense\u00f1ar a la gente lecciones. Las lecciones no son parte de lo que hago<\/strong>. Las personas que leen libros son gente inteligente y bien informada y no quieren que les diga qu\u00e9 pensar. No soy m\u00e1s inteligente que mis lectores. Mis lectores son gente muy inteligente. As\u00ed que no intento ense\u00f1ar lecciones en mis historias\u201d.<\/p>\n<p>De Netflix al Nobel<\/p>\n<p>Sobre una posible adaptaci\u00f3n audiovisual, Follett asegur\u00f3: <strong>\u201cSiempre estoy contento de que mis historias sean adaptadas a una serie de televisi\u00f3n, o a pel\u00edculas o musicales. <\/strong>Es genial. Me gusta verlo. Es un complemento a mi historia si puede ser adaptado a un medio diferente. Por ejemplo, estoy muy contento de ver el musical espa\u00f1ol de \u2018Los pilares de la Tierra\u2019, porque es un gran musical, es popular, la gente lo ama, y todav\u00eda es mi historia, as\u00ed que puedo sentirme orgulloso de ello\u201d.<\/p>\n<p>Con humor brit\u00e1nico, a\u00f1adi\u00f3: \u201cSin embargo, realmente no entiendo Hollywood. Tengo un agente de Hollywood y le digo que esta historia har\u00eda una maravillosa serie de televisi\u00f3n en Netflix. A veces compran una opci\u00f3n, a veces dicen que har\u00e1n esta historia y luego no lo hacen. Entiendo de los libros, entiendo por qu\u00e9 son buenos y por qu\u00e9 a veces fallan. Pero cuando se trata de hacer pel\u00edculas, es un mundo diferente. As\u00ed que no puedo esperar nada\u201d. <strong>En cuanto al Premio Nobel de Literatura, Follett fue tan claro como ir\u00f3nico<\/strong>: \u201cLa gente que recibe el Nobel tiene una concepci\u00f3n de la literatura que yo no tengo\u201d, afirm\u00f3. \u201cDefinitivamente no. Las personas que ganan el Nobel tienen su propia concepci\u00f3n de literatura, como yo. Y no son iguales\u201d.\u00a0<\/p>\n<p>Con \u2018El c\u00edrculo de los d\u00edas\u2019, Ken Follett vuelve a demostrar por qu\u00e9 es uno de los grandes narradores populares de nuestro tiempo. Desde las catedrales medievales hasta los c\u00edrculos de piedra del Neol\u00edtico, su literatura sigue explorando lo que une a los seres humanos a trav\u00e9s de los siglos: la ambici\u00f3n, la fe, el ingenio y la capacidad de crear juntos algo que los trascienda. En un mundo que cambia sin cesar, Follett recuerda que las preguntas esenciales siguen siendo las mismas, y que la piedra m\u00e1s antigua puede contener todav\u00eda el pulso del presente.<\/p>\n","protected":false},"excerpt":{"rendered":"Con motivo de la publicaci\u00f3n de su esperada novela \u2018El c\u00edrculo de los d\u00edas\u2019 (Plaza &amp; Jan\u00e9s), Ken&hellip;\n","protected":false},"author":2,"featured_media":176089,"comment_status":"","ping_status":"","sticky":false,"template":"","format":"standard","meta":{"footnotes":""},"categories":[172],"tags":[224,146,147,25,24,225,23],"class_list":{"0":"post-176088","1":"post","2":"type-post","3":"status-publish","4":"format-standard","5":"has-post-thumbnail","7":"category-libros","8":"tag-books","9":"tag-entertainment","10":"tag-entretenimiento","11":"tag-es","12":"tag-espana","13":"tag-libros","14":"tag-spain"},"share_on_mastodon":{"url":"","error":""},"_links":{"self":[{"href":"https:\/\/www.europesays.com\/es\/wp-json\/wp\/v2\/posts\/176088","targetHints":{"allow":["GET"]}}],"collection":[{"href":"https:\/\/www.europesays.com\/es\/wp-json\/wp\/v2\/posts"}],"about":[{"href":"https:\/\/www.europesays.com\/es\/wp-json\/wp\/v2\/types\/post"}],"author":[{"embeddable":true,"href":"https:\/\/www.europesays.com\/es\/wp-json\/wp\/v2\/users\/2"}],"replies":[{"embeddable":true,"href":"https:\/\/www.europesays.com\/es\/wp-json\/wp\/v2\/comments?post=176088"}],"version-history":[{"count":0,"href":"https:\/\/www.europesays.com\/es\/wp-json\/wp\/v2\/posts\/176088\/revisions"}],"wp:featuredmedia":[{"embeddable":true,"href":"https:\/\/www.europesays.com\/es\/wp-json\/wp\/v2\/media\/176089"}],"wp:attachment":[{"href":"https:\/\/www.europesays.com\/es\/wp-json\/wp\/v2\/media?parent=176088"}],"wp:term":[{"taxonomy":"category","embeddable":true,"href":"https:\/\/www.europesays.com\/es\/wp-json\/wp\/v2\/categories?post=176088"},{"taxonomy":"post_tag","embeddable":true,"href":"https:\/\/www.europesays.com\/es\/wp-json\/wp\/v2\/tags?post=176088"}],"curies":[{"name":"wp","href":"https:\/\/api.w.org\/{rel}","templated":true}]}}