{"id":176101,"date":"2025-10-14T12:05:10","date_gmt":"2025-10-14T12:05:10","guid":{"rendered":"https:\/\/www.europesays.com\/es\/176101\/"},"modified":"2025-10-14T12:05:10","modified_gmt":"2025-10-14T12:05:10","slug":"encuentro-de-profesionales-de-i-de-en-castilla-y-leon","status":"publish","type":"post","link":"https:\/\/www.europesays.com\/es\/176101\/","title":{"rendered":"Encuentro de profesionales de i-DE en Castilla y Le\u00f3n"},"content":{"rendered":"<p>Castilla y Le\u00f3n acogi\u00f3 la 22 edici\u00f3n del encuentro del negocio de Redes de <a href=\"https:\/\/www.i-de.es\/\" rel=\"nofollow noopener\" target=\"_blank\">i-DE<\/a>, la distribuidora de <a href=\"https:\/\/www.iberdrola.es\/\" target=\"_blank\" rel=\"noreferrer noopener nofollow\">Iberdrola<\/a> en Espa\u00f1a, que reuni\u00f3 a m\u00e1s de 400 empleados y estuvo presidida por \u00d3scar Villanueva, director de i-DE en la regi\u00f3n Oeste, junto a los jefes del Negocio de Red en \u00c1vila, Burgos, Le\u00f3n, Palencia, Salamanca, Soria, Valladolid y Zamora. Durante la jornada se puso en valor la electrificaci\u00f3n de la econom\u00eda como estrategia para la sostenibilidad y la eficiencia.<\/p>\n<p>En su intervenci\u00f3n, Villanueva subray\u00f3: <strong>\u201ctenemos ante nosotros una gran oportunidad para industrializar el pa\u00eds de forma sostenible, apostando por la electrificaci\u00f3n de actividades que hoy dependen de recursos f\u00f3siles\u201d<\/strong>. Asimismo, se\u00f1al\u00f3: <strong>\u201cesta transformaci\u00f3n nos permitir\u00e1 reducir las emisiones de gases contaminantes que da\u00f1an el medio ambiente y aceleran el cambio clim\u00e1tico. Iniciativas como el impulso al veh\u00edculo el\u00e9ctrico o el uso de electricidad para generar calor en entornos residenciales e industriales, son ejemplos claros de c\u00f3mo podemos avanzar hacia un modelo m\u00e1s limpio, eficiente y comprometido con el futuro del planeta\u201d<\/strong>.<\/p>\n<p>Beneficios de la transici\u00f3n energ\u00e9tica<\/p>\n<p>El encuentro tambi\u00e9n destac\u00f3 que la transici\u00f3n energ\u00e9tica aporta grandes beneficios tanto a nivel nacional como regional, gracias a nuestros abundantes recursos naturales -sol, viento y agua- esenciales para generar energ\u00eda limpia y competitiva. Es fundamental aprovecharlos mediante tecnolog\u00edas renovables y sistemas de almacenamiento.<\/p>\n<p>Con ese marco, los responsables de i-DE incidieron en que todas las industrias en crecimiento necesitar\u00e1n m\u00e1s electricidad, lo que obliga a incrementar las inversiones en redes: <strong>\u201ces necesario conocer las nuevas reglas del juego para construir el plan de negocio con el que afrontar con ambici\u00f3n este nuevo per\u00edodo (2026-31) y en ese escenario las redes el\u00e9ctricas inteligentes son la columna vertebral para hacer posible la transici\u00f3n energ\u00e9tica, ya que integran las renovables y conectan los grandes proyectos industriales\u201d<\/strong>.<\/p>\n<p>Por su parte, Villanueva concluy\u00f3: <strong>\u201capostar por la electrificaci\u00f3n y por unas redes modernas y resilientes es una condici\u00f3n indispensable para lograr la descarbonizaci\u00f3n de la econom\u00eda, avanzar en la transici\u00f3n energ\u00e9tica y garantizar un futuro sostenible, competitivo y de calidad para la sociedad\u201d<\/strong>.<\/p>\n<p>Castilla y Le\u00f3n Econ\u00f3mica<\/p>\n","protected":false},"excerpt":{"rendered":"Castilla y Le\u00f3n acogi\u00f3 la 22 edici\u00f3n del encuentro del negocio de Redes de i-DE, la distribuidora de&hellip;\n","protected":false},"author":2,"featured_media":176102,"comment_status":"","ping_status":"","sticky":false,"template":"","format":"standard","meta":{"footnotes":""},"categories":[80],"tags":[82,95,94,25,24,50505,7131,23],"class_list":{"0":"post-176101","1":"post","2":"type-post","3":"status-publish","4":"format-standard","5":"has-post-thumbnail","7":"category-economia","8":"tag-business","9":"tag-economia","10":"tag-economy","11":"tag-es","12":"tag-espana","13":"tag-i-de","14":"tag-iberdrola","15":"tag-spain"},"share_on_mastodon":{"url":"","error":""},"_links":{"self":[{"href":"https:\/\/www.europesays.com\/es\/wp-json\/wp\/v2\/posts\/176101","targetHints":{"allow":["GET"]}}],"collection":[{"href":"https:\/\/www.europesays.com\/es\/wp-json\/wp\/v2\/posts"}],"about":[{"href":"https:\/\/www.europesays.com\/es\/wp-json\/wp\/v2\/types\/post"}],"author":[{"embeddable":true,"href":"https:\/\/www.europesays.com\/es\/wp-json\/wp\/v2\/users\/2"}],"replies":[{"embeddable":true,"href":"https:\/\/www.europesays.com\/es\/wp-json\/wp\/v2\/comments?post=176101"}],"version-history":[{"count":0,"href":"https:\/\/www.europesays.com\/es\/wp-json\/wp\/v2\/posts\/176101\/revisions"}],"wp:featuredmedia":[{"embeddable":true,"href":"https:\/\/www.europesays.com\/es\/wp-json\/wp\/v2\/media\/176102"}],"wp:attachment":[{"href":"https:\/\/www.europesays.com\/es\/wp-json\/wp\/v2\/media?parent=176101"}],"wp:term":[{"taxonomy":"category","embeddable":true,"href":"https:\/\/www.europesays.com\/es\/wp-json\/wp\/v2\/categories?post=176101"},{"taxonomy":"post_tag","embeddable":true,"href":"https:\/\/www.europesays.com\/es\/wp-json\/wp\/v2\/tags?post=176101"}],"curies":[{"name":"wp","href":"https:\/\/api.w.org\/{rel}","templated":true}]}}