{"id":176108,"date":"2025-10-14T12:09:08","date_gmt":"2025-10-14T12:09:08","guid":{"rendered":"https:\/\/www.europesays.com\/es\/176108\/"},"modified":"2025-10-14T12:09:08","modified_gmt":"2025-10-14T12:09:08","slug":"fechas-y-horarios-confirmados-para-la-tercera-ronda-de-la-ehf-european-cup","status":"publish","type":"post","link":"https:\/\/www.europesays.com\/es\/176108\/","title":{"rendered":"Fechas y horarios confirmados para la tercera ronda de la EHF European Cup"},"content":{"rendered":"<p>            <a href=\"https:\/\/www.merchanendirecto.es\/wp-content\/uploads\/2025\/10\/LY9A4711-1-scaled.webp\" data-caption=\"\" rel=\"nofollow noopener\" target=\"_blank\"><img loading=\"lazy\" decoding=\"async\" width=\"696\" height=\"464\" class=\"entry-thumb td-modal-image\" src=\"https:\/\/www.europesays.com\/es\/wp-content\/uploads\/2025\/10\/LY9A4711-1-696x464.webp.webp\"   alt=\"\" title=\"LY9A4711\"\/><\/a><\/p>\n<p><strong>El Costa del Sol M\u00e1laga disputar\u00e1 la ida en la pista del Haukar el 8 de noviembre y la vuelta una semana despu\u00e9s en Carranque tras llegar a un acuerdo ambos clubes<\/strong>.<\/p>\n<p>El Costa del Sol M\u00e1laga ya conoce fechas y horarios de la tercera ronda de la EHF European Cup, donde se jugar\u00e1 el pr\u00f3ximo mes un billete para estar entre los 16 mejores de la competici\u00f3n europea. El sorteo lo emparej\u00f3 con el Haukar island\u00e9s, con el que ha estado negociando en estos d\u00edas para dirimir el formato de la eliminatoria. Finalmente se disputar\u00e1 un partido en cada pa\u00eds, aunque el acuerdo incluye que se ha alterado el orden de los duelos, por lo que el segundo se disputar\u00e1 en casa para las panteras.<\/p>\n<p>La ida se celebrar\u00e1 el s\u00e1bado 8 de noviembre en el Ithrottamidstod Hauka Asvellir a las 20:15, hora espa\u00f1ola. La vuelta tendr\u00e1 lugar en Carranque una semana despu\u00e9s, el 15, a las 19:00. La trascendencia de los encuentros continentales ha provocado que tambi\u00e9n haya que encontrar una nueva ubicaci\u00f3n en el calendario a las jornadas 10 y 11 de la Liga Guerreras Iberdrola. As\u00ed, el equipo de Suso Gallardo visitar\u00e1 al KH-7 BM Granollers el mi\u00e9rcoles 5 a las 20:30 horas en el Palau d\u2019Esports de Granollers y recibir\u00e1 al Grafometal La Rioja el mi\u00e9rcoles 12 en la Ciudad Deportiva Javier Imbroda. Una hoja de ruta de exigencia m\u00e1xima antes del par\u00f3n internacional por el Campeonato del Mundo.<\/p>\n<p>Antes de afrontar este particular Tourmalet con protagonismo para la EHF European Cup, las panteras se enfrentar\u00e1n en Carranque al Mecalia Atl\u00e9tico Guard\u00e9s el pr\u00f3ximo 25 de octubre despu\u00e9s de los compromisos de selecciones de esta semana. Y m\u00e1s tarde tocar\u00e1 afrontar la visita al CBM Morvedre el mi\u00e9rcoles 29 y el recibimiento en casa el s\u00e1bado 1 de noviembre al Zonzamas Plus Car Lanzarote. Una hoja de ruta con muchas curvas.<\/p>\n","protected":false},"excerpt":{"rendered":"El Costa del Sol M\u00e1laga disputar\u00e1 la ida en la pista del Haukar el 8 de noviembre y&hellip;\n","protected":false},"author":2,"featured_media":176109,"comment_status":"","ping_status":"","sticky":false,"template":"","format":"standard","meta":{"footnotes":""},"categories":[278],"tags":[376,50506,168,25,24,375,4074,744,23,167],"class_list":{"0":"post-176108","1":"post","2":"type-post","3":"status-publish","4":"format-standard","5":"has-post-thumbnail","7":"category-balonmano","8":"tag-balonmano","9":"tag-costa-del-sol-malaga","10":"tag-deportes","11":"tag-es","12":"tag-espana","13":"tag-handball","14":"tag-horarios","15":"tag-polideportivo","16":"tag-spain","17":"tag-sports"},"share_on_mastodon":{"url":"","error":""},"_links":{"self":[{"href":"https:\/\/www.europesays.com\/es\/wp-json\/wp\/v2\/posts\/176108","targetHints":{"allow":["GET"]}}],"collection":[{"href":"https:\/\/www.europesays.com\/es\/wp-json\/wp\/v2\/posts"}],"about":[{"href":"https:\/\/www.europesays.com\/es\/wp-json\/wp\/v2\/types\/post"}],"author":[{"embeddable":true,"href":"https:\/\/www.europesays.com\/es\/wp-json\/wp\/v2\/users\/2"}],"replies":[{"embeddable":true,"href":"https:\/\/www.europesays.com\/es\/wp-json\/wp\/v2\/comments?post=176108"}],"version-history":[{"count":0,"href":"https:\/\/www.europesays.com\/es\/wp-json\/wp\/v2\/posts\/176108\/revisions"}],"wp:featuredmedia":[{"embeddable":true,"href":"https:\/\/www.europesays.com\/es\/wp-json\/wp\/v2\/media\/176109"}],"wp:attachment":[{"href":"https:\/\/www.europesays.com\/es\/wp-json\/wp\/v2\/media?parent=176108"}],"wp:term":[{"taxonomy":"category","embeddable":true,"href":"https:\/\/www.europesays.com\/es\/wp-json\/wp\/v2\/categories?post=176108"},{"taxonomy":"post_tag","embeddable":true,"href":"https:\/\/www.europesays.com\/es\/wp-json\/wp\/v2\/tags?post=176108"}],"curies":[{"name":"wp","href":"https:\/\/api.w.org\/{rel}","templated":true}]}}