{"id":176110,"date":"2025-10-14T12:10:17","date_gmt":"2025-10-14T12:10:17","guid":{"rendered":"https:\/\/www.europesays.com\/es\/176110\/"},"modified":"2025-10-14T12:10:17","modified_gmt":"2025-10-14T12:10:17","slug":"santander-siempre-espero-a-morante","status":"publish","type":"post","link":"https:\/\/www.europesays.com\/es\/176110\/","title":{"rendered":"Santander siempre esper\u00f3 a Morante"},"content":{"rendered":"<p>Morante, genio de nacimiento, torero de evoluci\u00f3n, s\u00ed puede presumir de haber salido de la pandemia m\u00e1s fuerte. Porque 2020 marca el paso de torero ( &#8230; bueno o extraordinario en funci\u00f3n de los gustos del consumidor) a icono, de generador de opini\u00f3n a reunificador de la cultura taurina en torno a su figura. Para esto s\u00ed da su historia, para que analicen su figura las universidades. <\/p>\n<p class=\"v-p\">La carrera del de La Puebla en Cantabria va paralela a su evoluci\u00f3n dentro de los ruedos, con una salvedad, le cost\u00f3 mucho llegar al coraz\u00f3n de los aficionados de Cuatro Caminos. Morante se estren\u00f3 en Santander como matador en 1998. Fue el inicio de una relaci\u00f3n con altibajos, con m\u00e1s bajos que altos, y que tuvo, incluso, momentos tensos debido a las broncas sufridas por el torero. Porque as\u00ed es Morante, o todo o nada. Triunfo o bronca, primer toro entre gritos, segundo entre aplausos. Una rutina que se repiti\u00f3 durante a\u00f1os, con ferias en la que incluso, siendo ya figura del toreo, no pis\u00f3 la capital c\u00e1ntabra. Pero, eso s\u00ed, cada vez que estaba acartelado, los aficionados volv\u00edan a la plaza una y otra vez. <\/p>\n<p class=\"v-p\">Una oreja por aqu\u00ed, una ovaci\u00f3n por all\u00e1, pero ning\u00fan triunfo rotundo hasta 2022. Para entonces Morante hab\u00eda hecho p\u00fablicos ya sus problemas con el trastorno bipolar que padece y el coste mental de ponerse delante de un toro, una relaci\u00f3n humano-animal imprescindible en la vida del sevillano. El diestro sali\u00f3 a hombros tras cortar dos orejas a un toro de Juan Pedro Domecq en una faena medida y cuidada de la nueva etapa art\u00edstica del genio. <\/p>\n<p class=\"v-p\">La cumbre, quiz\u00e1, de la relaci\u00f3n Morante-Cuatro Caminos lleg\u00f3 en 2024, con una reaparici\u00f3n y una faena que le hizo ser el triunfador del ciclo. No iba a estar, pero estuvo a su mejor nivel. A uno inalcanzable para el resto. Que su coleta fuera retirada y no cortada en el centro del ruedo de Las Ventas mantiene un halo de esperanza, de que su adi\u00f3s sea un hasta luego y que su \u00faltima aparici\u00f3n en Cantabria no se recuerde como un mano a mano con poco contenido. Pudo ser diferente, pero su ofrecimiento para sustituir a Cayetano en la \u00faltima tarde de 2025 choc\u00f3 con el triunfo del d\u00eda anterior del Cid. Y no pudo ser. No pasa nada, porque el morantismo tambi\u00e9n es un ejercicio de fe. Maestro, siempre le estaremos esperando.<\/p>\n","protected":false},"excerpt":{"rendered":"Morante, genio de nacimiento, torero de evoluci\u00f3n, s\u00ed puede presumir de haber salido de la pandemia m\u00e1s fuerte.&hellip;\n","protected":false},"author":2,"featured_media":176111,"comment_status":"","ping_status":"","sticky":false,"template":"","format":"standard","meta":{"footnotes":""},"categories":[277],"tags":[373,168,25,24,12694,780,964,369,23,167,374],"class_list":{"0":"post-176110","1":"post","2":"type-post","3":"status-publish","4":"format-standard","5":"has-post-thumbnail","7":"category-toreo","8":"tag-bullfighting","9":"tag-deportes","10":"tag-es","11":"tag-espana","12":"tag-espero","13":"tag-morante","14":"tag-santander","15":"tag-siempre","16":"tag-spain","17":"tag-sports","18":"tag-toreo"},"share_on_mastodon":{"url":"","error":""},"_links":{"self":[{"href":"https:\/\/www.europesays.com\/es\/wp-json\/wp\/v2\/posts\/176110","targetHints":{"allow":["GET"]}}],"collection":[{"href":"https:\/\/www.europesays.com\/es\/wp-json\/wp\/v2\/posts"}],"about":[{"href":"https:\/\/www.europesays.com\/es\/wp-json\/wp\/v2\/types\/post"}],"author":[{"embeddable":true,"href":"https:\/\/www.europesays.com\/es\/wp-json\/wp\/v2\/users\/2"}],"replies":[{"embeddable":true,"href":"https:\/\/www.europesays.com\/es\/wp-json\/wp\/v2\/comments?post=176110"}],"version-history":[{"count":0,"href":"https:\/\/www.europesays.com\/es\/wp-json\/wp\/v2\/posts\/176110\/revisions"}],"wp:featuredmedia":[{"embeddable":true,"href":"https:\/\/www.europesays.com\/es\/wp-json\/wp\/v2\/media\/176111"}],"wp:attachment":[{"href":"https:\/\/www.europesays.com\/es\/wp-json\/wp\/v2\/media?parent=176110"}],"wp:term":[{"taxonomy":"category","embeddable":true,"href":"https:\/\/www.europesays.com\/es\/wp-json\/wp\/v2\/categories?post=176110"},{"taxonomy":"post_tag","embeddable":true,"href":"https:\/\/www.europesays.com\/es\/wp-json\/wp\/v2\/tags?post=176110"}],"curies":[{"name":"wp","href":"https:\/\/api.w.org\/{rel}","templated":true}]}}