{"id":176119,"date":"2025-10-14T12:17:10","date_gmt":"2025-10-14T12:17:10","guid":{"rendered":"https:\/\/www.europesays.com\/es\/176119\/"},"modified":"2025-10-14T12:17:10","modified_gmt":"2025-10-14T12:17:10","slug":"aitor-ruibal-el-dorsal-mas-repetido-en-la-era-pellegrini","status":"publish","type":"post","link":"https:\/\/www.europesays.com\/es\/176119\/","title":{"rendered":"Aitor Ruibal El dorsal m\u00e1s repetido en la era Pellegrini"},"content":{"rendered":"<p style=\"\">Entre los capitanes del <strong>Betis<\/strong> para la temporada 25-26 se encuentra <strong>Aitor Ruibal<\/strong>, futbolista con una amplia trayectoria en verdiblanco. Con varios perfiles en las alineaciones. De lateral, como extremo e, incluso en ocasiones, como referente en la posici\u00f3n de delantero centro.  &#8230; Aitor debut\u00f3 con el primer equipo del Betis en diciembre de 2017, cuando<strong> Quique Seti\u00e9n<\/strong> era el entrenador verdiblanco. Jug\u00f3 los \u00faltimos minutos sustituyendo a <strong>Fabi\u00e1n<\/strong> en un partido de LaLiga en el Benito Villamar\u00edn ante el Atl\u00e9tico de Madrid. En la siguiente jornada tambi\u00e9n particip\u00f3 en los minutos finales del M\u00e1laga-Betis (0-2). Ah\u00ed se cerr\u00f3 el primer tramo de Aitor en las alineaciones verdiblancas. Fue cedido al Cartagena en mayo de 2018. El periplo sigui\u00f3 en el Rayo Majadahonda (temporada 18-19 en Segunda divisi\u00f3n) y Legan\u00e9s (curso 19-20 en Primera). En el verano de 2020, los caminos de Aitor y el primer equipo del Betis se encontraron de nuevo. No era un momento cualquiera. Comenzaba la <strong>era Manuel Pellegrini<\/strong> en Heli\u00f3polis.<\/p>\n<p class=\"voc-p\" style=\"\">13 de<strong> septiembre de 2020<\/strong>. Primera jornada de LaLiga, primer examen oficial para el Betis dirigido por el t\u00e9cnico chileno. Los futbolistas elegidos para ser titulares en el partido a domicilio ante el Alav\u00e9s fueron Bravo; Emerson, Bartra, Mandi, \u00c1lex Moreno; Guido, William Carvalho; Fekir, Joaqu\u00edn, Canales; y Borja Iglesias. En el minuto 66 lleg\u00f3 la oportunidad para Aitor sustituyendo a Joaqu\u00edn. En los \u00faltimos instantes, Tello marc\u00f3 el gol que hizo realidad el triunfo b\u00e9tico (0-1). Algo m\u00e1s de cinco a\u00f1os han transcurrido desde entonces. Hace dos semanas, Pellegrini se convirti\u00f3 en el entrenador que m\u00e1s partidos oficiales ha dirigido en la historia del Betis. Lleva un total de 266 y Aitor es en estos momentos el futbolista que m\u00e1s ha participado en lo que va de etapa del entrenador chileno en Heli\u00f3polis. El domingo, en el RCDE Stadium, Aitor fue suplente de inicio, sustituy\u00f3 a Antony a falta de un cuarto de hora para el 90 y alcanz\u00f3 entonces la cifra de <strong>179 partidos oficiales<\/strong> desde la llegada de Pellegrini al Betis.<\/p>\n<p class=\"voc-p\" style=\"\">El segundo futbolista con m\u00e1s encuentros en la era del t\u00e9cnico chileno en Heli\u00f3polis es <strong>William Carvalho<\/strong> con 167. El centrocampista portugu\u00e9s fich\u00f3 por el Betis en el verano de 2018 y estuvo un total de siete temporadas en el equipo verdiblanco. El tercer futbolista con m\u00e1s participaci\u00f3n en las alineaciones de la era Pellegrini tampoco sigue en la actualidad en el equipo b\u00e9tico. <strong>Guido Rodr\u00edguez<\/strong> lleg\u00f3 al Betis en el mercado invernal de la temporada 19-20, meses antes del fichaje de Pellegrini. Su etapa como futbolista verdiblanco termin\u00f3 en el verano de 2024 y en el transcurso de la era Pellegrini particip\u00f3 en un total de 158 partidos. De la actual plantilla, adem\u00e1s de Aitor, los futbolistas que tienen contabilizados m\u00e1s encuentros con el Betis dirigido por Pellegrini son <strong>Bartra (97) y Abde (91).<\/strong><\/p>\n<p class=\"voc-p\" style=\"\">Superado el primer tercio de aquella temporada 20-21 empez\u00f3 a tener Aitor continuidad en las alineaciones iniciales del equipo verdiblanco. Apareciendo normalmente por el costado derecho aunque tambi\u00e9n vari\u00f3 su posici\u00f3n en el sistema. Tiempo en el que tambi\u00e9n tuvo la oportunidad de ver porter\u00eda. Para el recuerdo el primer gol que marc\u00f3 con la camiseta del Betis, un gran lanzamiento desde fuera del \u00e1rea en el empate (1-1) con el <strong>Villarreal<\/strong> en el Benito Villamar\u00edn el 13 de diciembre de 2020. En la segunda vuelta de aquella temporada volvi\u00f3 a marcar Aitor, tambi\u00e9n en otro encuentro que acab\u00f3 1-1, en aquella ocasi\u00f3n en partido a domicilio con el Valladolid. <\/p>\n<p>11<br \/>\ngoles<\/p>\n<p class=\"voc-d-c-fignumber__desc\">Ha marcado Aitor desde su debut con el primer equipo b\u00e9tico <\/p>\n<p class=\"voc-p\" style=\"\">Once goles y 15 asistencias ha aportado Aitor al Betis dirigido por Pellegrini. Una media de participaci\u00f3n por temporada de al menos 30 partidos a excepci\u00f3n de la 23-24 cuando se qued\u00f3 en 28. El curso con m\u00e1s encuentros de Aitor en la era Pellegrini fue el 24-25. Tuvo minutos en 29 partidos de Primera divisi\u00f3n. Marc\u00f3 un gol y dio tres asistencias. Particip\u00f3 en dos partidos de Copa del Rey, en uno correspondiente a la clasificaci\u00f3n de Conference League (marc\u00f3 un gol) y en 13 de la competici\u00f3n continental (dio tres asistencias).<\/p>\n<p class=\"voc-p\" style=\"\">El curso en el que particip\u00f3 principalmente en el costado derecho del equipo, tanto en <strong>zona defensiva<\/strong> como a la hora de llegar al \u00e1rea contraria. Sin olvidar que tambi\u00e9n lleg\u00f3 a estar de titular en la posici\u00f3n de <strong>delantero centro<\/strong>. Por ejemplo, en los inicios de la temporada, en la ida de la eliminatoria previa ante el Kryvbas y en los partidos de las primeras jornadas de LaLiga contra el Girona, Alav\u00e9s y Real Madrid. En el recuerdo tambi\u00e9n lo ocurrido en la vuelta de las semifinales de la Conference League. El partido a domicilio ante la <strong>Fiorentina<\/strong> se hab\u00eda ido a la pr\u00f3rroga con 2-1 en el marcador y Aitor, suplente de inicio, tuvo su oportunidad cuando Bakambu, delantero centro titular, fue sustituido. En el minuto 97, Aitor recibi\u00f3 un bal\u00f3n y encontr\u00f3 en el costado derecho a Antony. El pase del futbolista brasile\u00f1o lo remat\u00f3 Abde haciendo el que ser\u00eda definitivo 2-2.<\/p>\n<p><img decoding=\"async\" id=\"g-gol-aitor-desktop-img\" class=\"g-aiImg g-aiAbs\" alt=\"\" src=\"https:\/\/www.europesays.com\/es\/wp-content\/uploads\/2025\/10\/gol-aitor-desktop.png\"\/><\/p>\n<p class=\"g-pstyle0\">Imagen de su<\/p>\n<p class=\"g-pstyle0\">primer gol con el<\/p>\n<p class=\"g-pstyle0\">Betis, una volea <\/p>\n<p class=\"g-pstyle0\">desde fuera del<\/p>\n<p class=\"g-pstyle0\">\u00e1rea<\/p>\n<p class=\"g-pstyle0\">Fue en la<\/p>\n<p class=\"g-pstyle0\">temporada 20-21<\/p>\n<p class=\"g-pstyle0\">(13\u00aa jornada) y<\/p>\n<p class=\"g-pstyle0\">supuso el 1-1<\/p>\n<p class=\"g-pstyle0\">ante el <\/p>\n<p class=\"g-pstyle0\">Villarreal<\/p>\n<p class=\"g-pstyle0\">A pesar de jugar<\/p>\n<p class=\"g-pstyle0\">preferentemente en<\/p>\n<p class=\"g-pstyle0\">posiciones defensivas, <\/p>\n<p class=\"g-pstyle0\">deja buenos <\/p>\n<p class=\"g-pstyle0\">n\u00fameros en sus <\/p>\n<p class=\"g-pstyle0\">incorporaciones <\/p>\n<p class=\"g-pstyle0\">al ataque<\/p>\n<p><img decoding=\"async\" id=\"g-gol-aitor-movil-img\" class=\"g-aiImg g-aiAbs\" alt=\"\" src=\"https:\/\/www.europesays.com\/es\/wp-content\/uploads\/2025\/10\/gol-aitor-movil.png\"\/><\/p>\n<p class=\"g-pstyle0\">Imagen de su<\/p>\n<p class=\"g-pstyle0\">primer gol con el<\/p>\n<p class=\"g-pstyle0\">Betis, una volea <\/p>\n<p class=\"g-pstyle0\">desde fuera del<\/p>\n<p class=\"g-pstyle0\">\u00e1rea<\/p>\n<p class=\"g-pstyle0\">Fue en la<\/p>\n<p class=\"g-pstyle0\">temporada 20-21<\/p>\n<p class=\"g-pstyle0\">(13\u00aa jornada) y<\/p>\n<p class=\"g-pstyle0\">supuso el 1-1<\/p>\n<p class=\"g-pstyle0\">ante el <\/p>\n<p class=\"g-pstyle0\">Villarreal<\/p>\n<p class=\"g-pstyle1\">A pesar de jugar<\/p>\n<p class=\"g-pstyle1\">preferentemente en<\/p>\n<p class=\"g-pstyle1\">posiciones defensivas, <\/p>\n<p class=\"g-pstyle1\">deja buenos <\/p>\n<p class=\"g-pstyle1\">n\u00fameros en sus <\/p>\n<p class=\"g-pstyle1\">incorporaciones <\/p>\n<p class=\"g-pstyle1\">al ataque<\/p>\n<p class=\"voc-p\" style=\"\">La trayectoria europea de Aitor en el equipo verdiblanco comenz\u00f3 en la temporada 21-22. En el primer curso de Pellegrini en Heli\u00f3polis, el Betis termin\u00f3 el campeonato de Primera divisi\u00f3n en la sexta posici\u00f3n y se clasific\u00f3 para la siguiente edici\u00f3n de la Europa League. Aitor particip\u00f3 en ocho partidos con el equipo b\u00e9tico. Y en la edici\u00f3n 22-23 disput\u00f3 el mismo n\u00famero de encuentros y adem\u00e1s tuvo la oportunidad de abrir su cuenta goleadora en competici\u00f3n continental con un doblete en el triunfo del Betis ante el HJK Helsinki (3-0). <\/p>\n<p class=\"voc-p\" style=\"\">Aitor, de 29 a\u00f1os, destac\u00f3 recientemente tambi\u00e9n al convertirse en el primer futbolista verdiblanco en ver porter\u00eda en el curso 25-26. En la jornada inaugural del campeonato marc\u00f3 el gol del Betis en el empate a domicilio (1-1) con el <strong>Elche<\/strong>. Fue el primero de los cinco encuentros de LaLiga en los que ha participado. Tuvo los 90 minutos en la segunda jornada, en el partido ganado por el equipo verdiblanco ante el Alav\u00e9s (1-0). En la Europa League, fue suplente y no jug\u00f3 en el empate de la primera jornada con el Nottingham Forest mientras que en el partido a domicilio ganado por el Betis ante el Ludogorest (0-2) s\u00ed particip\u00f3. Fue titular y estuvo en el c\u00e9sped hasta el minuto 56 cuando fue sustituido por \u00c1ngel Ortiz.<\/p>\n","protected":false},"excerpt":{"rendered":"Entre los capitanes del Betis para la temporada 25-26 se encuentra Aitor Ruibal, futbolista con una amplia trayectoria&hellip;\n","protected":false},"author":2,"featured_media":176120,"comment_status":"","ping_status":"","sticky":false,"template":"","format":"standard","meta":{"footnotes":""},"categories":[268],"tags":[14527,168,20107,981,25,24,280,282,22479,21018,50507,281,23,167],"class_list":{"0":"post-176119","1":"post","2":"type-post","3":"status-publish","4":"format-standard","5":"has-post-thumbnail","7":"category-futbol","8":"tag-aitor","9":"tag-deportes","10":"tag-dorsal","11":"tag-era","12":"tag-es","13":"tag-espana","14":"tag-football","15":"tag-futbol","16":"tag-pellegrini","17":"tag-repetido","18":"tag-ruibal","19":"tag-soccer","20":"tag-spain","21":"tag-sports"},"share_on_mastodon":{"url":"","error":""},"_links":{"self":[{"href":"https:\/\/www.europesays.com\/es\/wp-json\/wp\/v2\/posts\/176119","targetHints":{"allow":["GET"]}}],"collection":[{"href":"https:\/\/www.europesays.com\/es\/wp-json\/wp\/v2\/posts"}],"about":[{"href":"https:\/\/www.europesays.com\/es\/wp-json\/wp\/v2\/types\/post"}],"author":[{"embeddable":true,"href":"https:\/\/www.europesays.com\/es\/wp-json\/wp\/v2\/users\/2"}],"replies":[{"embeddable":true,"href":"https:\/\/www.europesays.com\/es\/wp-json\/wp\/v2\/comments?post=176119"}],"version-history":[{"count":0,"href":"https:\/\/www.europesays.com\/es\/wp-json\/wp\/v2\/posts\/176119\/revisions"}],"wp:featuredmedia":[{"embeddable":true,"href":"https:\/\/www.europesays.com\/es\/wp-json\/wp\/v2\/media\/176120"}],"wp:attachment":[{"href":"https:\/\/www.europesays.com\/es\/wp-json\/wp\/v2\/media?parent=176119"}],"wp:term":[{"taxonomy":"category","embeddable":true,"href":"https:\/\/www.europesays.com\/es\/wp-json\/wp\/v2\/categories?post=176119"},{"taxonomy":"post_tag","embeddable":true,"href":"https:\/\/www.europesays.com\/es\/wp-json\/wp\/v2\/tags?post=176119"}],"curies":[{"name":"wp","href":"https:\/\/api.w.org\/{rel}","templated":true}]}}