{"id":176123,"date":"2025-10-14T12:20:07","date_gmt":"2025-10-14T12:20:07","guid":{"rendered":"https:\/\/www.europesays.com\/es\/176123\/"},"modified":"2025-10-14T12:20:07","modified_gmt":"2025-10-14T12:20:07","slug":"record-de-participacion-en-esta-edicion","status":"publish","type":"post","link":"https:\/\/www.europesays.com\/es\/176123\/","title":{"rendered":"r\u00e9cord de participaci\u00f3n en esta edici\u00f3n"},"content":{"rendered":"<p>Barcelona se viste de gala para la entrega del <strong>Premio Planeta<\/strong>, el galard\u00f3n literario con mayor dotaci\u00f3n econ\u00f3mica del mundo, un mill\u00f3n de euros, con un mercado editorial que sigue creciendo impulsado por los lectores m\u00e1s j\u00f3venes.<\/p>\n<p>La editorial Planeta habla del <strong>\u00abmilagro espa\u00f1ol\u00bb<\/strong> porque el mercado del libro nacional ha crecido un 39% desde la pandemia del COVID-19.<\/p>\n<p>En la edici\u00f3n n\u00famero 74, la participaci\u00f3n se ha disparado gracias a un cambio en las bases que ha impulsado la presentaci\u00f3n digital de originales, como ha indicado la editorial en una rueda de prensa en el Petit Palau de la ciudad condal.<\/p>\n<p>En particular, el r\u00e9cord de participaci\u00f3n se cifra en <strong>1.320 obras presentadas<\/strong>. Adem\u00e1s, del mill\u00f3n de que se embolsa el ganador (<a href=\"https:\/\/www.rtve.es\/noticias\/20251009\/premio-nobel-literatura-2025-directo-cronica\/16763034.shtml\" rel=\"nofollow noopener\" target=\"_blank\">superior al importe del Premio Nobel<\/a>), el finalista recibe 200.000 euros y acompa\u00f1a al premiado en una intensa gira de promoci\u00f3n publicitaria.<\/p>\n<p>Los nombres de las plumas afortunadas se conocer\u00e1n la noche de este mi\u00e9rcoles 15 de octubre, en la habitual cena literaria en la que se van eliminando obras entre <strong>los diez finalistas<\/strong> hasta que solo quedan dos. Este a\u00f1o la gala vuelve a celebrarse en el Sal\u00f3n Oval del Museo Nacional de Arte de Catalu\u00f1a.<\/p>\n<p>El presidente de Planeta, Jos\u00e9 Crehueras, ha indicado que \u00abha subido la calidad de las novelas presentadas y que han <strong>aumentado los autores j\u00f3venes<\/strong> que participan\u00bb en el certamen literario.<\/p>\n<p>Amor y asesinatos<\/p>\n<p>De los diez finalistas, <strong>seis autores dan la cara<\/strong> con: Todos r\u00eden, de Noelia Espinar; Ghosting, de Salva Rubio; Por su gran culpa, de Mauro Corti; La muerte de la diosa, de Jos\u00e9 Antonio Ariza; El destino en la esfera de un reloj, de Enrique Alejandro Santoyo Castro, y Donde se escriben los nombres, de Blanca Montoya Landa.<\/p>\n<p>Espinar aborda una <strong>novela de ciencia ficci\u00f3n<\/strong> con el control de masas y la autenticidad como ejes tem\u00e1ticos, escrita en primera persona. Rubio mira con humor a los a\u00f1os 90 en el barrio barcelon\u00e9s del Born, en conversaciones con un fantasma, tambi\u00e9n con un narrador en primera persona.<\/p>\n<p>Ariza reformula el <strong>mito de la diosa blanca<\/strong> en una novela sobre el origen de la civilizaci\u00f3n. Santoyo Castro teje una narraci\u00f3n hist\u00f3rica ambientada en Nueva Espa\u00f1a. Montoya localiza su libro en Sud\u00e1frica en el que cuenta la historia de un joven escritor.<\/p>\n<p>Novela hist\u00f3rica y de vaqueros<\/p>\n<p>Corti presenta un thriller period\u00edstico con el peso del silencio, la culpa y la reconstrucci\u00f3n como tel\u00f3n de fondo en <strong>Argentina<\/strong>. La estructura es: antes, despu\u00e9s y 2022.<\/p>\n<p>Otras <strong>cuatro plumas<\/strong> se ocultan bajo un <strong>seud\u00f3nimo<\/strong>: No es tan f\u00e1cil morir de amor, de Elvira Torres; \u00bfNo es hermosa la luna?, de Selene Noctis; Zoltar el mago, el pirata Roberts y una novela del Oeste, de Keith Astra y El color de la lluvia, de Sof\u00eda Garc\u00eda.<\/p>\n<p>Torres plantea una novela de <strong>amor en Sevilla<\/strong>, para escapar de una vida llena de domingos por la tarde. Selene Noctis habla de <strong>amor prohibido en Lesbos<\/strong> entremezclado con asesinatos que coinciden con los ciclos lunares. <\/p>\n<p>Astra une la ciencia ficci\u00f3n, con el <strong>lejano Oeste<\/strong>, a trav\u00e9s de la s\u00e1tira y la metaliteratura. Garc\u00eda acomete una novela hist\u00f3rica con sensibilidad e intriga, seg\u00fan el jurado.<\/p>\n<p>Inter\u00e9s creciente<\/p>\n<p>El Premio Planeta despierta un gran inter\u00e9s en el \u00e1mbito literario de habla hispana. As\u00ed, <strong>541 novelas se han presentado desde Hispanoam\u00e9rica<\/strong> por 687 desde Espa\u00f1a. En concreto, destacan los 152 originales procedentes de Argentina, 122 de M\u00e9xico, 94 de Colombia, 45 de Chile y 32 de Per\u00fa.<\/p>\n<p>El resto de los originales proviene de <strong>Estados Unidos <\/strong>(32), resto de Europa (36), Asia (4) y \u00c1frica (2), as\u00ed como 11 novelas cuyos autores no han especificado procedencia.<\/p>\n<p>En Espa\u00f1a, la mayor\u00eda de los autores est\u00e1n <strong>afincados en Madrid<\/strong> (155), seguidos por Barcelona (126), Valencia (46), Alicante (36), Sevilla (31), Almer\u00eda (15), Zaragoza (14), C\u00f3rdoba (13), Cantabria (12), Toledo (13), Granada, M\u00e1laga y Santa Cruz de Tenerife (con 11 cada una).<\/p>\n<p>20 ganadoras<\/p>\n<p>En la lista de personas distinguidas con el Planeta aparecen <strong>21 nombres de mujer, pero solo 20 escritoras<\/strong>. Un desajuste que se explica porque <a href=\"https:\/\/www.rtve.es\/noticias\/20211016\/premio-planeta-2021-carmen-mola\/2192260.shtml\" rel=\"nofollow noopener\" target=\"_blank\">Carmen Mola lo gan\u00f3 en 2021<\/a> y en la entrega del premio se desvel\u00f3 que, tras ese seud\u00f3nimo, se escond\u00edan tres varones (Jorge D\u00edaz, Agust\u00edn Mart\u00ednez y Antonio Mercero).<\/p>\n<p>Entre las autoras ganadoras destacan firmas como la de <strong>Ana Mar\u00eda Matute<\/strong>, primera escritora premiada en 1954 y cuyo <a href=\"https:\/\/www.rtve.es\/centenario-de-ana-maria-matute\/\" rel=\"nofollow noopener\" target=\"_blank\">centenario se est\u00e1 celebrando este a\u00f1o<\/a>, o <strong>Soledad Pu\u00e9rtolas<\/strong>, ganadora en 1989.<\/p>\n<p>El a\u00f1o pasado la <a href=\"https:\/\/www.rtve.es\/noticias\/20241015\/paloma-sanchez-garnica-gana-premio-planeta-2024\/16289135.shtml\" rel=\"nofollow noopener\" target=\"_blank\">ganadora fue Paloma S\u00e1nchez- Garnica<\/a> con una novela de t\u00edtulo premonitorio Victoria, acompa\u00f1ada por la joven Beatriz Serrano.<\/p>\n<p>Siete jurados y un destino<\/p>\n<p>El jurado del premio est\u00e1 integrado este a\u00f1o por <strong>cuatro mujeres y tres hombres<\/strong>. Se trata de Luz Gab\u00e1s, Pere Gimferrer, Eva Giner, Carmen Posadas y Bel\u00e9n L\u00f3pez, directora de Editorial Planeta y secretaria con voto del jurado, que acuden presencialmente. Jos\u00e9 Manuel Blecua y Juan Eslava Gal\u00e1n, aquejados de problemas de salud, se conectar\u00e1n telem\u00e1ticamente para deliberar.,<\/p>\n<p>La portavoz del jurado, Luz Gab\u00e1s, apunta que se nota en los textos una preocupaci\u00f3n por la descomposici\u00f3n social y la<strong> necesidad de \u00abreconstrucci\u00f3n\u00bb<\/strong>. Por su parte, Carmen Posadas, aprecia que se incrementan las<strong> novelas de g\u00e9nero fant\u00e1stico<\/strong>, en paralelo con el movimiento del mercado editorial.<\/p>\n<p>Entre los triunfadores recientes se encuentran la mencionada <a href=\"https:\/\/www.rtve.es\/noticias\/20241016\/paloma-sanchez-garnica-premio-planeta-2024-victoria-verdad\/16289907.shtml\" rel=\"nofollow noopener\" target=\"_blank\">Paloma S\u00e1nchez-Garnica<\/a>, la periodista <a href=\"https:\/\/www.rtve.es\/noticias\/20231015\/sonsoles-onega-gana-premio-planeta-con-hijas-criada\/2458376.shtml\" rel=\"nofollow noopener\" target=\"_blank\">S\u00f3nsoles \u00d3nega<\/a> (Las hijas de la criada, 2023) <a href=\"https:\/\/www.rtve.es\/noticias\/20161015\/dolores-redondo-premio-planeta-2016\/1426320.shtml#:~:text=Dolores%20Redondo%2C%20Premio%20Planeta%202016%20por%20&#039;Todo%20esto%20te%20dar%C3%A9&#039;,-Se%20present%C3%B3%20bajo&amp;text=La%20escritora%20Dolores%20Redondo%20ha,Christie%\" rel=\"nofollow noopener\" target=\"_blank\">Dolores Redondo<\/a> (Todo esto te dar\u00e9, 2016), <a href=\"https:\/\/www.rtve.es\/noticias\/20171016\/javier-sierra-gana-premio-planeta\/1628523.shtml#:~:text=%C2%BB%20Cultura-,Javier%20Sierra%20gana%20el%20Premio,la%20novela%20&#039;El%20fuego%20invisible&#039;&amp;text=La%20escritora%20y%20abogada%20Cristina,novela%20hist%C3%B3rica%20El%20fu\" rel=\"nofollow noopener\" target=\"_blank\">Javier Sierra <\/a>(El fuego invisible, 2017), <a href=\"https:\/\/www.rtve.es\/noticias\/20181015\/santiago-posteguillo-gana-premio-planeta-2018-novela-yo-julia\/1819480.shtml\" rel=\"nofollow noopener\" target=\"_blank\">Santiago Posteguillo<\/a> (Yo, Julia, 2018), <a href=\"https:\/\/www.rtve.es\/noticias\/20191015\/premio-planeta-javier-cercas-premio-planeta-2019-novela-policiaca-terra-alta\/1981963.shtml\" rel=\"nofollow noopener\" target=\"_blank\">Javier Cercas<\/a> (Terra Alta, 2019) o <a href=\"https:\/\/www.rtve.es\/play\/audios\/libros-de-arena\/premio-planeta-2020-eva-garcia-saenz-urturi-aquitania-leonor-aquitania\/5724987\/#:~:text=Eva%20Garc%C3%ADa%20Saenz%20de%20\" rel=\"nofollow noopener\" target=\"_blank\">Eva Garc\u00eda S\u00e1enz de Urturi <\/a>(Aquitania, 2020).<\/p>\n<p>Las bases del premio exigen novelas escritas en espa\u00f1ol, originales e in\u00e9ditas, de m\u00e1s de 200 p\u00e1ginas, sin usar \u00absistemas, herramientas o t\u00e9cnicas derivadas o vinculadas con <strong>la Inteligencia Artificial<\/strong>\u00ab, ni ser<strong> \u00ab<\/strong>copia <strong>ni modificaci\u00f3n, total o parcial<\/strong>, de ninguna otra obra propia o ajena\u00bb.<\/p>\n","protected":false},"excerpt":{"rendered":"Barcelona se viste de gala para la entrega del Premio Planeta, el galard\u00f3n literario con mayor dotaci\u00f3n econ\u00f3mica&hellip;\n","protected":false},"author":2,"featured_media":176124,"comment_status":"","ping_status":"","sticky":false,"template":"","format":"standard","meta":{"footnotes":""},"categories":[172],"tags":[224,146,147,25,24,225,23],"class_list":{"0":"post-176123","1":"post","2":"type-post","3":"status-publish","4":"format-standard","5":"has-post-thumbnail","7":"category-libros","8":"tag-books","9":"tag-entertainment","10":"tag-entretenimiento","11":"tag-es","12":"tag-espana","13":"tag-libros","14":"tag-spain"},"share_on_mastodon":{"url":"","error":""},"_links":{"self":[{"href":"https:\/\/www.europesays.com\/es\/wp-json\/wp\/v2\/posts\/176123","targetHints":{"allow":["GET"]}}],"collection":[{"href":"https:\/\/www.europesays.com\/es\/wp-json\/wp\/v2\/posts"}],"about":[{"href":"https:\/\/www.europesays.com\/es\/wp-json\/wp\/v2\/types\/post"}],"author":[{"embeddable":true,"href":"https:\/\/www.europesays.com\/es\/wp-json\/wp\/v2\/users\/2"}],"replies":[{"embeddable":true,"href":"https:\/\/www.europesays.com\/es\/wp-json\/wp\/v2\/comments?post=176123"}],"version-history":[{"count":0,"href":"https:\/\/www.europesays.com\/es\/wp-json\/wp\/v2\/posts\/176123\/revisions"}],"wp:featuredmedia":[{"embeddable":true,"href":"https:\/\/www.europesays.com\/es\/wp-json\/wp\/v2\/media\/176124"}],"wp:attachment":[{"href":"https:\/\/www.europesays.com\/es\/wp-json\/wp\/v2\/media?parent=176123"}],"wp:term":[{"taxonomy":"category","embeddable":true,"href":"https:\/\/www.europesays.com\/es\/wp-json\/wp\/v2\/categories?post=176123"},{"taxonomy":"post_tag","embeddable":true,"href":"https:\/\/www.europesays.com\/es\/wp-json\/wp\/v2\/tags?post=176123"}],"curies":[{"name":"wp","href":"https:\/\/api.w.org\/{rel}","templated":true}]}}