{"id":176127,"date":"2025-10-14T12:23:08","date_gmt":"2025-10-14T12:23:08","guid":{"rendered":"https:\/\/www.europesays.com\/es\/176127\/"},"modified":"2025-10-14T12:23:08","modified_gmt":"2025-10-14T12:23:08","slug":"donde-ver-y-cuando-se-estrena-el-documental-de-leiva","status":"publish","type":"post","link":"https:\/\/www.europesays.com\/es\/176127\/","title":{"rendered":"d\u00f3nde ver y cu\u00e1ndo se estrena el documental de Leiva"},"content":{"rendered":"<p class=\"c-paragraph\">El pasado 25 de septiembre, el <b>Festival de San Sebasti\u00e1n<\/b> acog\u00eda el preestreno de <b>Hasta que me quede sin voz,<\/b> el <b>documental <\/b>del conocido cantante y compositor <b>Leiva<\/b>, donde ahonda en los intr\u00edngulis de una carrera que se extiende hasta su adolescencia.\u00a0<\/p>\n<p class=\"c-paragraph\">A trav\u00e9s de una <b>hora y media de metraje,<\/b> el documental aborda los 45 a\u00f1os de vida del cantante de Alameda de Osuna (Madrid): desde aquellos inicios en su vida junto a las bandas de su barrio, dando sus primeros pasos en <b>Mala hierba<\/b>;\u00a0hasta su gran ascenso a la fama junto a Rub\u00e9n Pozo, su otra mitad en <b>Pereza<\/b>.<\/p>\n<p class=\"c-paragraph\">El madrile\u00f1o se atreve a explicar la separaci\u00f3n del grupo que dej\u00f3 hu\u00e9rfano a tantos fans, la dificultad que supuso sobreponerse en su carrera a ello y el <b>futuro de una carrera en la que sus problemas de voz<\/b>, que han hecho que haya tenido que ser varias veces operado, le pongan contra las cuerdas.\u00a0<\/p>\n<p>D\u00f3nde ver y cu\u00e1ndo se estrena el documental de Leiva<\/p>\n<p class=\"c-paragraph\">Dirigida por\u00a0Lucas Nolla y Mario Forni\u00e9s, Hasta que me quede sin voz es una producci\u00f3n original de <b>Movistar Plus+<\/b>, que aterrizar\u00e1 en los <b>cines <\/b>de toda Espa\u00f1a el pr\u00f3ximo <b>17 de octubre<\/b>. Posteriormente, el documental formar\u00e1 parte del <b>cat\u00e1logo de la plataforma<\/b>, aunque a\u00fan <b>no hay una fecha confirmada<\/b>.\u00a0<\/p>\n<p class=\"c-paragraph\">Este metraje contin\u00faa la apuesta de Movistar por la <b>creaci\u00f3n de documentales sobre los artistas <\/b>del momento. Entre sus \u00faltimos trabajos encontramos<b>\u00a0Joaqu\u00edn Sabina. Sinti\u00e9ndolo mucho <\/b>(2022), quien precisamente aparece en el nuevo de Leiva como su colaborador y gran amigo, y con el que compart\u00eda el <b>Premio Goya<\/b> a la <b>mejor canci\u00f3n original<\/b> por la melod\u00eda que sonaba en su propio proyecto.<\/p>\n<p class=\"c-paragraph\">Otros documentales que forman parte del cat\u00e1logo de Movistar Plus+ son <b>Esta ambici\u00f3n desmedida<\/b> (sobre C. Tangana),\u00a0<b>Todo cambia <\/b>(de Dani Fern\u00e1ndez) o <b>Raphaelismo <\/b>(sobre Raphael), entre otras tantas obras audiovisuales nacionales e internacionales.<\/p>\n","protected":false},"excerpt":{"rendered":"El pasado 25 de septiembre, el Festival de San Sebasti\u00e1n acog\u00eda el preestreno de Hasta que me quede&hellip;\n","protected":false},"author":2,"featured_media":176128,"comment_status":"","ping_status":"","sticky":false,"template":"","format":"standard","meta":{"footnotes":""},"categories":[169],"tags":[177,146,147,25,24,176,15819,24114,175,2074,32890,13142,23],"class_list":{"0":"post-176127","1":"post","2":"type-post","3":"status-publish","4":"format-standard","5":"has-post-thumbnail","7":"category-cine","8":"tag-cine","9":"tag-entertainment","10":"tag-entretenimiento","11":"tag-es","12":"tag-espana","13":"tag-film","14":"tag-hasta","15":"tag-me","16":"tag-movies","17":"tag-que","18":"tag-quede","19":"tag-sin","20":"tag-spain"},"share_on_mastodon":{"url":"","error":""},"_links":{"self":[{"href":"https:\/\/www.europesays.com\/es\/wp-json\/wp\/v2\/posts\/176127","targetHints":{"allow":["GET"]}}],"collection":[{"href":"https:\/\/www.europesays.com\/es\/wp-json\/wp\/v2\/posts"}],"about":[{"href":"https:\/\/www.europesays.com\/es\/wp-json\/wp\/v2\/types\/post"}],"author":[{"embeddable":true,"href":"https:\/\/www.europesays.com\/es\/wp-json\/wp\/v2\/users\/2"}],"replies":[{"embeddable":true,"href":"https:\/\/www.europesays.com\/es\/wp-json\/wp\/v2\/comments?post=176127"}],"version-history":[{"count":0,"href":"https:\/\/www.europesays.com\/es\/wp-json\/wp\/v2\/posts\/176127\/revisions"}],"wp:featuredmedia":[{"embeddable":true,"href":"https:\/\/www.europesays.com\/es\/wp-json\/wp\/v2\/media\/176128"}],"wp:attachment":[{"href":"https:\/\/www.europesays.com\/es\/wp-json\/wp\/v2\/media?parent=176127"}],"wp:term":[{"taxonomy":"category","embeddable":true,"href":"https:\/\/www.europesays.com\/es\/wp-json\/wp\/v2\/categories?post=176127"},{"taxonomy":"post_tag","embeddable":true,"href":"https:\/\/www.europesays.com\/es\/wp-json\/wp\/v2\/tags?post=176127"}],"curies":[{"name":"wp","href":"https:\/\/api.w.org\/{rel}","templated":true}]}}