{"id":176179,"date":"2025-10-14T12:55:08","date_gmt":"2025-10-14T12:55:08","guid":{"rendered":"https:\/\/www.europesays.com\/es\/176179\/"},"modified":"2025-10-14T12:55:08","modified_gmt":"2025-10-14T12:55:08","slug":"el-barca-se-mide-por-primera-vez-al-eurofarm-pelister-al-acecho-del-liderato","status":"publish","type":"post","link":"https:\/\/www.europesays.com\/es\/176179\/","title":{"rendered":"El Bar\u00e7a se mide por primera vez al Eurofarm Pelister al acecho del liderato"},"content":{"rendered":"<p data-mrf-recirculation=\"Links P\u00e1rrafos\" class=\"ue-c-article__paragraph paragraph ue-c-article--first-letter-highlighted\">El <strong>Bar\u00e7a <\/strong>visitar\u00e1 este mi\u00e9rcoles (20:45 CET) <strong>por primera vez en su historia al Eurofarm Pelister <\/strong>de <strong>Macedonia <\/strong>del Norte que <strong>dirige el espa\u00f1ol Rub\u00e9n Garabaya<\/strong>, en una <strong>quinta jornada <\/strong>de la <strong>fase de grupos de la EHF Champions League<\/strong> en la que el conjunto azulgrana tratar\u00e1 de prolongar su buen momento de forma y resultados para mantenerse <strong>a la caza del l\u00edder, el Magdeburg<\/strong>.<\/p>\n<p data-mrf-recirculation=\"Links P\u00e1rrafos\" class=\"ue-c-article__paragraph paragraph\">Y es que desde la derrota por la m\u00ednima (21-22) ante el vigente campe\u00f3n de Europa de mediados de septiembre, el <strong>conjunto azulgrana<\/strong> dirigido por Carlos Ortega ha contado<strong> por victorias sus nueve partidos<\/strong> entre todas las competiciones, incluyendo un t\u00edtulo, el <strong>Mundial de Clubes,<\/strong> y mostr\u00e1ndose por momentos muy s\u00f3lido en todas las facetas del juego.<\/p>\n<p data-mrf-recirculation=\"Links P\u00e1rrafos\" class=\"ue-c-article__paragraph paragraph\">Ese toque de atenci\u00f3n despert\u00f3 al vestuario azulgrana, que ha respondido encadenando dos victorias en Europa, la m\u00e1s reciente frente al OTP Bank Pick Szeged (31-28), para recuperar impulso y colocarse de nuevo en la parte alta del grupo, <strong>igualado en la segunda plaza con la sorpresa del curso, el Wisla Plock polaco.<\/strong><\/p>\n<p data-mrf-recirculation=\"Links P\u00e1rrafos\" class=\"ue-c-article__paragraph paragraph\">As\u00ed,<strong> mirando de reojo lo que haga el Magdeburg,<\/strong> que visita una pista complicada como es precisamente la del \u00faltimo rival azulgrana, el Pick Szeged, e<strong>l Bar\u00e7a no puede permitirse un tropiezo<\/strong> en tierras macedonias ante uno de los rivales m\u00e1s asequibles de la fase de grupos <strong>si quiere ocupar esas dos primeras plazas<\/strong> que otorgan el <strong>pase directo a los cuartos<\/strong> de final de la &#8216;Champions&#8217;.<\/p>\n<p data-mrf-recirculation=\"Links P\u00e1rrafos\" class=\"ue-c-article__paragraph paragraph\">Ser\u00e1 la<strong> primera vez en su historia que el conjunto azulgrana se mida al Eurofarm Pelister,<\/strong> que encadena su<strong> tercera temporada consecutiva en fase de grupos <\/strong>y que se ha convertido en los \u00faltimos a\u00f1os en la referencia del balonmano en el pa\u00eds situado en el sureste de Europa.\u00a0Tras los <strong>problemas financieros y de gesti\u00f3n del RK Vardar<\/strong>, el club m\u00e1s laureado del pa\u00eds \u2014bicampe\u00f3n de Europa y verdugo del Bar\u00e7a en la semifinal de 2017\u2014, el equipo que esta campa\u00f1a dirige el exazulgrana Rub\u00e9n Garabaya <strong>ha tomado su relevo en la \u00e9lite continental.<\/strong><\/p>\n<p data-mrf-recirculation=\"Links P\u00e1rrafos\" class=\"ue-c-article__paragraph paragraph\">No obstante, el<strong> Eurofarm Pelister<\/strong> todav\u00eda est\u00e1 lejos de poder honrar la herencia europea de su hist\u00f3rico rival. El equipo de la ciudad de Bitola<strong> no ha arrancado con buen pie su temporada europea<\/strong>, con <strong>una sola victoria<\/strong> \u2014ante el RK Zagreb (25-23)\u2014 y tres derrotas (PSG, GOG y Wisla Plock), que lo sit\u00faan <strong>pen\u00faltimo del grupo con dos puntos.<\/strong><\/p>\n<p data-mrf-recirculation=\"Links P\u00e1rrafos\" class=\"ue-c-article__paragraph paragraph\">Con el <strong>lateral Filip Kuzmanovski como principal referencia ofensiva<\/strong>, el conjunto normacedonio ha <strong>incorporado <\/strong>a un viejo conocido de la Liga Asobal, el extremo <strong>brasile\u00f1o Rudolph Hackbarth<\/strong>, procedente del <strong>Ciudad Encantada<\/strong>, con la intenci\u00f3n de superar su techo europeo, tras haber quedado<strong> eliminado en la fase de grupos en las dos ediciones anteriores.<\/strong><\/p>\n<p data-mrf-recirculation=\"Links P\u00e1rrafos\" class=\"ue-c-article__paragraph paragraph\"><strong>Carlos Ortega recuperar\u00e1<\/strong> para este duelo al central Domen <strong>Makuc<\/strong>, ausente en los dos \u00faltimos encuentros pese a estar en el banquillo por unas <strong>molestias <\/strong>en la <strong>rodilla<\/strong>. El esloveno har\u00e1 <strong>pareja con Petar Cikusa,<\/strong> que en la \u00faltima jornada liguera en la victoria en la pista del Granollers firm\u00f3 cinco dianas y dej\u00f3 detalles de estar recuperando su mejor versi\u00f3n.<\/p>\n<p data-mrf-recirculation=\"Links P\u00e1rrafos\" class=\"ue-c-article__paragraph paragraph\">Con todo ello, el <strong>t\u00e9cnico <\/strong>malague\u00f1o ha citado a <strong>16 jugadores<\/strong>, con la inclusi\u00f3n de los pivotes <strong>Antonio Baz\u00e1n y \u00d2scar Grau<\/strong>, que sustituyen a los lateral Jonathan <strong>Carlsbogard<\/strong>, que arrastra una <strong>lumbalgia <\/strong>que le har\u00e1 perderse su segundo partido consecutivo, y Seif <strong>Elderaa<\/strong>, que recibir\u00e1 permiso del club para<strong> viajar a Egipto ante la inminente paternidad.<\/strong><\/p>\n<p>Carlos Ortega: \u00abEs un partido trampa\u00bb<\/p>\n<p data-mrf-recirculation=\"Links P\u00e1rrafos\" class=\"ue-c-article__paragraph paragraph\"><strong>Carlos Ortega,<\/strong> ha calificado de \u00abpartido trampa\u00bb el encuentro ante el Eurofarm Pelister. Lo asegura as\u00ed por el ambiente \u00abbastante hostil\u00bb que presentar\u00e1 el pabell\u00f3n Boro Curlevski, que tard\u00f3 solo ocho minutos en colgar el cartel de todas las entradas vendidas para el partido ante el Bar\u00e7a. \u00abEn su casa son un equipo muy aguerrido y el ambiente ser\u00e1 bastante hostil. Tenemos que estar preparados, ir con la m\u00e1xima humildad y, por supuesto, vamos a por los dos puntos. Pero no ser\u00e1 un partido f\u00e1cil, ni mucho menos\u00bb, <strong>advirti\u00f3 el entrenador azulgrana.<\/strong><\/p>\n","protected":false},"excerpt":{"rendered":"El Bar\u00e7a visitar\u00e1 este mi\u00e9rcoles (20:45 CET) por primera vez en su historia al Eurofarm Pelister de Macedonia&hellip;\n","protected":false},"author":2,"featured_media":176180,"comment_status":"","ping_status":"","sticky":false,"template":"","format":"standard","meta":{"footnotes":""},"categories":[278],"tags":[376,168,25,24,375,23,167],"class_list":{"0":"post-176179","1":"post","2":"type-post","3":"status-publish","4":"format-standard","5":"has-post-thumbnail","7":"category-balonmano","8":"tag-balonmano","9":"tag-deportes","10":"tag-es","11":"tag-espana","12":"tag-handball","13":"tag-spain","14":"tag-sports"},"share_on_mastodon":{"url":"","error":""},"_links":{"self":[{"href":"https:\/\/www.europesays.com\/es\/wp-json\/wp\/v2\/posts\/176179","targetHints":{"allow":["GET"]}}],"collection":[{"href":"https:\/\/www.europesays.com\/es\/wp-json\/wp\/v2\/posts"}],"about":[{"href":"https:\/\/www.europesays.com\/es\/wp-json\/wp\/v2\/types\/post"}],"author":[{"embeddable":true,"href":"https:\/\/www.europesays.com\/es\/wp-json\/wp\/v2\/users\/2"}],"replies":[{"embeddable":true,"href":"https:\/\/www.europesays.com\/es\/wp-json\/wp\/v2\/comments?post=176179"}],"version-history":[{"count":0,"href":"https:\/\/www.europesays.com\/es\/wp-json\/wp\/v2\/posts\/176179\/revisions"}],"wp:featuredmedia":[{"embeddable":true,"href":"https:\/\/www.europesays.com\/es\/wp-json\/wp\/v2\/media\/176180"}],"wp:attachment":[{"href":"https:\/\/www.europesays.com\/es\/wp-json\/wp\/v2\/media?parent=176179"}],"wp:term":[{"taxonomy":"category","embeddable":true,"href":"https:\/\/www.europesays.com\/es\/wp-json\/wp\/v2\/categories?post=176179"},{"taxonomy":"post_tag","embeddable":true,"href":"https:\/\/www.europesays.com\/es\/wp-json\/wp\/v2\/tags?post=176179"}],"curies":[{"name":"wp","href":"https:\/\/api.w.org\/{rel}","templated":true}]}}