{"id":176195,"date":"2025-10-14T13:06:08","date_gmt":"2025-10-14T13:06:08","guid":{"rendered":"https:\/\/www.europesays.com\/es\/176195\/"},"modified":"2025-10-14T13:06:08","modified_gmt":"2025-10-14T13:06:08","slug":"apuntate-al-club-de-lectura-cosmopolitan-con-elisabet-benavent","status":"publish","type":"post","link":"https:\/\/www.europesays.com\/es\/176195\/","title":{"rendered":"Ap\u00fantate al Club de Lectura COSMOPOLITAN con El\u00edsabet Benavent"},"content":{"rendered":"<p data-journey-content=\"true\" data-node-id=\"1\" class=\"css-6wxqfj emevuu60\">Ha llegado el momento de aclarar una cuesti\u00f3n: <strong data-node-id=\"1.1\">no es que leer se haya convertido en el nuevo plan de moda, \u00a1es que por fin se conocen todos los beneficios que puede aportar!<\/strong> Adem\u00e1s, si es a trav\u00e9s de una comunidad que te permita compartir tus reflexiones, opiniones y emociones con personas que tambi\u00e9n hayan le\u00eddo el mismo texto que t\u00fa, \u00a1mejor que mejor! <strong data-node-id=\"1.3\">Esta fue la raz\u00f3n que nos llev\u00f3 hace un a\u00f1o a crear el Club de Lectura COSMOPOLITAN (y por supuesto lo queremos celebrar contigo).<\/strong> <\/p>\n<p data-journey-content=\"true\" data-node-id=\"4\" class=\"css-6wxqfj emevuu60\">Amadrinado por <strong data-node-id=\"4.1\">El\u00edsabet Benavent<\/strong>, este <a href=\"https:\/\/www.instagram.com\/direct\/inbox\/?thread_key=7522620054459311\" target=\"_blank\" rel=\"nofollow noopener\" data-vars-ga-outbound-link=\"https:\/\/www.instagram.com\/direct\/inbox\/?thread_key=7522620054459311\" data-vars-ga-ux-element=\"Hyperlink\" data-vars-ga-call-to-action=\"exclusivo canal de Instagram\" data-node-id=\"4.3\" class=\"body-link css-103hk4r emevuu60\">exclusivo canal de Instagram<\/a>, donde recomienda libros a las lectoras, los lee con ellas y aporta sus m\u00e1s sinceros veredictos, ya cuenta con casi 10.400 seguidoras y m\u00e1s de una decena de t\u00edtulos le\u00eddos. Aunque las sugerencias de la autora es solo una parte de todo lo que hemos disfrutado de la literatura. <\/p>\n<p data-journey-content=\"true\" data-node-id=\"6\" class=\"css-6wxqfj emevuu60\">A lo largo de este a\u00f1o, <strong data-node-id=\"6.1\">la comunidad lectora de COSMO no ha parado de crecer gracias a los encuentros presenciales con autoras \u2018bestseller\u2019, como el de <a href=\"https:\/\/www.cosmopolitan.com\/es\/revista-cosmopolitan\/a64440448\/club-lectura-cosmopolitan-inma-rubiales\/\" data-vars-ga-outbound-link=\"https:\/\/www.cosmopolitan.com\/es\/revista-cosmopolitan\/a64440448\/club-lectura-cosmopolitan-inma-rubiales\/\" data-vars-ga-ux-element=\"Hyperlink\" data-vars-ga-call-to-action=\"Inma Rubiales\" data-node-id=\"6.1.1\" class=\"body-link css-103hk4r emevuu60\" rel=\"nofollow noopener\" target=\"_blank\">Inma Rubiales<\/a> o <a href=\"https:\/\/www.cosmopolitan.com\/es\/entretenimiento-cultura\/a65293305\/club-de-lectura-cosmopolitan-andrea-longarela\/\" data-vars-ga-outbound-link=\"https:\/\/www.cosmopolitan.com\/es\/entretenimiento-cultura\/a65293305\/club-de-lectura-cosmopolitan-andrea-longarela\/\" data-vars-ga-ux-element=\"Hyperlink\" data-vars-ga-call-to-action=\"Andrea Longarela\" data-node-id=\"6.1.3\" class=\"body-link css-103hk4r emevuu60\" rel=\"nofollow noopener\" target=\"_blank\">Andrea Longarela<\/a>, aparte de la propia Beta Coqueta.<\/strong> Tambi\u00e9n hemos visitado los festivales literarios m\u00e1s aclamados: el <a href=\"https:\/\/www.cosmopolitan.com\/es\/entretenimiento-cultura\/a64204062\/crush-fest-2025\/\" data-vars-ga-outbound-link=\"https:\/\/www.cosmopolitan.com\/es\/entretenimiento-cultura\/a64204062\/crush-fest-2025\/\" data-vars-ga-ux-element=\"Hyperlink\" data-vars-ga-call-to-action=\"Crush Fest de Barcelona\" data-node-id=\"6.3\" class=\"body-link css-103hk4r emevuu60\" rel=\"nofollow noopener\" target=\"_blank\">Crush Fest de Barcelona<\/a> dedicado a la literatura juvenil y rom\u00e1ntica, o el vibrante e inclusivo <a href=\"https:\/\/www.cosmopolitan.com\/es\/entretenimiento-cultura\/a68840822\/flem-festival-2025\/\" data-vars-ga-outbound-link=\"https:\/\/www.cosmopolitan.com\/es\/entretenimiento-cultura\/a68840822\/flem-festival-2025\/\" data-vars-ga-ux-element=\"Hyperlink\" data-vars-ga-call-to-action=\"FLEM Festival de Mallorca\" data-node-id=\"6.5\" class=\"body-link css-103hk4r emevuu60\" rel=\"nofollow noopener\" target=\"_blank\">FLEM Festival de Mallorca<\/a>. No hay \u2018bookaholic\u2019 que se pierda <a href=\"https:\/\/cb.sailthru.com\/join\/7qz\/cosmo-signup-organiceditorialcontent\" target=\"_blank\" rel=\"nofollow noopener\" data-vars-ga-outbound-link=\"https:\/\/cb.sailthru.com\/join\/7qz\/cosmo-signup-organiceditorialcontent\" data-vars-ga-ux-element=\"Hyperlink\" data-vars-ga-call-to-action=\"la \u2018newsletter\u2019 semanal\" data-node-id=\"6.7\" class=\"body-link css-103hk4r emevuu60\">la \u2018newsletter\u2019 semanal<\/a> en la que hablamos de las \u00faltimas novedades editoriales, historias que siempre son un acierto y miles de curiosidades sobre t\u00edtulos y escritores; tampoco los divertidos e interesantes contenidos sobre novelas que publicamos en Instagram.<\/p>\n<p data-journey-content=\"true\" data-node-id=\"10\" class=\"css-6wxqfj emevuu60\"><strong data-node-id=\"10.0\">Tanta pasi\u00f3n por la literatura nos lleva, como te hemos adelantado, a querer celebrar este primer aniversario junto a ti. Ser\u00e1 el pr\u00f3ximo jueves 30 de octubre, en el Espacio META (Paseo de la Castellana, 35) de Madrid.<\/strong> <strong data-node-id=\"10.2\">El\u00edsabet Benavent presidir\u00e1<\/strong> junto a Amaya Lacarra, directora digital de Cosmopolitan, y varios \u2018bookgrammers\u2019 de \u00e9xito <strong data-node-id=\"10.4\">una mesa redonda donde los libros y las tendencias literarias de la Generaci\u00f3n Z ser\u00e1n protagonistas.  <\/strong><\/p>\n<p data-journey-content=\"true\" data-node-id=\"12\" class=\"css-6wxqfj emevuu60\"><strong data-node-id=\"12.0\">El encuentro, que supondr\u00e1 el cuarto Club de Lectura COSMOPOLITAN presencial, contar\u00e1 con 40 de vosotras.<\/strong> Para conseguir tu entrada solo <strong data-node-id=\"12.2\">tienes que responder a la pregunta que encuentras <\/strong><strong data-node-id=\"12.3\">en el formulario disponible m\u00e1s abajo<\/strong><strong data-node-id=\"12.4\">: &#8216;\u00bfQu\u00e9 libro te ha cambiado la vida, y por qu\u00e9?&#8217;.<\/strong> \u00bfLo siguiente? Esperar a que seas una de las seleccionadas leyendo tu novela favorita. Porque nosotras, entre leer y no leer, siempre preferiremos lo primero, y quedarnos con el grito de guerra que le escuchamos recientemente a Helen Fielding, la autora de Bridget Jones, esa mujer tan COSMO: \u201cProtejamos la lectura. Tiene mucha competencia ah\u00ed fuera\u201d.<\/p>\n<p><img src=\"https:\/\/www.europesays.com\/es\/wp-content\/uploads\/2025\/10\/1760447168_908_6c690464-e4b2-40c3-b650-d35b2523df39_1646988809.file\" alt=\"Headshot of Nerea Panicello\" title=\"Headshot of Nerea Panicello\" width=\"100%\" height=\"100%\" decoding=\"async\" loading=\"lazy\" class=\"css-o0wq4v ev8dhu53\"\/><\/p>\n<p>Nerea Panicello es experta en m\u00fasica, series y redes sociales. No hay canci\u00f3n pop que no haya pasado por los auriculares que siempre lleva puestos, entrega de premios Grammy o MTV VMA\u2019s que no haya cubierto en directo o festival al que se haya quedado con ganas de ir. Tampoco ficci\u00f3n (serie o pel\u00edcula) de Netflix o HBO Max de la que no se obsesione con el reparto y busque todas las teor\u00edas de los fans. Ni reel de Instagram o v\u00eddeo de TikTok viral que no haya recibido su \u2018iike\u2019. Su carpeta de guardados en IG est\u00e1 repleta de ideas para crear contenido.<\/p>\n<p>Su momento favorito de la jornada laboral es cuando se sienta frente al artista o int\u00e9rprete de turno para someterle a sus preguntas o a unos de los retos en v\u00eddeo de COSMOPOLITAN. Ha entrevistado a cantantes como Lola \u00cdndigo, Rauw Alejandro, Camilo o la banda Morat. Tambi\u00e9n a actrices como Claudia Jessie (\u2018Bridgerton\u2019), Kristen Stewart o Maisie Williams. Aunque siempre recordar\u00e1 sus cinco minutos de gloria con los Jonas Brothers.<\/p>\n<p>Nerea se gradu\u00f3 en Periodismo por la Universidad Rey Juan Carlos en 2018. Antes de colocarse el birrete, realiz\u00f3 pr\u00e1cticas durante 2017 en la Revista de Ana Rosa Quintana. Lleva formando parte de Cosmopolitan desde 2018. Actualmente est\u00e1 terminando un M\u00e1ster de Periodismo Digital y Nuevos Perfiles en la Universidad Rey Juan Carlos. En sus ratos libre, recibe clases de lengua musical y bater\u00eda para seguir mostrando lo que no se ve las canciones.<\/p>\n<p>Acumula seis a\u00f1os de experiencia, en los que ha elaborado temas para sus versiones \u2019print\u2019, diariamente en digital y ejercido de Community Manager en cuantiosas ocasiones. \u00a0<\/p>\n<p><script async src=\"\/\/www.instagram.com\/embed.js\"><\/script><\/p>\n","protected":false},"excerpt":{"rendered":"Ha llegado el momento de aclarar una cuesti\u00f3n: no es que leer se haya convertido en el nuevo&hellip;\n","protected":false},"author":2,"featured_media":176196,"comment_status":"","ping_status":"","sticky":false,"template":"","format":"standard","meta":{"footnotes":""},"categories":[172],"tags":[224,1180,146,147,25,24,225,23],"class_list":{"0":"post-176195","1":"post","2":"type-post","3":"status-publish","4":"format-standard","5":"has-post-thumbnail","7":"category-libros","8":"tag-books","9":"tag-editorial","10":"tag-entertainment","11":"tag-entretenimiento","12":"tag-es","13":"tag-espana","14":"tag-libros","15":"tag-spain"},"share_on_mastodon":{"url":"","error":""},"_links":{"self":[{"href":"https:\/\/www.europesays.com\/es\/wp-json\/wp\/v2\/posts\/176195","targetHints":{"allow":["GET"]}}],"collection":[{"href":"https:\/\/www.europesays.com\/es\/wp-json\/wp\/v2\/posts"}],"about":[{"href":"https:\/\/www.europesays.com\/es\/wp-json\/wp\/v2\/types\/post"}],"author":[{"embeddable":true,"href":"https:\/\/www.europesays.com\/es\/wp-json\/wp\/v2\/users\/2"}],"replies":[{"embeddable":true,"href":"https:\/\/www.europesays.com\/es\/wp-json\/wp\/v2\/comments?post=176195"}],"version-history":[{"count":0,"href":"https:\/\/www.europesays.com\/es\/wp-json\/wp\/v2\/posts\/176195\/revisions"}],"wp:featuredmedia":[{"embeddable":true,"href":"https:\/\/www.europesays.com\/es\/wp-json\/wp\/v2\/media\/176196"}],"wp:attachment":[{"href":"https:\/\/www.europesays.com\/es\/wp-json\/wp\/v2\/media?parent=176195"}],"wp:term":[{"taxonomy":"category","embeddable":true,"href":"https:\/\/www.europesays.com\/es\/wp-json\/wp\/v2\/categories?post=176195"},{"taxonomy":"post_tag","embeddable":true,"href":"https:\/\/www.europesays.com\/es\/wp-json\/wp\/v2\/tags?post=176195"}],"curies":[{"name":"wp","href":"https:\/\/api.w.org\/{rel}","templated":true}]}}