{"id":176215,"date":"2025-10-14T13:17:09","date_gmt":"2025-10-14T13:17:09","guid":{"rendered":"https:\/\/www.europesays.com\/es\/176215\/"},"modified":"2025-10-14T13:17:09","modified_gmt":"2025-10-14T13:17:09","slug":"el-motrileno-barrio-de-capuchinos-celebra-las-fiestas-en-honor-a-la-divina-pastora-del-17-al-19-de-octubre","status":"publish","type":"post","link":"https:\/\/www.europesays.com\/es\/176215\/","title":{"rendered":"El motrile\u00f1o barrio de Capuchinos celebra las fiestas en honor a la Divina Pastora del 17 al 19 de octubre"},"content":{"rendered":"<p><strong>Un a\u00f1o m\u00e1s, estos populares festejos traer\u00e1n la salida procesional de la patrona del barrio, la Real e Ilustre Hermandad Divina Pastora, y la celebraci\u00f3n de la tradicional exhibici\u00f3n de \u201cAl paso del caballo\u201d, en su und\u00e9cima edici\u00f3n.<\/strong><\/p>\n<p><strong>\u00a0<\/strong><\/p>\n<p>La teniente de alcalde encargada del \u00e1rea municipal de Participaci\u00f3n Ciudadana, Inmaculada Torres, junto con un representante de la Real e Ilustre Hermandad Divina Pastora, Andr\u00e9s Correa, y el vicepresidente de la Asociaci\u00f3n Amigos del Caballo, Miguel Rodr\u00edguez, han presentado todos los eventos que se van a realizar con motivo de las fiestas del barrio de Capuchinos de Motril en honor a la Divina Pastora y que se celebrar\u00e1n entre el viernes 17 y el domingo 19 de octubre con un gran n\u00famero de actividades pensadas para todos los p\u00fablicos.<\/p>\n<p>La teniente de alcalde encargada del \u00e1rea de Participaci\u00f3n Ciudadana, Inmaculada Torres, ha relatado que \u201choy presentamos los eventos de la hermandad y de una actividad tan se\u00f1era como es \u2018Al paso del caballo\u2019, en unos festejos que comenzar\u00e1n el viernes 17 con diversas actividades pensadas para todos los p\u00fablicos\u201d. Inmaculada Torres ha querido resaltar el papel y la importancia de la Hermandad de la Divina Pastora y que \u201ctodos los eventos de estas fiestas, a lo largo del fin de semana, se realizan alrededor de su venerada figura y su tradicional salida procesional\u201d.<\/p>\n<p>Por su parte, el representante de la Real e Ilustre Hermandad Divina Pastora, Andr\u00e9s Correa, ha informado sobre los distintos actos lit\u00fargicos que se est\u00e1n realizando por parte de la hermandad, donde \u201clos cultos empezaron el pasado s\u00e1bado d\u00eda 11 de octubre y acabar\u00e1n con el septenario el pr\u00f3ximo viernes 17\u201d. Adem\u00e1s, Correa ha destacado otras importantes actividades como \u201cla imposici\u00f3n de medallas a todos los hermanos de la hermandad el pr\u00f3ximo mi\u00e9rcoles, el jueves con la bendici\u00f3n de nuevos enseres y el viernes, el d\u00eda previo a nuestra salida procesional, con la ofrenda floral y de alimentos para nuestra madre, en la entrada de la parroquia, de 16:00 a 18:00 horas\u201d.<\/p>\n<p>Las Fiestas en honor a la Divina Pastora comenzar\u00e1n el pr\u00f3ximo viernes 17 de octubre con una programaci\u00f3n muy diversa de actividades a lo largo de 3 d\u00edas en los que el barrio de Capuchinos se volcar\u00e1 en que los vecinos y visitantes puedan disfrutar juntos. El mismo d\u00eda 17, las fiestas comenzar\u00e1n por todo lo alto con el preg\u00f3n a cargo de David Orihuela Vico y el posterior reconocimiento a los vecinos del barrio, en uno de los momentos m\u00e1s emotivos. A continuaci\u00f3n, la m\u00fasica y el folclore motrile\u00f1o protagonizar\u00e1n la noche del viernes con las actuaciones de la Academia Punta y Tac\u00f3n, la Escuela Flamenca Mercedes Mart\u00edn y la actuaci\u00f3n del grupo D\u00fao La Herencia.<\/p>\n<p>El s\u00e1bado 18 de octubre, la jornada comenzar\u00e1 con una gran chocolatada en la plaza de las Hermanas Mercedarias para todos los vecinos, dando paso al pasacalles con concurso de disfraces y acompa\u00f1ado por una charanga. El plato fuerte de estas festividades llegar\u00e1 la tarde del s\u00e1bado con la salida procesional de la Divina Pastora, patrona del barrio y figura religiosa muy reconocida en toda la ciudad, que recorrer\u00e1 las calles de Motril a partir de las 19:00 horas. Por la noche, el ritmo volver\u00e1 a reinar en estos festejos con las actuaciones de la Asociaci\u00f3n Agua Viva y la Asociaci\u00f3n de Vecinos San Antonio, as\u00ed como la exhibici\u00f3n de Zumba Dance Tropical Beach y la verbena a cargo de D\u00fao Voltaje.<\/p>\n<p>El \u00faltimo d\u00eda de las festividades en honor a la Divina Pastora llegar\u00e1 con la celebraci\u00f3n de uno de los momentos m\u00e1s especiales, con la XI Exhibici\u00f3n \u2018Al paso del caballo\u2019, un tradicional evento equino que, como cada a\u00f1o, recorrer\u00e1 la ciudad en un paseo a partir de las 13:00 horas, previa concentraci\u00f3n a las 12:00 horas, para finalizar con una entrega de premios en la plaza de las Mercedarias a las 14:00 horas. La programaci\u00f3n festiva este domingo 19 de octubre continuar\u00e1 con diversas actividades para todos los p\u00fablicos: colchones hinchables gratis, un concurso de dibujo del barrio o la tradicional misa a partir de las 12:00 horas. Adem\u00e1s, esta jornada finalizar\u00e1 con una comida popular de migas, al precio de 2 euros, y la tradicional actuaci\u00f3n del grupo de Mariachis Costa del Sol.<\/p>\n<p>Como es habitual, Inmaculada Torres no ha dudado en invitar a todos los motrile\u00f1os, motrile\u00f1as y visitantes a que \u201cno duden en asistir al barrio de Capuchinos a lo largo de este gran fin de semana para disfrutar de alguna de las grandes actividades que se han preparado para estas fiestas\u201d. Adem\u00e1s, Inmaculada Torres ha querido resaltar la importancia de la actividad ecuestre \u2018Al paso del caballo\u2019, dentro de la singularidad de su celebraci\u00f3n y que resurgi\u00f3 con motivo de \u201cmantener viva esa idea de la tradicional feria de ganado que exist\u00eda y que ofrece, desde hace 11 a\u00f1os, un evento muy especial y que merece mucho la pena disfrutar\u201d.<\/p>\n<p>\u00a0<\/p>\n<p><img fetchpriority=\"high\" decoding=\"async\" class=\"alignnone  wp-image-69893\" src=\"https:\/\/www.europesays.com\/es\/wp-content\/uploads\/2025\/10\/Al-paso-del-caballo-212x300.jpeg\" alt=\"\" width=\"297\" height=\"421\"  \/> <img loading=\"lazy\" decoding=\"async\" class=\"alignnone  wp-image-69895 lazyload\" src=\"https:\/\/www.europesays.com\/es\/wp-content\/uploads\/2025\/10\/Procesion-Divina-Pastora-213x300.jpeg\" alt=\"\" width=\"297\" height=\"418\"  data- style=\"--smush-placeholder-width: 297px; --smush-placeholder-aspect-ratio: 297\/418;\"\/> <img loading=\"lazy\" decoding=\"async\" class=\"alignnone  wp-image-69896 lazyload\" src=\"https:\/\/www.europesays.com\/es\/wp-content\/uploads\/2025\/10\/Programacion-Fiestas-de-la-Divina-Pastora-212x300.jpeg\" alt=\"\" width=\"295\" height=\"418\"  data- style=\"--smush-placeholder-width: 295px; --smush-placeholder-aspect-ratio: 295\/418;\"\/><\/p>\n","protected":false},"excerpt":{"rendered":"Un a\u00f1o m\u00e1s, estos populares festejos traer\u00e1n la salida procesional de la patrona del barrio, la Real e&hellip;\n","protected":false},"author":2,"featured_media":176216,"comment_status":"","ping_status":"","sticky":false,"template":"","format":"standard","meta":{"footnotes":""},"categories":[5],"tags":[11530,17,18,25,24,13,14,11,19,20,9,10,15,16,23,12,21,22],"class_list":{"0":"post-176215","1":"post","2":"type-post","3":"status-publish","4":"format-standard","5":"has-post-thumbnail","7":"category-titulares","8":"tag-actualidad2","9":"tag-breaking-news","10":"tag-breakingnews","11":"tag-es","12":"tag-espana","13":"tag-featured-news","14":"tag-featurednews","15":"tag-headlines","16":"tag-latest-news","17":"tag-latestnews","18":"tag-news","19":"tag-noticias","20":"tag-noticias-destacadas","21":"tag-noticiasdestacadas","22":"tag-spain","23":"tag-titulares","24":"tag-ultimas-noticias","25":"tag-ultimasnoticias"},"share_on_mastodon":{"url":"","error":""},"_links":{"self":[{"href":"https:\/\/www.europesays.com\/es\/wp-json\/wp\/v2\/posts\/176215","targetHints":{"allow":["GET"]}}],"collection":[{"href":"https:\/\/www.europesays.com\/es\/wp-json\/wp\/v2\/posts"}],"about":[{"href":"https:\/\/www.europesays.com\/es\/wp-json\/wp\/v2\/types\/post"}],"author":[{"embeddable":true,"href":"https:\/\/www.europesays.com\/es\/wp-json\/wp\/v2\/users\/2"}],"replies":[{"embeddable":true,"href":"https:\/\/www.europesays.com\/es\/wp-json\/wp\/v2\/comments?post=176215"}],"version-history":[{"count":0,"href":"https:\/\/www.europesays.com\/es\/wp-json\/wp\/v2\/posts\/176215\/revisions"}],"wp:featuredmedia":[{"embeddable":true,"href":"https:\/\/www.europesays.com\/es\/wp-json\/wp\/v2\/media\/176216"}],"wp:attachment":[{"href":"https:\/\/www.europesays.com\/es\/wp-json\/wp\/v2\/media?parent=176215"}],"wp:term":[{"taxonomy":"category","embeddable":true,"href":"https:\/\/www.europesays.com\/es\/wp-json\/wp\/v2\/categories?post=176215"},{"taxonomy":"post_tag","embeddable":true,"href":"https:\/\/www.europesays.com\/es\/wp-json\/wp\/v2\/tags?post=176215"}],"curies":[{"name":"wp","href":"https:\/\/api.w.org\/{rel}","templated":true}]}}