{"id":176219,"date":"2025-10-14T13:19:07","date_gmt":"2025-10-14T13:19:07","guid":{"rendered":"https:\/\/www.europesays.com\/es\/176219\/"},"modified":"2025-10-14T13:19:07","modified_gmt":"2025-10-14T13:19:07","slug":"pacma-denuncia-agresiones-a-manifestantes-antitaurinos-por-parte-de-menores-en-las-ventas","status":"publish","type":"post","link":"https:\/\/www.europesays.com\/es\/176219\/","title":{"rendered":"PACMA denuncia agresiones a manifestantes antitaurinos por parte de menores en Las Ventas"},"content":{"rendered":"<p>El Partido Animalista Con el Medio Ambiente (PACMA) ha denunciado este martes que un grupo de personas, \u201cespecialmente menores de edad\u201d, agredi\u00f3 el pasado domingo a varios manifestantes antitaurinos que protestaban contra la tauromaquia en las inmediaciones de la plaza de toros de Las Ventas, coincidiendo con la \u00faltima corrida de la Feria de Oto\u00f1o.<\/p>\n<p>Seg\u00fan ha informado la formaci\u00f3n en un comunicado, \u201clos activistas, que ejerc\u00edan su derecho a la protesta pac\u00edfica contra el maltrato animal, <strong>fueron objeto de una lluvia de objetos peligrosos \u2014incluyendo monedas, vasos de vidrio, latas y botellas<\/strong>\u2014 lanzados desde las inmediaciones de la plaza\u201d. <\/p>\n<p>A estos hechos se sumaron \u201c<strong>graves insultos y amenazas\u201d, como \u201chijos de puta\u201d y \u201cmaricones\u201d,<\/strong> ha se\u00f1alado PACMA, que ha destacado \u201cla extrema gravedad\u201d de que personas <strong>menores de edad participaran en el incidente, al considerar que es \u201cun reflejo directo de la crueldad que se normaliza<\/strong> y promueve en los espect\u00e1culos taurinos\u201d.<\/p>\n<blockquote class=\"twitter-tweet\" data-width=\"550\" data-dnt=\"true\">\n<p lang=\"es\" dir=\"ltr\">\ud83d\ude4c\u00a1Menos violencia, m\u00e1s inteligencia!<\/p>\n<p>\ud83d\udce3Ayer el equipo de <a href=\"https:\/\/twitter.com\/Pacma_Madrid?ref_src=twsrc%5Etfw\" rel=\"nofollow noopener\" target=\"_blank\">@Pacma_Madrid<\/a> se manifest\u00f3 con Uni\u00f3n Antitaurina contra la tauromaquia en la plaza de toros de Las Ventas. La violenta actitud de los taurinos sigue demostrando que son s\u00e1dicos, frente a la actitud pac\u00edfica de los\u2026 <a href=\"https:\/\/t.co\/rnK8KIuasu\" rel=\"nofollow\">pic.twitter.com\/rnK8KIuasu<\/a><\/p>\n<p>\u2014 PACMA (@PartidoPACMA) <a href=\"https:\/\/twitter.com\/PartidoPACMA\/status\/1977739583681941989?ref_src=twsrc%5Etfw\" rel=\"nofollow noopener\" target=\"_blank\">October 13, 2025<\/a><\/p><\/blockquote>\n<p>En este contexto, el presidente de <a href=\"https:\/\/noticiasparamunicipios.com\/municipios-madrid\/noticias-mostoles\/pacma-denuncia-ante-la-guardia-civil-un-espectaculo-de-caballos-con-musica-y-focos-en-mostoles\/\" rel=\"nofollow noopener\" target=\"_blank\">PACMA<\/a>, Javier Luna, ha calificado de \u201cintolerable\u201d que la juventud madrile\u00f1a sea \u201calentada a la violencia y el odio en nombre de la mal llamada cultura\u201d, y ha asegurado que la implicaci\u00f3n de menores en los hechos \u201cdemuestra el fracaso de las pol\u00edticas de protecci\u00f3n de la infancia\u201d en la Comunidad de Madrid.<\/p>\n<p>PACMA tambi\u00e9n ha criticado a la presidenta regional, Isabel D\u00edaz Ayuso, y al alcalde de Madrid, Jos\u00e9 Luis Mart\u00ednez-Almeida, por lo que ha calificado de<strong> \u201cpromoci\u00f3n activa\u201d de la tauromaquia entre menores<\/strong>. \u201cAmbas administraciones no solo <strong>mantienen subvenciones p\u00fablicas a esta pr\u00e1ctica, sino que fomentan su continuidad <\/strong>a pesar de las advertencias internacionales\u201d, ha a\u00f1adido la formaci\u00f3n.<\/p>\n<p>El partido ha recordado que el <strong>Comit\u00e9 de Naciones Unidas para los Derechos del Ni\u00f1o ha solicitado \u201cen reiteradas ocasiones\u201d a Espa\u00f1a que proh\u00edba la participaci\u00f3n y asistencia de menores de 18 a\u00f1os a las corridas de toros<\/strong> por la exposici\u00f3n a la violencia. \u201cLa actitud mostrada por estos j\u00f3venes en Las Ventas confirma la preocupante influencia deshumanizadora de la tauromaquia\u201d, ha se\u00f1alado PACMA.<\/p>\n<p>Finalmente, la organizaci\u00f3n animalista ha instado a Ayuso y Almeida a condenar p\u00fablicamente los hechos, prohibir de forma inmediata el acceso de menores a los festejos taurinos en cumplimiento de las recomendaciones de la ONU y cesar toda subvenci\u00f3n y promoci\u00f3n p\u00fablica de la tauromaquia.<\/p>\n<p>\n\tRelacionado\n<\/p>\n<p>\t<script async src=\"https:\/\/platform.twitter.com\/widgets.js\" charset=\"utf-8\"><\/script><\/p>\n","protected":false},"excerpt":{"rendered":"El Partido Animalista Con el Medio Ambiente (PACMA) ha denunciado este martes que un grupo de personas, \u201cespecialmente&hellip;\n","protected":false},"author":2,"featured_media":176220,"comment_status":"","ping_status":"","sticky":false,"template":"","format":"standard","meta":{"footnotes":""},"categories":[277],"tags":[373,168,25,24,50516,50517,50518,23,167,374],"class_list":{"0":"post-176219","1":"post","2":"type-post","3":"status-publish","4":"format-standard","5":"has-post-thumbnail","7":"category-toreo","8":"tag-bullfighting","9":"tag-deportes","10":"tag-es","11":"tag-espana","12":"tag-madrid-noticias-destacadas","13":"tag-madrid-sociedad","14":"tag-portada-madrid","15":"tag-spain","16":"tag-sports","17":"tag-toreo"},"share_on_mastodon":{"url":"","error":""},"_links":{"self":[{"href":"https:\/\/www.europesays.com\/es\/wp-json\/wp\/v2\/posts\/176219","targetHints":{"allow":["GET"]}}],"collection":[{"href":"https:\/\/www.europesays.com\/es\/wp-json\/wp\/v2\/posts"}],"about":[{"href":"https:\/\/www.europesays.com\/es\/wp-json\/wp\/v2\/types\/post"}],"author":[{"embeddable":true,"href":"https:\/\/www.europesays.com\/es\/wp-json\/wp\/v2\/users\/2"}],"replies":[{"embeddable":true,"href":"https:\/\/www.europesays.com\/es\/wp-json\/wp\/v2\/comments?post=176219"}],"version-history":[{"count":0,"href":"https:\/\/www.europesays.com\/es\/wp-json\/wp\/v2\/posts\/176219\/revisions"}],"wp:featuredmedia":[{"embeddable":true,"href":"https:\/\/www.europesays.com\/es\/wp-json\/wp\/v2\/media\/176220"}],"wp:attachment":[{"href":"https:\/\/www.europesays.com\/es\/wp-json\/wp\/v2\/media?parent=176219"}],"wp:term":[{"taxonomy":"category","embeddable":true,"href":"https:\/\/www.europesays.com\/es\/wp-json\/wp\/v2\/categories?post=176219"},{"taxonomy":"post_tag","embeddable":true,"href":"https:\/\/www.europesays.com\/es\/wp-json\/wp\/v2\/tags?post=176219"}],"curies":[{"name":"wp","href":"https:\/\/api.w.org\/{rel}","templated":true}]}}