{"id":176223,"date":"2025-10-14T13:23:11","date_gmt":"2025-10-14T13:23:11","guid":{"rendered":"https:\/\/www.europesays.com\/es\/176223\/"},"modified":"2025-10-14T13:23:11","modified_gmt":"2025-10-14T13:23:11","slug":"ned-overend-sigue-ganando-a-los-70-anos","status":"publish","type":"post","link":"https:\/\/www.europesays.com\/es\/176223\/","title":{"rendered":"Ned Overend sigue ganando\u2026 a los 70 a\u00f1os"},"content":{"rendered":"<blockquote class=\"quote-card lateral\">\n<p>\u00abGan\u00e9 la prueba de 60 millas con 4.600 pies de desnivel. La mayor\u00eda de los profesionales escogieron la distancia de 100 millas. Me preocupaba que, para cuando yo llegase, el barril de cerveza ya estuviese vac\u00edo\u00bb<\/p>\n<\/blockquote>\n<p>Ned Overend ha vuelto a hacerlo. A sus m\u00e1s de 70 a\u00f1os, el hist\u00f3rico biker estadounidense sigue compitiendo \u2014y ganando\u2014 pruebas a nivel absoluto. El pasado fin de semana se impuso en la <strong>Belgian Waffle Ride de Carolina del Norte<\/strong>, dentro de la distancia de <strong>57 millas (unos 92 kil\u00f3metros)<\/strong> y <strong>1.400 metros de desnivel positivo<\/strong>, firmando una nueva victoria en una carrera que reun\u00eda a participantes de todas las edades.<\/p>\n<p>\t Contin\u00faa tras los patrocinadores<\/p>\n<blockquote class=\"quote-card lateral\">\n<p>Pionero del MTB y leyenda viva del deporte<\/p>\n<\/blockquote>\n<p>Overend, que sigue mostrando una forma f\u00edsica impresionante, se enfrent\u00f3 a un exigente recorrido por las <strong>monta\u00f1as Blue Ridge<\/strong>, donde el terreno mixto y los continuos repechos pusieron a prueba la resistencia de todos los participantes. Mientras la mayor\u00eda de los profesionales optaron por la prueba larga de 100 millas, el veterano corredor demostr\u00f3 una vez m\u00e1s su competitividad y pasi\u00f3n intacta por el deporte.<\/p>\n<p>Ned Overend es una figura fundamental en la historia del mountain bike. En 1990 se convirti\u00f3 en el <strong>primer campe\u00f3n del mundo de XCO<\/strong> de la UCI, cuando la disciplina apenas daba sus primeros pasos en el panorama competitivo internacional. Su estilo explosivo y su capacidad para adaptarse a cualquier tipo de terreno marcaron una \u00e9poca y ayudaron a definir el MTB moderno.<\/p>\n<p>A lo largo de su carrera, ha mantenido una estrecha relaci\u00f3n con <strong>Specialized<\/strong>, marca con la que ha estado vinculado durante d\u00e9cadas tanto como corredor como embajador t\u00e9cnico. Overend ha sido una pieza clave en el desarrollo de muchos productos de la firma californiana, aportando su experiencia en competici\u00f3n y su visi\u00f3n de la evoluci\u00f3n del ciclismo de monta\u00f1a y el gravel.<\/p>\n<blockquote class=\"quote-card lateral\">\n<p>Una leyenda que no se detiene<\/p>\n<\/blockquote>\n<p>Su victoria en la Belgian Waffle Ride de Carolina del Norte no es un hecho aislado. Overend ha seguido participando regularmente en pruebas de MTB, carretera y gravel, mostrando un nivel de forma admirable y una motivaci\u00f3n que parece inagotable. Su presencia en eventos como este no solo inspira a ciclistas veteranos, sino que tambi\u00e9n recuerda a las nuevas generaciones el esp\u00edritu original del mountain bike: competir, disfrutar y superar los l\u00edmites personales.<\/p>\n<p>La Belgian Waffle Ride, creada por <strong>Michael Marckx en 2011 en San Diego<\/strong>, es una de las pruebas que m\u00e1s ha contribuido al auge del gravel en Estados Unidos. Con el paso de los a\u00f1os se ha expandido a distintos estados y se ha consolidado como una referencia dentro del calendario norteamericano. Que un mito como Ned Overend siga escribiendo cap\u00edtulos en su historia solo confirma que la pasi\u00f3n por el ciclismo no entiende de edad.<\/p>\n","protected":false},"excerpt":{"rendered":"\u00abGan\u00e9 la prueba de 60 millas con 4.600 pies de desnivel. La mayor\u00eda de los profesionales escogieron la&hellip;\n","protected":false},"author":2,"featured_media":176224,"comment_status":"","ping_status":"","sticky":false,"template":"","format":"standard","meta":{"footnotes":""},"categories":[273],"tags":[313,312,168,25,24,18236,50519,23,167],"class_list":{"0":"post-176223","1":"post","2":"type-post","3":"status-publish","4":"format-standard","5":"has-post-thumbnail","7":"category-ciclismo","8":"tag-ciclismo","9":"tag-cycling","10":"tag-deportes","11":"tag-es","12":"tag-espana","13":"tag-gravel","14":"tag-ned-overend","15":"tag-spain","16":"tag-sports"},"share_on_mastodon":{"url":"","error":""},"_links":{"self":[{"href":"https:\/\/www.europesays.com\/es\/wp-json\/wp\/v2\/posts\/176223","targetHints":{"allow":["GET"]}}],"collection":[{"href":"https:\/\/www.europesays.com\/es\/wp-json\/wp\/v2\/posts"}],"about":[{"href":"https:\/\/www.europesays.com\/es\/wp-json\/wp\/v2\/types\/post"}],"author":[{"embeddable":true,"href":"https:\/\/www.europesays.com\/es\/wp-json\/wp\/v2\/users\/2"}],"replies":[{"embeddable":true,"href":"https:\/\/www.europesays.com\/es\/wp-json\/wp\/v2\/comments?post=176223"}],"version-history":[{"count":0,"href":"https:\/\/www.europesays.com\/es\/wp-json\/wp\/v2\/posts\/176223\/revisions"}],"wp:featuredmedia":[{"embeddable":true,"href":"https:\/\/www.europesays.com\/es\/wp-json\/wp\/v2\/media\/176224"}],"wp:attachment":[{"href":"https:\/\/www.europesays.com\/es\/wp-json\/wp\/v2\/media?parent=176223"}],"wp:term":[{"taxonomy":"category","embeddable":true,"href":"https:\/\/www.europesays.com\/es\/wp-json\/wp\/v2\/categories?post=176223"},{"taxonomy":"post_tag","embeddable":true,"href":"https:\/\/www.europesays.com\/es\/wp-json\/wp\/v2\/tags?post=176223"}],"curies":[{"name":"wp","href":"https:\/\/api.w.org\/{rel}","templated":true}]}}