{"id":176225,"date":"2025-10-14T13:24:12","date_gmt":"2025-10-14T13:24:12","guid":{"rendered":"https:\/\/www.europesays.com\/es\/176225\/"},"modified":"2025-10-14T13:24:12","modified_gmt":"2025-10-14T13:24:12","slug":"mclaren-sigue-temiendo-a-verstappen-y-brown-niega-una-relajacion","status":"publish","type":"post","link":"https:\/\/www.europesays.com\/es\/176225\/","title":{"rendered":"McLaren sigue temiendo a Verstappen y Brown niega una \u00abrelajaci\u00f3n\u00bb"},"content":{"rendered":"<p>            <img decoding=\"async\" width=\"1200\" height=\"801\" src=\"https:\/\/www.europesays.com\/es\/wp-content\/uploads\/2025\/10\/12267.jpg\" class=\"attachment-full size-full wp-post-image\" alt=\"\" loading=\"lazy\"\/><\/p>\n<p style=\"display:none\">McLaren sigue temiendo a Verstappen y Brown niega una \u00abrelajaci\u00f3n\u00bb<\/p>\n<p style=\"display:none\">La ventaja de 63 puntos de Oscar Piastri sobre Max Verstappen\u00a0(y 44 puntos con Lando Norris) no es una raz\u00f3n de peso suficiente para que McLaren\u00a0descarte a Max Verstappen en la lucha por el t\u00edtulo&#8230;<\/p>\n<p>\n            La ventaja de 63 puntos de Oscar Piastri sobre Max Verstappen\u00a0(y 44 puntos con Lando Norris) no es una raz\u00f3n de peso suficiente para que McLaren\u00a0descarte a Max Verstappen en la lucha por el t\u00edtulo de F1 de 2025 a falta de todav\u00eda seis grandes premios por disputarse. As\u00ed lo ha asegurado el jefe supremo de la estructura de Woking, Zak Brown, antes del Gran Premio de Estados Unidos 2025 en &#8230;<a class=\"more\" href=\"https:\/\/es.motorsport.com\/f1\/news\/mclaren-teme-verstappen-browm-niega-relajaci%C3%B3n\/10767434\/?utm_source=RSS&amp;utm_medium=referral&amp;utm_campaign=RSS-ALL&amp;utm_term=News&amp;utm_content=es\" rel=\"nofollow noopener\" target=\"_blank\">Sigue leyendo<\/a><\/p>\n<p>Fuente: <a target=\"_blank\" href=\"https:\/\/es.motorsport.com\/f1\/news\/mclaren-teme-verstappen-browm-niega-relajaci%C3%B3n\/10767434\/?utm_source=RSS&amp;utm_medium=referral&amp;utm_campaign=RSS-ALL&amp;utm_term=News&amp;utm_content=es\" rel=\"nofollow noopener\">https:\/\/es.motorsport.com\/f1\/news\/mclaren-teme-verstappen-browm-niega-relajaci%C3%B3n\/10767434\/?utm_source=RSS&amp;utm_medium=referral&amp;utm_campaign=RSS-ALL&amp;utm_term=News&amp;utm_content=es<\/a><\/p>\n","protected":false},"excerpt":{"rendered":"McLaren sigue temiendo a Verstappen y Brown niega una \u00abrelajaci\u00f3n\u00bb La ventaja de 63 puntos de Oscar Piastri&hellip;\n","protected":false},"author":2,"featured_media":176226,"comment_status":"","ping_status":"","sticky":false,"template":"","format":"standard","meta":{"footnotes":""},"categories":[270],"tags":[168,25,24,306,271,272,23,167],"class_list":{"0":"post-176225","1":"post","2":"type-post","3":"status-publish","4":"format-standard","5":"has-post-thumbnail","7":"category-formula-1","8":"tag-deportes","9":"tag-es","10":"tag-espana","11":"tag-f1","12":"tag-formula-1","13":"tag-formula1","14":"tag-spain","15":"tag-sports"},"share_on_mastodon":{"url":"","error":""},"_links":{"self":[{"href":"https:\/\/www.europesays.com\/es\/wp-json\/wp\/v2\/posts\/176225","targetHints":{"allow":["GET"]}}],"collection":[{"href":"https:\/\/www.europesays.com\/es\/wp-json\/wp\/v2\/posts"}],"about":[{"href":"https:\/\/www.europesays.com\/es\/wp-json\/wp\/v2\/types\/post"}],"author":[{"embeddable":true,"href":"https:\/\/www.europesays.com\/es\/wp-json\/wp\/v2\/users\/2"}],"replies":[{"embeddable":true,"href":"https:\/\/www.europesays.com\/es\/wp-json\/wp\/v2\/comments?post=176225"}],"version-history":[{"count":0,"href":"https:\/\/www.europesays.com\/es\/wp-json\/wp\/v2\/posts\/176225\/revisions"}],"wp:featuredmedia":[{"embeddable":true,"href":"https:\/\/www.europesays.com\/es\/wp-json\/wp\/v2\/media\/176226"}],"wp:attachment":[{"href":"https:\/\/www.europesays.com\/es\/wp-json\/wp\/v2\/media?parent=176225"}],"wp:term":[{"taxonomy":"category","embeddable":true,"href":"https:\/\/www.europesays.com\/es\/wp-json\/wp\/v2\/categories?post=176225"},{"taxonomy":"post_tag","embeddable":true,"href":"https:\/\/www.europesays.com\/es\/wp-json\/wp\/v2\/tags?post=176225"}],"curies":[{"name":"wp","href":"https:\/\/api.w.org\/{rel}","templated":true}]}}