{"id":176235,"date":"2025-10-14T13:29:08","date_gmt":"2025-10-14T13:29:08","guid":{"rendered":"https:\/\/www.europesays.com\/es\/176235\/"},"modified":"2025-10-14T13:29:08","modified_gmt":"2025-10-14T13:29:08","slug":"el-premio-planeta-2025-alcanza-su-record-de-participacion-con-finalistas-entre-el-romance-y-la-fantasia-cultura","status":"publish","type":"post","link":"https:\/\/www.europesays.com\/es\/176235\/","title":{"rendered":"El premio Planeta 2025 alcanza su r\u00e9cord de participaci\u00f3n con finalistas entre el romance y la fantas\u00eda | Cultura"},"content":{"rendered":"<p class=\"\">R\u00e9cord de manuscritos enviados <a href=\"https:\/\/elpais.com\/noticias\/premio-planeta\/\" target=\"_self\" rel=\"nofollow noopener\" title=\"https:\/\/elpais.com\/noticias\/premio-planeta\/\">al premio Planeta<\/a>. La septuag\u00e9sima cuarta edici\u00f3n ha contado con 1.320 novelas presentadas. \u201cHa sido un a\u00f1o de celebraci\u00f3n, se ha demostrado que estamos muy comprometidos con el proyecto. En los momentos dif\u00edciles que estamos viviendo, nosotros intentamos que el mundo sea mejor tanto en libros, en educaci\u00f3n o en medios de comunicaci\u00f3n\u201d, ha contado el presidente del Grupo Planeta <a href=\"https:\/\/elpais.com\/noticias\/jose-creuheras-margenat\/\" target=\"_self\" rel=\"nofollow noopener\" title=\"https:\/\/elpais.com\/noticias\/jose-creuheras-margenat\/\">Josep Creuheras<\/a>, en la presentaci\u00f3n del galard\u00f3n que se instaur\u00f3 a los dos a\u00f1os de la fundaci\u00f3n de la empresa.<\/p>\n<p>M\u00e1s informaci\u00f3n<\/p>\n<p class=\"\">El premio Planeta de Novela 2025, que se entregar\u00e1 ma\u00f1ana durante su tradicional cena literaria en el Museu Nacional d\u2019Art de Catalunya, est\u00e1 dotado de un mill\u00f3n de euros a la obra ganadora y 200.000 euros a la finalista. En el encuentro con medios en el Palau de la M\u00fcsica se ha presentado a los diez finalistas, cuatro de ellas con seud\u00f3nimo. En esa lista final se perciben los cambios de h\u00e1bitos en las lecturas, <\/p>\n<p class=\"\">En una edici\u00f3n en la que la novela hist\u00f3rica tradicional pierde fuelle, destaca la irrupci\u00f3n de la novela fant\u00e1stica y de los romances enmarcados en distop\u00edas sociales o escenarios de ciencia ficci\u00f3n. \u201cNecesitamos evasi\u00f3n de la realidad y la vamos a encontrar en la fantas\u00eda y en el romance\u201d, ha dicho la escritora <a href=\"https:\/\/elpais.com\/cultura\/2022-10-15\/luz-gabas-autora-de-palmeras-en-la-nieve-gana-el-premio-planeta.html\" target=\"_self\" rel=\"nofollow noopener\" title=\"https:\/\/elpais.com\/cultura\/2022-10-15\/luz-gabas-autora-de-palmeras-en-la-nieve-gana-el-premio-planeta.html\">Luz Gab\u00e1s<\/a>, miembro del jurado y encargada de presentar y resumir los diez finalistas. El g\u00e9nero que m\u00e1s crece en ventas, la romantasy, se percibe en t\u00edtulos como \u00bfNo es hermosa la luna?, de Selene Noctis (seud\u00f3nimo); El color de la lluvia, de Sof\u00eda Garc\u00eda (seud\u00f3nimo), sobre una joven de la posguerra en la Galicia rural que descubre que tiene una gemela perdida por experimentos en el hospital en el que naci\u00f3 o Ghosting, de Salva Rubio, una novela sobre un aut\u00f3nomo afectado por la crisis inmobiliaria que vive obsesionado con su juventud en los 90 en el barrio barcelon\u00e9s del Born y que iniciar\u00e1 una curiosa relaci\u00f3n con el fantasma de la joven que habita en su piso. Tambi\u00e9n destacan distop\u00edas de ciencia ficci\u00f3n, como Todos r\u00eden, de Noelia Espinar, con el tema de fondo de c\u00f3mo la maldad germina en lo cotidiano o el drama puramente rom\u00e1ntico No es tan f\u00e1cil morir de amor, de Elvira Torres (seud\u00f3nimo), sobre una mujer de la sociedad sevillana, hastiada de su matrimonio con un marqu\u00e9s que iniciar\u00e1 una relaci\u00f3n con un hombre origen humilde. <\/p>\n<p>Los j\u00f3venes leen <\/p>\n<p class=\"\">Las tramas de los finalistas responden a los h\u00e1bitos de consumo cultural. El director de la Divisio\u0301n Editorial de Planeta, Jes\u00fas Badenes, ha especificado la industria del libro ha crecido un 4% en el primer trimestre de 2025 y que los motores de crecimiento son ficci\u00f3n y juvenil. \u201cLa poblaci\u00f3n lectora de 14 a 29 a\u00f1os ha pasado de ser la m\u00e1s rezagada en tiempos anteriores a la pandemia a alcanzar el 75% y cuando vamos a la cifra femenina esa cifra es del 84%\u201d. Badenes ha defendido la irrupci\u00f3n de la romantasy. \u201cLa mayor\u00eda de los lectores despu\u00e9s pasa a los cl\u00e1sicos y a las grandes novelas de amor de todos los tiempos\u201d, ha dicho. El motivo de este empuje, destaca, est\u00e1 en la prescripci\u00f3n de TikTok y las redes sociales. \u201cLa pandemia hizo que la lectura era un ocio seguro, una actividad m\u00e1s introspectiva. Los mecanismos de las redes y el alcance a trav\u00e9s de plataformas como TikTok explican el 80% del fen\u00f3meno\u201d, ha destacado.<\/p>\n<p class=\"\">\u201cEl libro goza de muy buena salud\u201d, ha dicho Creuheras, especificando que se han superado los 46 millones de ejemplares vendidos en el \u00faltimo a\u00f1o y m\u00e1s del 65 por ciento de la poblaci\u00f3n se declara lectora. El presidente de Planeta ha hecho hincapi\u00e9 en los h\u00e1bitos de los m\u00e1s j\u00f3venes. \u201cLa duda de que si la juventud estaba leyendo o no, hoy no es opinable: el 75% est\u00e1 leyendo\u201d. Sobre la inteligencia artificial, Crehueras ha reclamado medidas de protecci\u00f3n a los autores. \u201cLa IA no sustituir\u00e1 el talento ni la creatividad. Debemos proteger la propiedad intelectual de los autores porque est\u00e1 en riesgo por el mal uso que se est\u00e1 haciendo\u201d, ha destacado.<\/p>\n<p class=\"\">El jurado del premio lo integran este a\u00f1o Jos\u00e9 Manuel Blecua, Juan Eslava Gal\u00e1n, Luz Gab\u00e1s, Pere Gimferrer, Eva Giner, Carmen Posadas y Belen L\u00f3pez. En 2024, la ganadora fue <a href=\"https:\/\/elpais.com\/cultura\/2025-01-10\/paloma-sanchez-garnica-un-escritor-no-puede-escribir-solo-para-la-elite-eso-es-una-estupidez.html\" target=\"_self\" rel=\"nofollow noopener\" title=\"https:\/\/elpais.com\/cultura\/2025-01-10\/paloma-sanchez-garnica-un-escritor-no-puede-escribir-solo-para-la-elite-eso-es-una-estupidez.html\">Paloma S\u00e1nchez-Garnica<\/a> con Victoria, y la finalista fue <a href=\"https:\/\/elpais.com\/cultura\/2024-12-11\/beatriz-serrano-finalista-del-premio-planeta-todo-nos-traspasa-nada-se-nos-queda.html\" target=\"_self\" rel=\"nofollow noopener\" title=\"https:\/\/elpais.com\/cultura\/2024-12-11\/beatriz-serrano-finalista-del-premio-planeta-todo-nos-traspasa-nada-se-nos-queda.html\">Beatriz Serrano<\/a> con Fuego en la Garganta. <\/p>\n","protected":false},"excerpt":{"rendered":"R\u00e9cord de manuscritos enviados al premio Planeta. La septuag\u00e9sima cuarta edici\u00f3n ha contado con 1.320 novelas presentadas. \u201cHa&hellip;\n","protected":false},"author":2,"featured_media":176236,"comment_status":"","ping_status":"","sticky":false,"template":"","format":"standard","meta":{"footnotes":""},"categories":[172],"tags":[224,50523,209,146,147,25,1598,24,225,50522,50524,4042,33469,23],"class_list":{"0":"post-176235","1":"post","2":"type-post","3":"status-publish","4":"format-standard","5":"has-post-thumbnail","7":"category-libros","8":"tag-books","9":"tag-carmen-posadas","10":"tag-cultura","11":"tag-entertainment","12":"tag-entretenimiento","13":"tag-es","14":"tag-escritores","15":"tag-espana","16":"tag-libros","17":"tag-luz-gabas","18":"tag-pere-gimferrer","19":"tag-premio-planeta","20":"tag-premios-literarios","21":"tag-spain"},"share_on_mastodon":{"url":"","error":""},"_links":{"self":[{"href":"https:\/\/www.europesays.com\/es\/wp-json\/wp\/v2\/posts\/176235","targetHints":{"allow":["GET"]}}],"collection":[{"href":"https:\/\/www.europesays.com\/es\/wp-json\/wp\/v2\/posts"}],"about":[{"href":"https:\/\/www.europesays.com\/es\/wp-json\/wp\/v2\/types\/post"}],"author":[{"embeddable":true,"href":"https:\/\/www.europesays.com\/es\/wp-json\/wp\/v2\/users\/2"}],"replies":[{"embeddable":true,"href":"https:\/\/www.europesays.com\/es\/wp-json\/wp\/v2\/comments?post=176235"}],"version-history":[{"count":0,"href":"https:\/\/www.europesays.com\/es\/wp-json\/wp\/v2\/posts\/176235\/revisions"}],"wp:featuredmedia":[{"embeddable":true,"href":"https:\/\/www.europesays.com\/es\/wp-json\/wp\/v2\/media\/176236"}],"wp:attachment":[{"href":"https:\/\/www.europesays.com\/es\/wp-json\/wp\/v2\/media?parent=176235"}],"wp:term":[{"taxonomy":"category","embeddable":true,"href":"https:\/\/www.europesays.com\/es\/wp-json\/wp\/v2\/categories?post=176235"},{"taxonomy":"post_tag","embeddable":true,"href":"https:\/\/www.europesays.com\/es\/wp-json\/wp\/v2\/tags?post=176235"}],"curies":[{"name":"wp","href":"https:\/\/api.w.org\/{rel}","templated":true}]}}