{"id":176260,"date":"2025-10-14T13:42:10","date_gmt":"2025-10-14T13:42:10","guid":{"rendered":"https:\/\/www.europesays.com\/es\/176260\/"},"modified":"2025-10-14T13:42:10","modified_gmt":"2025-10-14T13:42:10","slug":"asi-fue-el-dia-en-que-morante-de-la-puebla-estuvo-en-una-manifestacion-antitaurina-no-soy-un-asesino","status":"publish","type":"post","link":"https:\/\/www.europesays.com\/es\/176260\/","title":{"rendered":"As\u00ed fue el d\u00eda en que Morante de la Puebla estuvo en una manifestaci\u00f3n antitaurina: \u00abNo soy un asesino\u00bb"},"content":{"rendered":"<p data-mrf-recirculation=\"Links P\u00e1rrafos\" class=\"ue-c-article__paragraph paragraph ue-c-article--first-letter-highlighted\">El torero Jos\u00e9 Antonio <strong>Morante de la Puebla<\/strong>, que acaba de anunciar recientemente su retirada, protagoniz\u00f3 en 2015 una pol\u00e9mica en Ronda (M\u00e1laga) tras escuchar un manifiesto de una representante del <strong>Colectivo Antitaurino de M\u00e1laga<\/strong>. En esa ocasi\u00f3n, afirm\u00f3 con contundencia: <strong>\u00abYo soy torero y no soy un asesino\u00bb<\/strong>.<\/p>\n<p><img decoding=\"async\" width=\"1024\" height=\"682\" class=\"ue-c-article__image lazyload\" alt=\".\" loading=\"lazy\" src=\"https:\/\/www.europesays.com\/es\/wp-content\/uploads\/2025\/10\/68ee4a2aae0b0.jpeg\"\/><\/p>\n<p>.<\/p>\n<p data-mrf-recirculation=\"Links P\u00e1rrafos\" class=\"ue-c-article__paragraph paragraph\">Morante, que tore\u00f3 en la tradicional corrida goyesca de aquella localidad, coincidi\u00f3 con una manifestaci\u00f3n antitaurina en la plaza de la Merced, donde colectivos y asociaciones animalistas expresaron su rechazo a la tauromaquia.<\/p>\n<p data-mrf-recirculation=\"Links P\u00e1rrafos\" class=\"ue-c-article__paragraph paragraph\">Durante la protesta, el torero escuch\u00f3 atentamente el manifiesto le\u00eddo por la representante del Colectivo Antitaurino y posteriormente respondi\u00f3 a los periodistas que le pidieron su opini\u00f3n.<\/p>\n<p data-mrf-recirculation=\"Links P\u00e1rrafos\" class=\"ue-c-article__paragraph paragraph\">Mientras paseaba por la zona rodeado de aficionados a la tauromaquia, Morante se\u00f1al\u00f3 en referencia a los manifestantes que \u00ab<strong>ellos viven de las subvenciones y este es su trabajo; es un movimiento orquestado y les dan dinero para que protesten, salvo a alguno<\/strong>\u00ab.<\/p>\n<p data-mrf-recirculation=\"Links P\u00e1rrafos\" class=\"ue-c-article__paragraph paragraph\">A\u00f1adi\u00f3: \u00abMe parece una provocaci\u00f3n que vengan a una tierra tan llena de misterio, de belleza y tan marcada por la tauromaquia como Ronda\u00bb, y record\u00f3 que <strong>\u00abhay muchos poetas, intelectuales y gente con sensibilidad que se han preocupado del mundo del toro<\/strong>\u00ab.<\/p>\n<p data-mrf-recirculation=\"Links P\u00e1rrafos\" class=\"ue-c-article__paragraph paragraph\">Morante insisti\u00f3 en que \u00ab<strong>los toros son la poes\u00eda de Espa\u00f1a<\/strong>\u00bb y afirm\u00f3 que \u00abla mayor\u00eda de los que protestan reniegan de la Espa\u00f1a profunda y antigua, que no es la Espa\u00f1a de Franco; los toros vienen de mucho m\u00e1s atr\u00e1s\u00bb.<\/p>\n<p><img decoding=\"async\" width=\"330\" height=\"269\" class=\"ue-c-article__image lazyload\" alt=\".\" loading=\"lazy\" src=\"https:\/\/www.europesays.com\/es\/wp-content\/uploads\/2025\/10\/68ee499f6204f.jpeg\"\/><\/p>\n<p>.<\/p>\n<p data-mrf-recirculation=\"Links P\u00e1rrafos\" class=\"ue-c-article__paragraph paragraph\">Tambi\u00e9n dijo que \u00ablos toros son un bien cultural y el toreo es un acto de hero\u00edsmo\u00bb y manifest\u00f3 que \u00abquedan pocas creaciones art\u00edsticas donde uno exponga su vida, como se hace en la tauromaquia\u00bb.<\/p>\n<p data-mrf-recirculation=\"Links P\u00e1rrafos\" class=\"ue-c-article__paragraph paragraph\">Finalmente, Morante se\u00f1al\u00f3: \u00abComprendo que es dif\u00edcil entender el toreo si no tienes las ra\u00edces de aqu\u00ed\u00bb, y a\u00f1adi\u00f3 que \u00ab<strong>el toro bravo nace para eso<\/strong>, tiene la oportunidad de vivir en un ambiente incre\u00edble, nunca conocido por otro animal\u00bb.<\/p>\n","protected":false},"excerpt":{"rendered":"El torero Jos\u00e9 Antonio Morante de la Puebla, que acaba de anunciar recientemente su retirada, protagoniz\u00f3 en 2015&hellip;\n","protected":false},"author":2,"featured_media":176261,"comment_status":"","ping_status":"","sticky":false,"template":"","format":"standard","meta":{"footnotes":""},"categories":[277],"tags":[373,168,25,24,23,167,374],"class_list":{"0":"post-176260","1":"post","2":"type-post","3":"status-publish","4":"format-standard","5":"has-post-thumbnail","7":"category-toreo","8":"tag-bullfighting","9":"tag-deportes","10":"tag-es","11":"tag-espana","12":"tag-spain","13":"tag-sports","14":"tag-toreo"},"share_on_mastodon":{"url":"","error":""},"_links":{"self":[{"href":"https:\/\/www.europesays.com\/es\/wp-json\/wp\/v2\/posts\/176260","targetHints":{"allow":["GET"]}}],"collection":[{"href":"https:\/\/www.europesays.com\/es\/wp-json\/wp\/v2\/posts"}],"about":[{"href":"https:\/\/www.europesays.com\/es\/wp-json\/wp\/v2\/types\/post"}],"author":[{"embeddable":true,"href":"https:\/\/www.europesays.com\/es\/wp-json\/wp\/v2\/users\/2"}],"replies":[{"embeddable":true,"href":"https:\/\/www.europesays.com\/es\/wp-json\/wp\/v2\/comments?post=176260"}],"version-history":[{"count":0,"href":"https:\/\/www.europesays.com\/es\/wp-json\/wp\/v2\/posts\/176260\/revisions"}],"wp:featuredmedia":[{"embeddable":true,"href":"https:\/\/www.europesays.com\/es\/wp-json\/wp\/v2\/media\/176261"}],"wp:attachment":[{"href":"https:\/\/www.europesays.com\/es\/wp-json\/wp\/v2\/media?parent=176260"}],"wp:term":[{"taxonomy":"category","embeddable":true,"href":"https:\/\/www.europesays.com\/es\/wp-json\/wp\/v2\/categories?post=176260"},{"taxonomy":"post_tag","embeddable":true,"href":"https:\/\/www.europesays.com\/es\/wp-json\/wp\/v2\/tags?post=176260"}],"curies":[{"name":"wp","href":"https:\/\/api.w.org\/{rel}","templated":true}]}}