{"id":176264,"date":"2025-10-14T13:45:09","date_gmt":"2025-10-14T13:45:09","guid":{"rendered":"https:\/\/www.europesays.com\/es\/176264\/"},"modified":"2025-10-14T13:45:09","modified_gmt":"2025-10-14T13:45:09","slug":"rafa-nadal-comparte-en-redes-sociales-la-primera-fotografia-junto-a-sus-dos-hijos-y-mery-perello","status":"publish","type":"post","link":"https:\/\/www.europesays.com\/es\/176264\/","title":{"rendered":"Rafa Nadal comparte en redes sociales la primera fotograf\u00eda junto a sus dos hijos y Mery Perell\u00f3"},"content":{"rendered":"<p><strong><a href=\"https:\/\/www.ultimahora.es\/etiqueta\/Rafa+Nadal.html?utm_source=Inline-tag&amp;utm_medium=internal\" rel=\"nofollow noopener\" target=\"_blank\">Rafa Nadal<\/a><\/strong> ha sorprendido este lunes al publicar en sus redes sociales, m\u00e1s en concreto en Instagram, una bonita estampa familiar en la que aparecen sus dos hijos, Rafa y Miquel, y <a href=\"https:\/\/www.ultimahora.es\/etiqueta\/Mery+Perell%C3%B3.html?utm_source=Inline-tag&amp;utm_medium=internal\" rel=\"nofollow noopener\" target=\"_blank\">Mery Perell\u00f3<\/a>. \u00abFamily time in Mallorca\u00bb, ha escrito junto a la instant\u00e1nea que fue tomada en Cala Bona y que ya supera los 65.000 &#8216;me gusta&#8217;. En la imagen se puede ver al extenista con su primog\u00e9nito, que acaba de cumplir <strong>tres a\u00f1os<\/strong>, y a Mery con el peque\u00f1o de la familia en brazos. Esta es la primera imagen que comparte el matrimonio del reci\u00e9n nacido, una fotograf\u00eda en la que se muestra lo unida que est\u00e1 la familia.<\/p>\n<p>Con este gesto el mallorqu\u00edn demuestra que ahora est\u00e1 plenamente volcado en su <strong>faceta como padre<\/strong>. Eso s\u00ed, Nadal siempre intenta llevar con discreci\u00f3n su vida privada y aunque ha compartido esta imagen, ha pixelado la cara de los menores que aparecen en ella. Los comentarios no se han hecho esperar, como el de su hermana Maribel, que ha publicado <strong>cuatro corazones rojos<\/strong>; por su parte Nicol\u00e1s Vallejo-Nagera, conocido como Colate, ha comentado con el nombre del restaurante en el que ha sido tomada la instant\u00e1nea: Sa Punta.<\/p>\n<blockquote class=\"instagram-media\" style=\"background: #FFF; border: 0; border-radius: 3px; box-shadow: 0 0 1px 0 rgba(0,0,0,0.5),0 1px 10px 0 rgba(0,0,0,0.15); margin: 1px; max-width: 540px; min-width: 326px; padding: 0; width: calc(100% - 2px);\" data-instgrm-captioned=\"\" data-instgrm-permalink=\"https:\/\/www.instagram.com\/p\/DPwsSANiPK7\/?utm_source=ig_embed&amp;utm_campaign=loading\" data-instgrm-version=\"14\"><p>&#13;<br \/>\n&#13;\n<\/p><\/blockquote>\n<p>El peque\u00f1o Miquel <a title=\"Rafa Nadal y Mery Perell\u00f3, padres de su segundo hijo\" href=\"https:\/\/www.ultimahora.es\/noticias\/sociedad\/2025\/08\/09\/2427139\/rafa-nadal-mery-perello-padres-segundo-hijo.html?utm_source=Related&amp;utm_medium=internal\" data-model=\"Noticia\" data-value=\"2427139\" rel=\"nofollow noopener\" target=\"_blank\">naci\u00f3 el jueves 7 de agosto<\/a>, cuatro meses despu\u00e9s de que se hiciese p\u00fablico que el matrimonio ampliaba la familia. Desde el momento del anuncio la mallorquina presumi\u00f3 de embarazo con total naturalidad en distintos eventos como en los premios Laureus o en Disneyland Par\u00eds tras el homenaje que recibi\u00f3 el manacor\u00ed en Roland Garros. En este divertido plan tambi\u00e9n <strong>estuvo presente su hijo<\/strong> Rafa, nacido el 8 de octubre de 2022. El matrimonio forma una de las parejas m\u00e1s consolidadas del panorama nacional, ya que empezaron su relaci\u00f3n cuando ella ten\u00eda 17 a\u00f1os y \u00e9l 19, un noviazgo que surgi\u00f3 gracias a Maribel, ya que Mery era su compa\u00f1era en el colegio.<\/p>\n<p>La pareja decid\u00eda pasar por el altar el 19 de octubre del 2019 en una <strong>ceremonia privada<\/strong> que tuvo lugar en Sa Fortalesa de Pollen\u00e7a y tres a\u00f1os despu\u00e9s nac\u00eda su primer hijo. Mery se ha convertido en un pilar para Rafa, hasta el punto que el exdeportista le quiso dedicar unas bonitas palabras en el homenaje que recibi\u00f3 en Roland Garros: \u00abEres <strong>mi mejor compa\u00f1era de vida<\/strong>. No nos pod\u00edamos imaginar en 2005 que estar\u00edamos aqu\u00ed 20 a\u00f1os despu\u00e9s como una familia. Has estado siempre donde te he necesitado, apoy\u00e1ndome desde una posici\u00f3n no siempre f\u00e1cil. Espero hacerte tan feliz como t\u00fa me lo has hecho\u00bb.<\/p>\n<p>En recientes <a title=\"La nueva vida de Rafa Nadal un a\u00f1o despu\u00e9s de su retirada: tiempo para los hijos, la academia de Manacor y el t\u00edtulo de marqu\u00e9s\" href=\"https:\/\/www.ultimahora.es\/vips\/quiosco-rosa\/2025\/10\/14\/2489817\/nueva-vida-rafa-nadal-ano-despues-retirada-tiempo-para-hijos-academia-manacor-titulo-marques.html?utm_source=Related&amp;utm_medium=internal\" data-model=\"Noticia\" data-value=\"2489817\" rel=\"nofollow noopener\" target=\"_blank\">declaraciones al podcast NDL Pro Health<\/a>, el extenista revel\u00f3 c\u00f3mo ha cambiado su d\u00eda a d\u00eda: \u00abNo hay una rutina como hab\u00eda antes. Antes me levantaba con despertador. Ahora tengo <strong>un ni\u00f1o que me despierta<\/strong> a las siete, m\u00e1s o menos\u00bb. La paternidad y la vida familiar ocupan ahora un lugar central en su vida, contrastando con d\u00e9cadas de rigurosas rutinas de entrenamiento y largos per\u00edodos fuera de casa debido al circuito profesional. Uno de los pilares fundamentales en esta nueva etapa es su <strong>Academia de tenis en Manacor<\/strong>, un proyecto que materializa su legado y que sigue creciendo en prestigio internacional.<\/p>\n<p>                        <script async src=\"\/\/www.instagram.com\/embed.js\"><\/script><\/p>\n","protected":false},"excerpt":{"rendered":"Rafa Nadal ha sorprendido este lunes al publicar en sus redes sociales, m\u00e1s en concreto en Instagram, una&hellip;\n","protected":false},"author":2,"featured_media":176265,"comment_status":"","ping_status":"","sticky":false,"template":"","format":"standard","meta":{"footnotes":""},"categories":[274],"tags":[5233,168,25,24,10403,18093,25283,25281,25282,6894,23,167,327,326],"class_list":{"0":"post-176264","1":"post","2":"type-post","3":"status-publish","4":"format-standard","5":"has-post-thumbnail","7":"category-tenis","8":"tag-audiencias-um","9":"tag-deportes","10":"tag-es","11":"tag-espana","12":"tag-famosos-en-mallorca","13":"tag-mery-perello","14":"tag-parejas-de-famosos","15":"tag-prensa-rosa","16":"tag-quiosco-rosa","17":"tag-rafa-nadal","18":"tag-spain","19":"tag-sports","20":"tag-tenis","21":"tag-tennis"},"share_on_mastodon":{"url":"","error":""},"_links":{"self":[{"href":"https:\/\/www.europesays.com\/es\/wp-json\/wp\/v2\/posts\/176264","targetHints":{"allow":["GET"]}}],"collection":[{"href":"https:\/\/www.europesays.com\/es\/wp-json\/wp\/v2\/posts"}],"about":[{"href":"https:\/\/www.europesays.com\/es\/wp-json\/wp\/v2\/types\/post"}],"author":[{"embeddable":true,"href":"https:\/\/www.europesays.com\/es\/wp-json\/wp\/v2\/users\/2"}],"replies":[{"embeddable":true,"href":"https:\/\/www.europesays.com\/es\/wp-json\/wp\/v2\/comments?post=176264"}],"version-history":[{"count":0,"href":"https:\/\/www.europesays.com\/es\/wp-json\/wp\/v2\/posts\/176264\/revisions"}],"wp:featuredmedia":[{"embeddable":true,"href":"https:\/\/www.europesays.com\/es\/wp-json\/wp\/v2\/media\/176265"}],"wp:attachment":[{"href":"https:\/\/www.europesays.com\/es\/wp-json\/wp\/v2\/media?parent=176264"}],"wp:term":[{"taxonomy":"category","embeddable":true,"href":"https:\/\/www.europesays.com\/es\/wp-json\/wp\/v2\/categories?post=176264"},{"taxonomy":"post_tag","embeddable":true,"href":"https:\/\/www.europesays.com\/es\/wp-json\/wp\/v2\/tags?post=176264"}],"curies":[{"name":"wp","href":"https:\/\/api.w.org\/{rel}","templated":true}]}}