{"id":176274,"date":"2025-10-14T13:50:11","date_gmt":"2025-10-14T13:50:11","guid":{"rendered":"https:\/\/www.europesays.com\/es\/176274\/"},"modified":"2025-10-14T13:50:11","modified_gmt":"2025-10-14T13:50:11","slug":"mar-flores-sin-palabras-ante-la-tajante-posicion-de-su-hijo-carlo-costanzia-abc","status":"publish","type":"post","link":"https:\/\/www.europesays.com\/es\/176274\/","title":{"rendered":"Mar Flores, sin palabras ante la tajante posici\u00f3n de su hijo Carlo Costanzia &#8211; ABC"},"content":{"rendered":"<ol>\n<li><a href=\"https:\/\/news.google.com\/rss\/articles\/CBMimgFBVV95cUxNdnV4M05FRF9WSjRYZ3FOd082QXhWV2xWN09oUm5QcUs5R2RMNVdqM1hpSU52QlY1SU9IUE9CLXAtb3Q1T2lMa3hMQk9iZGxQT1c1bjdQT2dqQWo0YVhsZFlJbnk1QUtRMy1BTEtURlJvQzl3NkdmR21yRm1pc2RmQ1VncHVya28wVHprdzVtOTdBNWxTblVUdzdR?oc=5\" target=\"_blank\" rel=\"nofollow noopener\">Mar Flores, sin palabras ante la tajante posici\u00f3n de su hijo Carlo Costanzia<\/a>&nbsp;&nbsp;ABC<\/li>\n<li><a href=\"https:\/\/news.google.com\/rss\/articles\/CBMisAFBVV95cUxNUG5rX2x3MktiSnZVRGZ3XzZ5dm1xa0MtWXZkTVJzUjBWV3BzRnB4dTFZMjRhak5FR2ZrOHkwUDN6N1A0R19jWmJ5dURuMzRwN0NsSnJ1VjVFYXNtX3dLUklCVTJ0V1k0QlZvVkhsUUdYN1V1NUdMeWptdjRyOEtmZFoxNjB0V2tKRFdTenBoTUN6dWRjQThZZW9ocF93T1FfNUVoMU5jbEN0Zmpub2p5OdIBvAFBVV95cUxQcFR0Tmh2NXBCYzh6MnM1cDhXakpTTXBpODJZR0otVW9jbUN1Vy1Ua2VzaUs3MmthSjdObC1FU25sZVpPdzMwV011WFpvWVJLVmVYMUExamVKRG9MdUFjcFFSeG5vcWJlUzRpVU1INTdLX2dxTFNfM3h4SjEybTZITWdiRndRRGYxRGZaeUdiYlNaU01YOUZXVzM3RThKY2VQRTExVl9wejlNZ3ZYcmRXNGppX1VCOTZfWkZVTQ?oc=5\" target=\"_blank\" rel=\"nofollow noopener\">Alejandra Rubio, tras la entrevista de Carlo Costanzia: \u00ab\u00c9l tiene el papel m\u00e1s dif\u00edcil\u00bb<\/a>&nbsp;&nbsp;Telecinco<\/li>\n<li><a href=\"https:\/\/news.google.com\/rss\/articles\/CBMisgFBVV95cUxOOG8xeXNGeVRuOWNIZExjUWNfZVZSakIxNFo0OVB1UklqTU9FakptZWYxbU9Vd0tCRVJBeDZVYm4xYjhCTEV6SXY0anpIRnZ3UlhZYVpidnhHeDFUVUhIUVVrY1pPZzJZNGoxcmdJMWZUT3BFdVBBRnNLWEI4b3lGRnBFQktqOEg3WTZ3LVZpbmhBYnZhZW8yS2tvaFVYVTlPaTJyYk5PVk1CTnFSSVRvVnJB0gG3AUFVX3lxTE5Ja0lWaXBHRk9yZE93bEo0SmxwNFZHM0h3bG5pbnhqRG12S3pEOG40MTBaZVJpLWNuWllvS0s3WVZOd3Fabl9MUzNrWGI3LTBxTjNRZVhtNEFpZW9Bc01sLXUwTW95eUlaSGF1dVczZU80VGpKLThLMmRucWNnMGVYekhhZEEzUWcwbGFUVzBnZmFkdmo1cXcxVGdxVUs0cEtGVllrVHJhOHFzVFZsRE5EZlkwNm9WOA?oc=5\" target=\"_blank\" rel=\"nofollow noopener\">Terelu Campos no entierra el hacha de guerra y vuelve a la carga contra Mar Flores: \u00abSiento que le pueda molestar\u00bb<\/a>&nbsp;&nbsp;Diario de Mallorca<\/li>\n<li><a href=\"https:\/\/news.google.com\/rss\/articles\/CBMi-gFBVV95cUxQYzc2MUVHOHdKeldCRUJoSklrMllXZFhMTUhXWnQ4QTQtMGVTbFg0RVdlMzFxY2xRbmlSMHEwb19sLWhYak1zcWY3c0lXOXIyMFNUdTA1Zl9GenZVdWRvOUVubDlpZDhTdDdDc2VGRmdKUXR3bF9qT25rWFNHTEZscjIxQ0g1NTE4dVZoWk84OXlTVXFGVWIwTHhOZnJKbGRCUi1FdXhmbXM4RV9kRHU1TkVGMGxXeTlQOUFCd3dXSGNEdl9aaGpOVFQxYTMtR193WnRaS194ZTlqNDhsVG9CTDk4QUw0V1pxYm8zZDZrNTJ0TUo1c2xnWExB0gH6AUFVX3lxTE5lUWZEWDJ2RUUzZDB6eFVMZXRVSGVDNVhxeUw5VVN6dEY0aERYRk5qeUdTQzRLMGk2eFJsbmRKZHN1OUx6cGg1VzhQU0xtSWlQRkMwYTJlU3BZdnVhYXlpNEpyYkFqbGQ0VHAyYzNWYWV5U0RJWDgtOUJOYnhiTjdyOTlvNFl0UWh5TmhaYUFPNzZUUUN0Rjd4V2hubWU5X1Z4RC1TS09fTVgyN1FFdnRwNm9FcTZyOWEwckJodkNFdV8wRmRqelNvT1Y3MXdiTFdVYXVoMlBud09pVUdzRmJIQ0I1TUVTaFNRR2pKMU5KVEdHbnJTTmdjdWc?oc=5\" target=\"_blank\" rel=\"nofollow noopener\">Nuria Roca analiza el perfil de Carlo Costanzia: \u00abMe parece un chico supersensato, habla desde el dolor y<\/a>&nbsp;&nbsp;LaSexta<\/li>\n<\/ol>\n","protected":false},"excerpt":{"rendered":"Mar Flores, sin palabras ante la tajante posici\u00f3n de su hijo Carlo Costanzia&nbsp;&nbsp;ABC Alejandra Rubio, tras la entrevista&hellip;\n","protected":false},"author":2,"featured_media":176275,"comment_status":"","ping_status":"","sticky":false,"template":"","format":"standard","meta":{"footnotes":""},"categories":[174],"tags":[1575,35883,255,41186,146,147,25,24,256,9646,30,195,1298,6205,23,7725],"class_list":{"0":"post-176274","1":"post","2":"type-post","3":"status-publish","4":"format-standard","5":"has-post-thumbnail","7":"category-famosos","8":"tag-ante","9":"tag-carlo","10":"tag-celebrities","11":"tag-costanzia","12":"tag-entertainment","13":"tag-entretenimiento","14":"tag-es","15":"tag-espana","16":"tag-famosos","17":"tag-flores","18":"tag-hijo","19":"tag-mar","20":"tag-palabras","21":"tag-posicion","22":"tag-spain","23":"tag-tajante"},"share_on_mastodon":{"url":"","error":""},"_links":{"self":[{"href":"https:\/\/www.europesays.com\/es\/wp-json\/wp\/v2\/posts\/176274","targetHints":{"allow":["GET"]}}],"collection":[{"href":"https:\/\/www.europesays.com\/es\/wp-json\/wp\/v2\/posts"}],"about":[{"href":"https:\/\/www.europesays.com\/es\/wp-json\/wp\/v2\/types\/post"}],"author":[{"embeddable":true,"href":"https:\/\/www.europesays.com\/es\/wp-json\/wp\/v2\/users\/2"}],"replies":[{"embeddable":true,"href":"https:\/\/www.europesays.com\/es\/wp-json\/wp\/v2\/comments?post=176274"}],"version-history":[{"count":0,"href":"https:\/\/www.europesays.com\/es\/wp-json\/wp\/v2\/posts\/176274\/revisions"}],"wp:featuredmedia":[{"embeddable":true,"href":"https:\/\/www.europesays.com\/es\/wp-json\/wp\/v2\/media\/176275"}],"wp:attachment":[{"href":"https:\/\/www.europesays.com\/es\/wp-json\/wp\/v2\/media?parent=176274"}],"wp:term":[{"taxonomy":"category","embeddable":true,"href":"https:\/\/www.europesays.com\/es\/wp-json\/wp\/v2\/categories?post=176274"},{"taxonomy":"post_tag","embeddable":true,"href":"https:\/\/www.europesays.com\/es\/wp-json\/wp\/v2\/tags?post=176274"}],"curies":[{"name":"wp","href":"https:\/\/api.w.org\/{rel}","templated":true}]}}