{"id":176278,"date":"2025-10-14T13:52:08","date_gmt":"2025-10-14T13:52:08","guid":{"rendered":"https:\/\/www.europesays.com\/es\/176278\/"},"modified":"2025-10-14T13:52:08","modified_gmt":"2025-10-14T13:52:08","slug":"libro-sara-carbonero-sara-carbonero-escribe-un-libro-para-ayudar-a-los-demas-no-habra-detalles-autobiograficos-al-uso","status":"publish","type":"post","link":"https:\/\/www.europesays.com\/es\/176278\/","title":{"rendered":"LIBRO SARA CARBONERO | Sara Carbonero escribe un libro para &#8216;ayudar a los dem\u00e1s&#8217;: &#8216;No habr\u00e1 detalles autobiogr\u00e1ficos al uso&#8217;"},"content":{"rendered":"<p>Desde el peri\u00f3dico &#8216;<a class=\"advanced-link\" href=\"https:\/\/www.elespanol.com\/corazon\/famosos\/20251013\/sara-carbonero-publicara-libro-reflexiones-va-contar-vida-salud-madre-goyi-arevalo\/1003743966774_0.html\" rel=\"nofollow noopener\" target=\"_blank\">El Espa\u00f1ol<\/a>&#8216; han publicado en exclusiva la noticia. La cosa es que, seg\u00fan los datos aportados, la exmujer de<strong> Iker Casillas <\/strong>estar\u00eda sumida en este desaf\u00edo en el que plasmar\u00e1 las distintas reflexiones que ha ido alcanzando a lo largo de su vida. Y aunque en un principio no tiene ninguna pretensi\u00f3n con el proyecto, lleva bastante tiempo trabajando en ello. Eso s\u00ed, seg\u00fan el medio citado, se deja claro que: \u00ab<strong>No habr\u00e1 detalles autobiogr\u00e1ficos al uso<\/strong>\u00ab.<\/p>\n","protected":false},"excerpt":{"rendered":"Desde el peri\u00f3dico &#8216;El Espa\u00f1ol&#8216; han publicado en exclusiva la noticia. La cosa es que, seg\u00fan los datos&hellip;\n","protected":false},"author":2,"featured_media":176279,"comment_status":"","ping_status":"","sticky":false,"template":"","format":"standard","meta":{"footnotes":""},"categories":[172],"tags":[224,146,147,25,24,225,50532,23],"class_list":{"0":"post-176278","1":"post","2":"type-post","3":"status-publish","4":"format-standard","5":"has-post-thumbnail","7":"category-libros","8":"tag-books","9":"tag-entertainment","10":"tag-entretenimiento","11":"tag-es","12":"tag-espana","13":"tag-libros","14":"tag-sara-carbonero-escribe-un-libro-para","15":"tag-spain"},"share_on_mastodon":{"url":"","error":""},"_links":{"self":[{"href":"https:\/\/www.europesays.com\/es\/wp-json\/wp\/v2\/posts\/176278","targetHints":{"allow":["GET"]}}],"collection":[{"href":"https:\/\/www.europesays.com\/es\/wp-json\/wp\/v2\/posts"}],"about":[{"href":"https:\/\/www.europesays.com\/es\/wp-json\/wp\/v2\/types\/post"}],"author":[{"embeddable":true,"href":"https:\/\/www.europesays.com\/es\/wp-json\/wp\/v2\/users\/2"}],"replies":[{"embeddable":true,"href":"https:\/\/www.europesays.com\/es\/wp-json\/wp\/v2\/comments?post=176278"}],"version-history":[{"count":0,"href":"https:\/\/www.europesays.com\/es\/wp-json\/wp\/v2\/posts\/176278\/revisions"}],"wp:featuredmedia":[{"embeddable":true,"href":"https:\/\/www.europesays.com\/es\/wp-json\/wp\/v2\/media\/176279"}],"wp:attachment":[{"href":"https:\/\/www.europesays.com\/es\/wp-json\/wp\/v2\/media?parent=176278"}],"wp:term":[{"taxonomy":"category","embeddable":true,"href":"https:\/\/www.europesays.com\/es\/wp-json\/wp\/v2\/categories?post=176278"},{"taxonomy":"post_tag","embeddable":true,"href":"https:\/\/www.europesays.com\/es\/wp-json\/wp\/v2\/tags?post=176278"}],"curies":[{"name":"wp","href":"https:\/\/api.w.org\/{rel}","templated":true}]}}