{"id":176295,"date":"2025-10-14T14:01:07","date_gmt":"2025-10-14T14:01:07","guid":{"rendered":"https:\/\/www.europesays.com\/es\/176295\/"},"modified":"2025-10-14T14:01:07","modified_gmt":"2025-10-14T14:01:07","slug":"es-pesima-y-merece-ser-criticada","status":"publish","type":"post","link":"https:\/\/www.europesays.com\/es\/176295\/","title":{"rendered":"\u00abEs p\u00e9sima y merece ser criticada\u00bb"},"content":{"rendered":"<p style=\"\">La revista &#8216;Time&#8217; ha dedicado su \u00faltimo n\u00famero <a href=\"https:\/\/www.abc.es\/internacional\/arte-trato-trump-negocio-acuerdo-impensable-sobre-20251009184221-nt.html\" data-voc-vtm-id=\"in-text-traffic\" title=\"al acuerdo del presidente de EE.UU.\" data-mrf-link=\"www.abc.es\" rel=\"nofollow noopener\" target=\"_blank\">al acuerdo del presidente de EE.UU.<\/a> para poner fin a la guerra en Gaza. \u00abSu triunfo\u00bb, puede leerse en la portada, destacando el t\u00edtulo del art\u00edculo principal. De fondo, una foto del republicano, que, sin embargo,  &#8230; <strong>ha resultado no ser de su agrado<\/strong>. De hecho, en un mensaje en su red Truth Social, Donald Trump, que ha calificado lo escrito como \u00abbastante bueno\u00bb, <strong>ha afirmado que la imagen <\/strong>\u00abpodr\u00eda ser la peor de la historia\u00bb. <\/p>\n<p class=\"voc-p\" style=\"\">\u00abHicieron desaparecer mi pelo y me dejaron sobre la cabeza algo que parec\u00eda una corona flotante, pero extremadamente peque\u00f1a\u00bb, ha dicho Trump en la citada plataforma. El presidente de la primera potencia mundial <strong>ha a\u00f1adido <\/strong>que \u00abnunca\u00bb le ha gustado tomar fotos desde \u00e1ngulos inferiores. \u00abPero esta es p\u00e9sima y merece ser criticada. \u00bfQu\u00e9 est\u00e1n haciendo y por qu\u00e9?\u00bb, ha zanjado. <\/p>\n<blockquote class=\"twitter-tweet\">\n<p lang=\"en\" dir=\"ltr\">The living Israeli hostages held in Gaza have been freed under the first phase of Donald Trump&#8217;s peace plan, alongside a Palestinian prisoner release. The deal may become a signature achievement of Trump&#8217;s second term, and it could mark a strategic turning point for the Middle\u2026 <a href=\"https:\/\/t.co\/0bZDABIDGj\" rel=\"nofollow\">pic.twitter.com\/0bZDABIDGj<\/a><\/p>\n<p>\u2014 TIME (@TIME) <a href=\"https:\/\/twitter.com\/TIME\/status\/1977784098929385818?ref_src=twsrc%5Etfw\" rel=\"nofollow noopener\" target=\"_blank\">October 13, 2025<\/a><\/p><\/blockquote>\n<p class=\"voc-p\" style=\"\">En el mensaje en el que han publicado la portada, y tambi\u00e9n en el contenido del propio art\u00edculo, <strong>&#8216;Time&#8217; reivindica que esa liberaci\u00f3n<\/strong> de los \u00faltimos 20 rehenes israel\u00edes que quedaban con vida, al igual que la de los prisioneros palestinos, se ha producido \u00aben virtud de la primera fase del plan de paz de Trump\u00bb. Tambi\u00e9n asegura que este acuerdo podr\u00eda llegar a ser \u00abun logro emblem\u00e1tico\u00bb del segundo mandato del republicano y marcar \u00abun punto de inflexi\u00f3n estrat\u00e9gico\u00bb en Oriente Medio.<\/p>\n<p class=\"voc-p\" style=\"\">El interor del texto de<strong> &#8216;Time&#8217; valora la capacidad negociadora <\/strong>de Trump. \u00abSiempre ha cre\u00eddo que ese arte puede resolver cualquier cosa\u00bb, comienza diciendo el art\u00edculo sobre el republicano. \u00abFue su credo en los negocios y luego en la pol\u00edtica\u00bb, valora.<\/p>\n<p class=\"voc-p\" style=\"\">As\u00ed, <strong>reivindica la manera en la que se ha llevado a cabo <\/strong>la construcci\u00f3n del acuerdo, para lo que cont\u00f3 con Steve Witkoff y Jared Kushner, \u00abdos hombres que hablaban su mismo idioma\u00bb. Tambi\u00e9n los \u00abarduos esfuerzos\u00bb llevados a cabo por estos \u00faltimos y c\u00f3mo el acuerdo \u00abpromete, al menos por ahora, apaciguar uno de los conflictos m\u00e1s desestabilizadores del mundo\u00bb. <\/p>\n<p class=\"voc-p\" style=\"\">Este lunes, Ham\u00e1s complet\u00f3 la liberaci\u00f3n de los 20 rehenes israel\u00edes que quedaban con vida, al igual que Israel liber\u00f3 a los presos palestinos que a\u00fan permanec\u00edan en prisi\u00f3n. Asimismo, el presidente de EE.UU. <strong>intervino en el Parlamento israel\u00ed <\/strong>en un discurso que dur\u00f3 una hora y en el que, adem\u00e1s, fue aplaudido en repetidas ocasiones por diferentes legisladores.<\/p>\n<p><script async src=\"https:\/\/platform.twitter.com\/widgets.js\" charset=\"utf-8\"><\/script><\/p>\n","protected":false},"excerpt":{"rendered":"La revista &#8216;Time&#8217; ha dedicado su \u00faltimo n\u00famero al acuerdo del presidente de EE.UU. para poner fin a&hellip;\n","protected":false},"author":2,"featured_media":176296,"comment_status":"","ping_status":"","sticky":false,"template":"","format":"standard","meta":{"footnotes":""},"categories":[42],"tags":[17,18,50536,13,14,19676,694,9647,11,61,62,63,64,19,20,13969,9,10,15,16,50535,338,3656,21195,522,12,2886,936,21,22,65,66,67],"class_list":{"0":"post-176295","1":"post","2":"type-post","3":"status-publish","4":"format-standard","5":"has-post-thumbnail","7":"category-internacional","8":"tag-breaking-news","9":"tag-breakingnews","10":"tag-criticada","11":"tag-featured-news","12":"tag-featurednews","13":"tag-foto","14":"tag-gaza","15":"tag-gusta","16":"tag-headlines","17":"tag-internacional","18":"tag-international","19":"tag-international-news","20":"tag-internationalnews","21":"tag-latest-news","22":"tag-latestnews","23":"tag-merece","24":"tag-news","25":"tag-noticias","26":"tag-noticias-destacadas","27":"tag-noticiasdestacadas","28":"tag-pesima","29":"tag-portada","30":"tag-rinde","31":"tag-sacado","32":"tag-time","33":"tag-titulares","34":"tag-triunfo","35":"tag-trump","36":"tag-ultimas-noticias","37":"tag-ultimasnoticias","38":"tag-world","39":"tag-world-news","40":"tag-worldnews"},"share_on_mastodon":{"url":"","error":""},"_links":{"self":[{"href":"https:\/\/www.europesays.com\/es\/wp-json\/wp\/v2\/posts\/176295","targetHints":{"allow":["GET"]}}],"collection":[{"href":"https:\/\/www.europesays.com\/es\/wp-json\/wp\/v2\/posts"}],"about":[{"href":"https:\/\/www.europesays.com\/es\/wp-json\/wp\/v2\/types\/post"}],"author":[{"embeddable":true,"href":"https:\/\/www.europesays.com\/es\/wp-json\/wp\/v2\/users\/2"}],"replies":[{"embeddable":true,"href":"https:\/\/www.europesays.com\/es\/wp-json\/wp\/v2\/comments?post=176295"}],"version-history":[{"count":0,"href":"https:\/\/www.europesays.com\/es\/wp-json\/wp\/v2\/posts\/176295\/revisions"}],"wp:featuredmedia":[{"embeddable":true,"href":"https:\/\/www.europesays.com\/es\/wp-json\/wp\/v2\/media\/176296"}],"wp:attachment":[{"href":"https:\/\/www.europesays.com\/es\/wp-json\/wp\/v2\/media?parent=176295"}],"wp:term":[{"taxonomy":"category","embeddable":true,"href":"https:\/\/www.europesays.com\/es\/wp-json\/wp\/v2\/categories?post=176295"},{"taxonomy":"post_tag","embeddable":true,"href":"https:\/\/www.europesays.com\/es\/wp-json\/wp\/v2\/tags?post=176295"}],"curies":[{"name":"wp","href":"https:\/\/api.w.org\/{rel}","templated":true}]}}