{"id":176304,"date":"2025-10-14T14:08:11","date_gmt":"2025-10-14T14:08:11","guid":{"rendered":"https:\/\/www.europesays.com\/es\/176304\/"},"modified":"2025-10-14T14:08:11","modified_gmt":"2025-10-14T14:08:11","slug":"rafa-nadal-y-xisca-perello-presumen-de-familia-en-un-posado-con-sus-dos-hijos-en-mallorca","status":"publish","type":"post","link":"https:\/\/www.europesays.com\/es\/176304\/","title":{"rendered":"Rafa Nadal y Xisca Perell\u00f3 presumen de familia en un posado con sus dos hijos: \u00abEn Mallorca\u00bb"},"content":{"rendered":"<p><img loading=\"lazy\" decoding=\"async\" src=\"https:\/\/www.europesays.com\/es\/wp-content\/uploads\/2025\/10\/1760450890_434_100x100_informalia-logo.jpg\" itemtype=\"\/\/schema.org\/ImageObject\" itemprop=\"url\" alt=\"Informalia\" width=\"64\" height=\"64\" pinger-seen=\"true\"\/><\/p>\n<p><b>Rafa Nadal<\/b> (39) y <b>Mery Perell\u00f3<\/b> (37) <a href=\"https:\/\/www.eleconomista.es\/informalia\/famosos\/noticias\/13498877\/08\/25\/rafa-nadal-y-xisca-perello-ya-son-padres-de-su-segundo-hijo-el-nombre-y-el-homenaje-mas-especial.html\" title=\"Rafa Nadal y Xisca Perell\u00f3 ya son padres de su segundo hijo: el nombre y el homenaje m\u00e1s especial\" rel=\"nofollow noopener\" target=\"_blank\">se convirtieron en padres de su segundo hijo, Miguel, en agosto<\/a>. Sin embargo, no fue hasta este pasado fin de semana cuando los vimos con el peque\u00f1o. El extenista y su esposa se reunieron con la familia al completo en el restaurante Sa Punta, situado en Port Verd, una peque\u00f1a cala cerca de Cala Bona, en Mallorca, y all\u00ed se hicieron una entra\u00f1able fotograf\u00eda en la que Xisca sosten\u00eda a su beb\u00e9 en brazos.<\/p>\n<p><b>\u00abFamily time in Mallorca\u00bb<\/b>, escribi\u00f3 Nadal este lunes junto a la instant\u00e1nea familiar, en la que aparece en el centro de la foto con su primog\u00e9nito, el peque\u00f1o Rafa, que el pasado 8 de octubre cumpli\u00f3 tres a\u00f1os. En una esquina, la presidenta de la Fundaci\u00f3n Rafael Nadal se muestra c\u00f3moda y sonriente junto al resto de miembros de la familia, entre los que est\u00e1n los padres del deportista, Sebasti\u00e1n Nadal y Ana Mar\u00eda Parera; su hermana Maribel y la abuela paterna, Isabel Homar, de 94 a\u00f1os. El retrato familiar coincide con el sexto aniversario de boda de Nadal y Mery, el pr\u00f3ximo 19 de octubre.<\/p>\n<p>                            <img decoding=\"async\" src=\"https:\/\/www.europesays.com\/es\/wp-content\/uploads\/2025\/10\/770x_meri2.jpg\" loading=\"lazy\"\/><\/p>\n<p>El segundo hijo del Marqu\u00e9s de Llevant de Mallorca y su esposa naci\u00f3 en la cl\u00ednica Quir\u00f3nsalud Palmaplanas, de Palma. Y<b> su nombre, Miguel, es muy especial para Mery, ya que coincide con el de su progenitor<\/b>, fallecido en abril de 2023 a los 63 a\u00f1os tras una larga enfermedad. Un gesto que mantiene vivo su recuerdo en un momento especialmente dulce para el matrimonio. Y es que ahora, con <a href=\"https:\/\/www.eleconomista.es\/informalia\/famosos\/noticias\/13576878\/10\/25\/rafa-nadal-es-investido-como-doctor-honoris-causa-en-salamanca-y-arrasa-entre-la-multitud-mi-formacion-ha-sido-distinta.html\" title=\"Rafa Nadal, doctor &#039;Honoris Causa&#039; en Salamanca: &quot;Mi formaci\u00f3n ha sido distinta&quot;\" rel=\"nofollow noopener\" target=\"_blank\">Nadal ya retirado de la \u00e9lite del tenis<\/a>, puede dedicarse sin prisas ni viajes a su paternidad.<\/p>\n<p><b>A diferencia del nacimiento de su primog\u00e9nito, que fue m\u00e1s dif\u00edcil para Xisca<\/b>, esta vez todo ha ido rodado. La recuperaci\u00f3n ha sido r\u00e1pida y positiva, lo que le ha permitido volver a casa pronto. Durante estos d\u00edas en el hospital, \u00fanicamente los familiares directos han podido conocer al nuevo miembro de la familia, en coherencia con la f\u00e9rrea discreci\u00f3n que siempre ha protegido el universo Nadal-Perell\u00f3.<\/p>\n<p>                            <img decoding=\"async\" src=\"https:\/\/www.europesays.com\/es\/wp-content\/uploads\/2025\/10\/770x_meri1.jpg\" loading=\"lazy\"\/><\/p>\n<p>WhatsApp<a href=\"https:\/\/api.whatsapp.com\/send?text=https:\/\/www.eleconomista.es\/informalia\/famosos\/noticias\/13591948\/10\/25\/nadal-y-xisca-perello-presumen-de-familia-en-su-primer-posado-familiar-con-sus-dos-hijos-family-time.html?utm_source%3Dwhatsapp%26utm_medium%3Dshare_button&amp;id=1648118629957_whatsapp\" target=\"_blank\" data-action=\"share\/whatsapp\/share\" aria-label=\"Compartir en Whatsapp\" rel=\"nofollow noopener\"><\/a>Facebook<a id=\"fb-share\" href=\"#\" target=\"_blank\" rel=\"noopener noreferrer\" aria-label=\"Compartir en Facebook\"><\/a>Twitter<a href=\"https:\/\/twitter.com\/share?text=Rafa+Nadal+y+Xisca+Perell%C3%B3+presumen+de+familia+en+un+posado+con+sus+dos+hijos%3A+%22En+Mallorca%22&amp;url=https:\/\/www.eleconomista.es\/informalia\/famosos\/noticias\/13591948\/10\/25\/nadal-y-xisca-perello-presumen-de-familia-en-su-primer-posado-familiar-con-sus-dos-hijos-family-time.html&amp;via=Informalia&amp;id=1648118839245_twitter\" target=\"_blank\" aria-label=\"Compartir en Twitter\" rel=\"nofollow noopener\"><\/a>Linkedin<a onclick=\"return abrirLinkedin();\" href=\"https:\/\/www.linkedin.com\/shareArticle?text=Rafa+Nadal+y+Xisca+Perell%C3%B3+presumen+de+familia+en+un+posado+con+sus+dos+hijos%3A+%22En+Mallorca%22&amp;url=https:\/\/www.eleconomista.es\/informalia\/famosos\/noticias\/13591948\/10\/25\/nadal-y-xisca-perello-presumen-de-familia-en-su-primer-posado-familiar-con-sus-dos-hijos-family-time.html&amp;mini=true\" target=\"_blank\" aria-label=\"Compartir en linkedin\" rel=\"nofollow noopener\"><\/a>Beloud<a href=\"https:\/\/beloud.com\/share?text=Rafa+Nadal+y+Xisca+Perell%C3%B3+presumen+de+familia+en+un+posado+con+sus+dos+hijos%3A+%22En+Mallorca%22&amp;url=https:\/\/www.eleconomista.es\/informalia\/famosos\/noticias\/13591948\/10\/25\/nadal-y-xisca-perello-presumen-de-familia-en-su-primer-posado-familiar-con-sus-dos-hijos-family-time.html&amp;via=Informalia&amp;id=1648118839245_beloud\" target=\"_blank\" aria-label=\"Compartir en beloud\" rel=\"nofollow noopener\"><\/a>Bluesky<a href=\"https:\/\/bsky.app\/intent\/compose?text=https:\/\/bsky.app\/intent\/compose?text=https:\/\/www.eleconomista.es\/informalia\/famosos\/noticias\/13591948\/10\/25\/nadal-y-xisca-perello-presumen-de-familia-en-su-primer-posado-familiar-con-sus-dos-hijos-family-time.html&amp;url=https:\/\/www.eleconomista.es\/informalia\/famosos\/noticias\/13591948\/10\/25\/nadal-y-xisca-perello-presumen-de-familia-en-su-primer-posado-familiar-con-sus-dos-hijos-family-time.html&amp;via=elEconomistaes&amp;id=1648118839245_bluesky\" target=\"_blank\" aria-label=\"Compartir en bluesky\" rel=\"nofollow noopener\"><\/a><\/p>\n<p><script async src=\"https:\/\/platform.twitter.com\/widgets.js\" charset=\"utf-8\"><\/script><\/p>\n","protected":false},"excerpt":{"rendered":"Rafa Nadal (39) y Mery Perell\u00f3 (37) se convirtieron en padres de su segundo hijo, Miguel, en agosto.&hellip;\n","protected":false},"author":2,"featured_media":176305,"comment_status":"","ping_status":"","sticky":false,"template":"","format":"standard","meta":{"footnotes":""},"categories":[274],"tags":[168,25,24,260,23,167,327,326],"class_list":{"0":"post-176304","1":"post","2":"type-post","3":"status-publish","4":"format-standard","5":"has-post-thumbnail","7":"category-tenis","8":"tag-deportes","9":"tag-es","10":"tag-espana","11":"tag-gente","12":"tag-spain","13":"tag-sports","14":"tag-tenis","15":"tag-tennis"},"share_on_mastodon":{"url":"","error":""},"_links":{"self":[{"href":"https:\/\/www.europesays.com\/es\/wp-json\/wp\/v2\/posts\/176304","targetHints":{"allow":["GET"]}}],"collection":[{"href":"https:\/\/www.europesays.com\/es\/wp-json\/wp\/v2\/posts"}],"about":[{"href":"https:\/\/www.europesays.com\/es\/wp-json\/wp\/v2\/types\/post"}],"author":[{"embeddable":true,"href":"https:\/\/www.europesays.com\/es\/wp-json\/wp\/v2\/users\/2"}],"replies":[{"embeddable":true,"href":"https:\/\/www.europesays.com\/es\/wp-json\/wp\/v2\/comments?post=176304"}],"version-history":[{"count":0,"href":"https:\/\/www.europesays.com\/es\/wp-json\/wp\/v2\/posts\/176304\/revisions"}],"wp:featuredmedia":[{"embeddable":true,"href":"https:\/\/www.europesays.com\/es\/wp-json\/wp\/v2\/media\/176305"}],"wp:attachment":[{"href":"https:\/\/www.europesays.com\/es\/wp-json\/wp\/v2\/media?parent=176304"}],"wp:term":[{"taxonomy":"category","embeddable":true,"href":"https:\/\/www.europesays.com\/es\/wp-json\/wp\/v2\/categories?post=176304"},{"taxonomy":"post_tag","embeddable":true,"href":"https:\/\/www.europesays.com\/es\/wp-json\/wp\/v2\/tags?post=176304"}],"curies":[{"name":"wp","href":"https:\/\/api.w.org\/{rel}","templated":true}]}}