{"id":176335,"date":"2025-10-14T14:24:07","date_gmt":"2025-10-14T14:24:07","guid":{"rendered":"https:\/\/www.europesays.com\/es\/176335\/"},"modified":"2025-10-14T14:24:07","modified_gmt":"2025-10-14T14:24:07","slug":"lecornu-acepta-suspender-la-reforma-de-las-pensiones-hasta-2028-para-evitar-la-caida-de-su-gobierno-en-francia-internacional","status":"publish","type":"post","link":"https:\/\/www.europesays.com\/es\/176335\/","title":{"rendered":"Lecornu acepta suspender la reforma de las pensiones hasta 2028 para evitar la ca\u00edda de su Gobierno en Francia | Internacional"},"content":{"rendered":"<p class=\"\">Francia se asoma a otro final semana dram\u00e1tico. <a href=\"https:\/\/elpais.com\/internacional\/2025-10-12\/lecornu-forma-un-gobierno-repleto-de-tecnicos-para-intentar-salir-de-la-crisis.html\" target=\"_self\" rel=\"nofollow noopener\" title=\"https:\/\/elpais.com\/internacional\/2025-10-12\/lecornu-forma-un-gobierno-repleto-de-tecnicos-para-intentar-salir-de-la-crisis.html\">S\u00e9bastien Lecornu, flamante primer ministro por segunda vez<\/a>, ha comparecido este martes en la Asamblea Nacional para pronunciar su Declaraci\u00f3n de Pol\u00edtica General. Es decir, su programa. Especialmente en materia presupuestaria. Lecornu anunci\u00f3 una ruptura, un cambio de paradigma, la cesi\u00f3n del poder al Parlamento. Pero, sobre todo, lo que importaba, era si su posici\u00f3n sobre la reforma de la ley de pensiones contentar\u00eda a los socialistas para evitar apoyar una moci\u00f3n de censura o presentar ellos mismos la iniciativa, como amenazaron por la ma\u00f1ana. \u201cSuspenderemos la reforma de la ley de pensiones hasta 2028 desde este oto\u00f1o\u201d, pronunci\u00f3 hacia el final de su discurso.<\/p>\n<p class=\"\">Los socialistas aplaudieron al o\u00edr el anuncio. Se trata de la mayor derrota de Emmanuel Macron, la suspensi\u00f3n de su \u00fanica gran reforma estructural. Lo \u00fanico en lo que no estaba dispuesto a ceder hasta hoy. Pero hasta ese momento, la tensi\u00f3n en el Palacio Borb\u00f3n, sede de la Asamblea Nacional, era extrema a las 15.00. Cada palabra contaba. Suspensi\u00f3n, cancelaci\u00f3n, retraso&#8230; En las bancadas socialistas se escrutaba con atenci\u00f3n el inventario l\u00e9xico del primer ministro respecto a la reforma de la ley de pensiones para tomar una decisi\u00f3n. Si hay [moci\u00f3n de] censura, habr\u00e1 elecciones, avis\u00f3 Lecornu por la ma\u00f1ana. \u201cEstamos dispuestos a un debate que piden fuerzas pol\u00edticas y sindicatos leg\u00edtimas. Quiz\u00e1 sea una oportunidad para avanzar\u201d, lanz\u00f3.<\/p>\n<p class=\"\">El cl\u00edmax de la declaraci\u00f3n se produjo cuando pronunci\u00f3 la palabra \u201cpensiones\u201d. \u201cA partir de este oto\u00f1o, suspendemos la reforma de 2023 hasta las elecciones presidenciales. No se realizar\u00e1 ning\u00fan aumento de la edad a partir de ahora hasta enero de 2028, tal como lo hab\u00eda solicitado expl\u00edcitamente la CFDT [el sindicato vinculado al Partido Socialista], anunci\u00f3. Aplaudieron el expresidente de la Rep\u00fablica Fran\u00e7ois Hollande, y diputados como Philippe Brun, Christine Pir\u00e8s-Beaune y o el antiguo director de gabinete de \u00c9lisabeth Borne, autora de la actual reforma. Pero se necesitaba m\u00e1s madera para contentar al jefe de los socialistas. Olivier Faure solo aplaudi\u00f3 cuando escuch\u00f3 que la reforma sobre la duraci\u00f3n se suspender\u00e1 y permanecer\u00e1 en 170 trimestres hasta enero de 2028. <\/p>\n<p class=\"\">La medida, que evitar\u00e1 elevar la edad de jubilaci\u00f3n de 62 a 64 a\u00f1os, costar\u00e1 400 millones de euros en 2026 y 1.800 millones en 2027. Y deber\u00e1 ser compensada a trav\u00e9s de recortes. Pero da igual. Porque el primer ministro dijo durante 40 minutos casi todo lo que se esperaba de \u00e9l para evitar la crisis. Tambi\u00e9n el anuncio de una nueva tasa a los holding empresariales. La pelota est\u00e1 ahora en el tejado de los 69 diputados socialistas. Adem\u00e1s, se someti\u00f3 al poder de la Asamblea y condicion\u00f3 las decisiones a la voluntad del Parlamento. Todo, dijo. \u201cActuar sin la oposici\u00f3n no es posible ni deseable. He renunciado al 49.3. Y es la garant\u00eda de que el debate presupuestario ir\u00e1 hasta el voto. El Gobierno presenta el presupuesto que considera deseable. El Parlamento lo examina, lo discute y lo modifica. Sin el 49.3, sin mayor\u00eda absoluta, el Parlamento tendr\u00e1 la \u00faltima palabra. La ley se har\u00e1 aqu\u00ed, no en el ministerio de Econom\u00eda\u201d. Con ese art\u00edculo, el mandatario se refer\u00eda a la capacidad legal de aprobar un presupuesto sin la aprobaci\u00f3n de la Asamblea, algo ahora descartado. <\/p>\n<p class=\"\">Lecornu deber\u00e1 ahora cruzar los dedos. El jueves afronta dos mociones de censura cruzadas. <a href=\"\" rel=\"\" title=\"\">El Reagrupamiento Nacional (RN) <\/a>ya ha anunciado que votar\u00e1 la que ha presentado parte de la izquierda (La Francia Insumisa, Los Ecologistas y el Partido Comunista). La iniciativa podr\u00eda salir adelante si una parte de los socialistas o de Los Republicanos votase tambi\u00e9n a favor. Todo depender\u00e1 de 24 diputados. Una decisi\u00f3n que provocar\u00eda la ca\u00edda del gobierno, solo cuatro d\u00edas despu\u00e9s de ser constituido. Pero, sobre todo, conducir\u00eda definitivamente a unas elecciones legislativas en las que la utlraderecha tiene todo a favor para logra un resultado que le permita gobernar, por primera vez despu\u00e9s de la Segunda Guerra Mundial. <\/p>\n<p class=\"\">Y ese es el objetivo claro y \u00fanico ahora mismo de Marine Le Pen, que lamenta que pueda haber acuerdos que eviten esos comicios. \u201cTodo esto se hace para impedir que se celebren nuevas elecciones y que los franceses puedan elegir la alternancia\u201d, Pero \u201ccensuraremos ahora a todos los gobiernos que presente Emmanuel Macron\u201d, record\u00f3 ante los diputados de RN y UDR reunidos en un grupo interparlamentario. \u201cPrep\u00e1rense, porque la disoluci\u00f3n puede producirse en unos d\u00edas, en unas horas\u201d, insisti\u00f3 luego el presidente del partido, Jordan Bardella, afirmando que \u201csi vamos a las elecciones, es para ganar\u201d.<\/p>\n<p class=\"\">La tensi\u00f3n es enorme. Y el l\u00edder de los diputados de Los Republicanos (LR) en el Parlamento, Laurent Wauquiez, dio la instrucci\u00f3n el martes a los miembros de su grupo de no censurar al Gobierno de Lecornu. \u201cNadie en el grupo puede votar la moci\u00f3n de censura\u201d, afirm\u00f3 durante una reuni\u00f3n de su grupo, compuesto por 50 diputados, subrayando que si el gobierno de S\u00e9bastien Lecornu \u2014que cuenta con seis ministros de Los Republicanos\u2014 llegara a caer, habr\u00eda una \u201cdisoluci\u00f3n y ning\u00fan presupuesto\u201d.<\/p>\n<p class=\"\">El economista Gabriel Zucman, despu\u00e9s de haber consultado el proyecto de ley de presupuestos presentado por el Gobierno, consider\u00f3 que \u201ctodo se ha hecho para proteger a Bernard Arnault y a los multimillonarios franceses. Por lo tanto, se pide a las dem\u00e1s categor\u00edas sociales que hagan esfuerzos. Una vez m\u00e1s\u201d, lament\u00f3. \u201cLo que no pagan los multimillonarios, lo pagan todos los dem\u00e1s en su lugar. Esta lucha es esencial\u201d, coment\u00f3 en la misma red social el primer secretario del Partido Socialista, Olivier Faure.<\/p>\n","protected":false},"excerpt":{"rendered":"Francia se asoma a otro final semana dram\u00e1tico. S\u00e9bastien Lecornu, flamante primer ministro por segunda vez, ha comparecido&hellip;\n","protected":false},"author":2,"featured_media":176336,"comment_status":"","ping_status":"","sticky":false,"template":"","format":"standard","meta":{"footnotes":""},"categories":[42],"tags":[17,18,95,730,13,14,317,11,61,62,63,64,19,20,13022,9,10,15,16,12865,952,40457,12,21,22,65,66,67],"class_list":{"0":"post-176335","1":"post","2":"type-post","3":"status-publish","4":"format-standard","5":"has-post-thumbnail","7":"category-internacional","8":"tag-breaking-news","9":"tag-breakingnews","10":"tag-economia","11":"tag-emmanuel-macron","12":"tag-featured-news","13":"tag-featurednews","14":"tag-francia","15":"tag-headlines","16":"tag-internacional","17":"tag-international","18":"tag-international-news","19":"tag-internationalnews","20":"tag-latest-news","21":"tag-latestnews","22":"tag-marine-le-pen","23":"tag-news","24":"tag-noticias","25":"tag-noticias-destacadas","26":"tag-noticiasdestacadas","27":"tag-pensiones","28":"tag-politica","29":"tag-sebastien-lecornu","30":"tag-titulares","31":"tag-ultimas-noticias","32":"tag-ultimasnoticias","33":"tag-world","34":"tag-world-news","35":"tag-worldnews"},"share_on_mastodon":{"url":"","error":""},"_links":{"self":[{"href":"https:\/\/www.europesays.com\/es\/wp-json\/wp\/v2\/posts\/176335","targetHints":{"allow":["GET"]}}],"collection":[{"href":"https:\/\/www.europesays.com\/es\/wp-json\/wp\/v2\/posts"}],"about":[{"href":"https:\/\/www.europesays.com\/es\/wp-json\/wp\/v2\/types\/post"}],"author":[{"embeddable":true,"href":"https:\/\/www.europesays.com\/es\/wp-json\/wp\/v2\/users\/2"}],"replies":[{"embeddable":true,"href":"https:\/\/www.europesays.com\/es\/wp-json\/wp\/v2\/comments?post=176335"}],"version-history":[{"count":0,"href":"https:\/\/www.europesays.com\/es\/wp-json\/wp\/v2\/posts\/176335\/revisions"}],"wp:featuredmedia":[{"embeddable":true,"href":"https:\/\/www.europesays.com\/es\/wp-json\/wp\/v2\/media\/176336"}],"wp:attachment":[{"href":"https:\/\/www.europesays.com\/es\/wp-json\/wp\/v2\/media?parent=176335"}],"wp:term":[{"taxonomy":"category","embeddable":true,"href":"https:\/\/www.europesays.com\/es\/wp-json\/wp\/v2\/categories?post=176335"},{"taxonomy":"post_tag","embeddable":true,"href":"https:\/\/www.europesays.com\/es\/wp-json\/wp\/v2\/tags?post=176335"}],"curies":[{"name":"wp","href":"https:\/\/api.w.org\/{rel}","templated":true}]}}