{"id":176363,"date":"2025-10-14T14:40:08","date_gmt":"2025-10-14T14:40:08","guid":{"rendered":"https:\/\/www.europesays.com\/es\/176363\/"},"modified":"2025-10-14T14:40:08","modified_gmt":"2025-10-14T14:40:08","slug":"dua-lipa-no-para-de-estudiar-aprobo-un-examen-y-enloquecio-a-los-fans-latinos","status":"publish","type":"post","link":"https:\/\/www.europesays.com\/es\/176363\/","title":{"rendered":"Dua Lipa no para de estudiar: aprob\u00f3 un examen y enloqueci\u00f3 a los fans latinos"},"content":{"rendered":"<p class=\"left paragraph font__body-regular\"><a href=\"https:\/\/tn.com.ar\/musica\/noticias\/2025\/10\/13\/dua-lipa-invito-al-escenario-a-gwen-stefani-para-hacer-un-clasico-de-no-doubt\/\" target=\"_self\" rel=\"nofollow noopener\" title=\"https:\/\/tn.com.ar\/musica\/noticias\/2025\/10\/13\/dua-lipa-invito-al-escenario-a-gwen-stefani-para-hacer-un-clasico-de-no-doubt\/\">Dua Lipa<\/a> demostr\u00f3 en distintas ocasiones que le interesa el idioma castellano. En distintas oportunidades, la cantante nacida en Londres trat\u00f3 <b>de pronunciar algunas palabras <\/b>en nuestro idioma. <\/p>\n<p class=\"left paragraph font__body-regular\">En sus cuentas de Instagram, la artista le cont\u00f3 a sus seguidores que aprob\u00f3 el examen del Certificado General de <b>Educaci\u00f3n Secundaria en espa\u00f1ol, <\/b>lo que le permite avanzar en sus estudios. Sus seguidores la felicitaron por su nuevo logro.<\/p>\n<p class=\"left paragraph font__body-regular\"><b>Le\u00e9 tambi\u00e9n:<\/b> <a href=\"https:\/\/tn.com.ar\/musica\/noticias\/2023\/06\/06\/dua-lipa-se-grabo-hablando-en-espanol-y-sorprendio-a-sus-fans-por-su-increible-pronunciacion\/\" target=\"_self\" rel=\"nofollow noopener\" title=\"https:\/\/tn.com.ar\/musica\/noticias\/2023\/06\/06\/dua-lipa-se-grabo-hablando-en-espanol-y-sorprendio-a-sus-fans-por-su-increible-pronunciacion\/\">Dua Lipa se grab\u00f3 hablando en espa\u00f1ol y sorprendi\u00f3 a sus fans por su incre\u00edble pronunciaci\u00f3n<\/a><\/p>\n<p><img decoding=\"async\" loading=\"lazy\" fetchpriority=\"low\" data-testid=\"loading-testid\" class=\"image content-image image_placeholder\" alt=\"La foto que public\u00f3 Dua Lipa sobre su examen de espa\u00f1ol (Foto: Instagram).\" width=\"767\" height=\"767\" src=\"https:\/\/www.europesays.com\/es\/wp-content\/uploads\/2025\/10\/la-foto-que-publico-dua-lipa-sobre-su-examen-de-espanol-foto-instagram-XAUYMFWD3FFDRCRK2K274AB3GQ.jf.jpeg\"\/><\/p>\n<p>La foto que public\u00f3 Dua Lipa sobre su examen de espa\u00f1ol (Foto: Instagram).<\/p>\n<p class=\"left paragraph font__body-regular\"><b>Dua Lipa<\/b> est\u00e1 con su <b>Radical Optimism Tour<\/b>, en estos d\u00edas por los Estados Unidos, con el reconocimiento de sus fans. En su paso por Espa\u00f1a, interpret\u00f3 \u201cH\u00e9roe\u201d de Enrique Iglesias y \u201cMe Gustas T\u00fa\u201d de Manu Chao, donde demostr\u00f3 que sus estudios en espa\u00f1ol van por el buen camino.<\/p>\n<p>Dua Lipa invit\u00f3 al escenario a Gwen Stefani para hacer un cl\u00e1sico de No Doubt<\/p>\n<p class=\"left paragraph font__body-regular\">A lo largo de los shows, con su<b> propuesta musical que logr\u00f3 fascina<\/b>r a todos los asistentes a sus conciertos, la estrella sorprendi\u00f3 con importantes invitados para hacer covers.<\/p>\n<p class=\"left paragraph font__body-regular\">En su reciente paso por el Madison Square Garden de Nueva York, en una de las noches, la cantante t<a href=\"https:\/\/tn.com.ar\/musica\/noticias\/2025\/09\/22\/dua-lipa-invito-a-nile-rodgers-para-hacer-una-version-de-le-freak-de-chic\/\" rel=\"nofollow noopener\" title=\"https:\/\/tn.com.ar\/musica\/noticias\/2025\/09\/22\/dua-lipa-invito-a-nile-rodgers-para-hacer-una-version-de-le-freak-de-chic\/\" target=\"_blank\">uvo a Nile Rodgers<\/a> para una versi\u00f3n especial de \u201cLe Freak\u201d, cl\u00e1sico de Chic de 1978. Un hit de la era disco y del legendario Studio 54.<\/p>\n<p><img decoding=\"async\" loading=\"lazy\" fetchpriority=\"low\" data-testid=\"loading-testid\" class=\"image content-image image_placeholder\" alt=\"Dua Lipa mostr\u00f3 el vestido que no te puede faltar este verano. (Foto: Instagram\/@dualipa).\" width=\"767\" height=\"431\" src=\"https:\/\/www.europesays.com\/es\/wp-content\/uploads\/2025\/10\/dua-lipa-mostro-el-vestido-que-no-te-puede-faltar-este-verano-foto-instagramdualipa-JOFPAKYSEJAHHACX.jpeg\"\/><\/p>\n<p>Dua Lipa mostr\u00f3 el vestido que no te puede faltar este verano. (Foto: Instagram\/@dualipa).<\/p>\n<p class=\"left paragraph font__body-regular\">Lipa explic\u00f3 que en Nueva York ten\u00eda muchas opciones para elegir la canci\u00f3n local. En fechas previas ya hab\u00eda versionado \u201c<b>One Way Or Another\u201d<\/b> de Blondie y \u201c<b>No One\u201d<\/b> de Alicia Keys. Durante el tour, tambi\u00e9n invit\u00f3 a subir al escenario a Chaka Khan para \u201cAin\u2019t Nobody\u201d en Chicago, a Jamiroquai para \u201cVirtual Insanity\u201d en Londres, a Neil Finn para \u201c<b>Don\u2019t Dream It\u2019s Over<\/b>\u201d en Auckland, y a Kevin Parker para \u201cThe Less I Know The Better\u201d en S\u00eddney.<\/p>\n<p class=\"left paragraph font__body-regular\">Dua Lipa <a href=\"https:\/\/tn.com.ar\/musica\/noticias\/2025\/10\/13\/dua-lipa-invito-al-escenario-a-gwen-stefani-para-hacer-un-clasico-de-no-doubt\/\" target=\"_self\" rel=\"nofollow noopener\" title=\"https:\/\/tn.com.ar\/musica\/noticias\/2025\/10\/13\/dua-lipa-invito-al-escenario-a-gwen-stefani-para-hacer-un-clasico-de-no-doubt\/\">tuvo cuatro noches en el ic\u00f3nico estadio<\/a> Kia Forum de Los \u00c1ngeles, en California. Los fans pudieron disfrutar de la presencia invitada de Gwen Stefani para interpretar juntas el cl\u00e1sico <b>\u201cDon\u2019t Speak<\/b>\u201d de No Doubt.<\/p>\n<p class=\"left paragraph font__body-regular\">\u201cQuer\u00eda sumergirme junto a una de mis hero\u00ednas personales, una de mis artistas favoritas, alguien a quien he escuchado toda mi vid<b>a, que influy\u00f3 en mi m\u00fasica y en mi estilo. E<\/b>s alguien a quien amo como int\u00e9rprete y que constantemente se sigue redefiniendo a s\u00ed misma y a su m\u00fasica. Simplemente la amo incondicionalmente\u201d, cont\u00f3 Dua Lipa antes de presentarse juntas sobre el escenario.<\/p>\n<p class=\"left paragraph font__body-regular\">Un d\u00eda antes, la estrella del pop tuvo en el mismo a Lionel Richie para cantar el eterno hit \u201c<b>All night long (all night)\u201d<\/b>.<\/p>\n","protected":false},"excerpt":{"rendered":"Dua Lipa demostr\u00f3 en distintas ocasiones que le interesa el idioma castellano. En distintas oportunidades, la cantante nacida&hellip;\n","protected":false},"author":2,"featured_media":176364,"comment_status":"","ping_status":"","sticky":false,"template":"","format":"standard","meta":{"footnotes":""},"categories":[170],"tags":[14008,146,147,25,24,184,185,23],"class_list":{"0":"post-176363","1":"post","2":"type-post","3":"status-publish","4":"format-standard","5":"has-post-thumbnail","7":"category-musica","8":"tag-dua-lipa","9":"tag-entertainment","10":"tag-entretenimiento","11":"tag-es","12":"tag-espana","13":"tag-music","14":"tag-musica","15":"tag-spain"},"share_on_mastodon":{"url":"","error":""},"_links":{"self":[{"href":"https:\/\/www.europesays.com\/es\/wp-json\/wp\/v2\/posts\/176363","targetHints":{"allow":["GET"]}}],"collection":[{"href":"https:\/\/www.europesays.com\/es\/wp-json\/wp\/v2\/posts"}],"about":[{"href":"https:\/\/www.europesays.com\/es\/wp-json\/wp\/v2\/types\/post"}],"author":[{"embeddable":true,"href":"https:\/\/www.europesays.com\/es\/wp-json\/wp\/v2\/users\/2"}],"replies":[{"embeddable":true,"href":"https:\/\/www.europesays.com\/es\/wp-json\/wp\/v2\/comments?post=176363"}],"version-history":[{"count":0,"href":"https:\/\/www.europesays.com\/es\/wp-json\/wp\/v2\/posts\/176363\/revisions"}],"wp:featuredmedia":[{"embeddable":true,"href":"https:\/\/www.europesays.com\/es\/wp-json\/wp\/v2\/media\/176364"}],"wp:attachment":[{"href":"https:\/\/www.europesays.com\/es\/wp-json\/wp\/v2\/media?parent=176363"}],"wp:term":[{"taxonomy":"category","embeddable":true,"href":"https:\/\/www.europesays.com\/es\/wp-json\/wp\/v2\/categories?post=176363"},{"taxonomy":"post_tag","embeddable":true,"href":"https:\/\/www.europesays.com\/es\/wp-json\/wp\/v2\/tags?post=176363"}],"curies":[{"name":"wp","href":"https:\/\/api.w.org\/{rel}","templated":true}]}}