{"id":176379,"date":"2025-10-14T14:50:11","date_gmt":"2025-10-14T14:50:11","guid":{"rendered":"https:\/\/www.europesays.com\/es\/176379\/"},"modified":"2025-10-14T14:50:11","modified_gmt":"2025-10-14T14:50:11","slug":"pablo-urdangarin-de-borbon-convocado-con-la-seleccion-de-balonmano-deportes","status":"publish","type":"post","link":"https:\/\/www.europesays.com\/es\/176379\/","title":{"rendered":"Pablo Urdangar\u00edn de Borb\u00f3n, convocado con la selecci\u00f3n de balonmano | Deportes"},"content":{"rendered":"<p class=\"\">De <a href=\"https:\/\/elpais.com\/gente\/2025-06-09\/inaki-urdangarin-concede-su-primera-entrevista-tras-cumplir-condena-tengo-la-sensacion-de-que-se-me-ha-escapado-el-tiempo.html\" rel=\"nofollow noopener\" target=\"_blank\">I\u00f1aki Urdangarin<\/a> a Pablo Urdangar\u00edn. De padre a hijo en el balonmano espa\u00f1ol. El seleccionador de los Hispanos, <a href=\"https:\/\/elpais.com\/deportes\/2023-01-27\/jordi-ribera-el-exito-del-antidivo.html\" rel=\"nofollow noopener\" target=\"_blank\">Jordi Ribera<\/a>, ha convocado por primera vez a Pablo Urdangar\u00edn de Borb\u00f3n para el combinado nacional absoluto, que el 30 de octubre y 1 de noviembre disputar\u00e1 a domicilio contra Suecia dos amistosos. El joven, el segundo hijo de I\u00f1aki y <a href=\"https:\/\/elpais.com\/gente\/2025-06-13\/los-60-anos-de-la-infanta-cristina-en-imagenes-de-la-primera-mujer-espanola-abanderada-en-unos-juegos-olimpicos-al-banquillo-de-los-acusados.html\" rel=\"nofollow noopener\" target=\"_blank\">Cristina de Borb\u00f3n<\/a>, tiene 24 a\u00f1os, mide 1,95, pesa 85 kilos y en las tres \u00faltimas temporadas ha pegado el gran estir\u00f3n en las canchas. Su caso no es muy habitual porque nunca hab\u00eda sido llamado para las categor\u00edas inferiores de la selecci\u00f3n, pero su evoluci\u00f3n desde que lleg\u00f3 al Granollers en 2023 ha captado la atenci\u00f3n de un fiscal tan duro como Ribera, inmerso en un proceso de renovaci\u00f3n del equipo. <\/p>\n<p class=\"\">El <a href=\"https:\/\/elpais.com\/deportes\/2024-09-29\/el-semillero-del-balonmano-espanol-en-la-cumbre-de-sierra-nevada.html\" rel=\"nofollow noopener\" target=\"_blank\">t\u00e9cnico catal\u00e1n<\/a>, que controla de forma permanente a cerca de 150 jugadores espa\u00f1oles, hab\u00eda pedido hace tiempo a sus colaboradores que le empezaran a pasar informes del jugador a la vista de su progresi\u00f3n. El nuevo Urdangar\u00edn comenz\u00f3 como extremo derecho, sin embargo, ha asomado en la \u00e9lite en la misma posici\u00f3n que su padre, como lateral, donde se colg\u00f3 dos bronces ol\u00edmpicos (1996 y 2000). <\/p>\n<p class=\"\">Inevitablemente, la comidilla del coraz\u00f3n ha acompa\u00f1ado a este joven en cada paso que ha dado sobre las pistas, cuando se march\u00f3 en 2018 a la <a href=\"https:\/\/elpais.com\/elpais\/2018\/09\/19\/gente\/1537357948_204622.html\" rel=\"nofollow noopener\" target=\"_blank\">cantera del Hannover<\/a> (los reyes em\u00e9ritos fueron fotografiados en las gradas), luego al Nantes o cuando debut\u00f3 con el Barcelona en octubre de 2021, en un c\u00f3modo choque de la Liga Asobal contra el Bada Huesca. Pero sus cifras goleadoras hablan de una crecida en su juego desde que aterriz\u00f3 en el Vall\u00e9s, bajo el tutelaje del entrenador Antonio Rama y con el cambio de posici\u00f3n. De los 85 tantos en su primer a\u00f1o en <a href=\"https:\/\/elpais.com\/deportes\/2023-03-18\/granollers-poco-dinero-y-mucho-balonmano-somos-la-mejor-cantera-de-espana.html\" rel=\"nofollow noopener\" target=\"_blank\">Granollers<\/a> (2,83 por partido) ascendi\u00f3 el pasado a 117 (3,90). En este, acumula 20 dianas en los cinco primeros encuentros (cuatro de media). Su altura y brazo izquierdo se han ido haciendo fuertes en esa ubicaci\u00f3n. <\/p>\n<p class=\"\">Sus condiciones le otorgan una ventaja competitiva en el balonmano: no hay abundancia de zurdos para jugar en el lateral. En primavera, Jordi Ribera ya prob\u00f3 a <a href=\"https:\/\/elpais.com\/deportes\/2025-05-08\/el-sorprendente-caso-en-el-balonmano-espanol-de-marcos-fis.html\" rel=\"nofollow noopener\" target=\"_blank\">Marcos Fis<\/a>, un chaval de 18 a\u00f1os que ahora es compa\u00f1ero suyo. El hijo del recordado Julio Fis no hab\u00eda alcanzado todav\u00eda la selecci\u00f3n j\u00fanior (segu\u00eda en los juveniles, el tercer escal\u00f3n internacional) cuando recibi\u00f3 la llamada de los Hispanos. Ahora le toca el turno a Pablo Urdangar\u00edn para afrontar dos choques contra la siempre exigente Suecia. <\/p>\n<p class=\"\">\u00c9l es una de las cuatro novedades en la lista del seleccionador para esta ventana. El central del Sporting de Portugal Natan Su\u00e1rez, el lateral izquierdo del Bidasoa Mario Nevado y el pivote del Ciudad de Logro\u00f1o \u00c1lvaro Mart\u00ednez son los otros debutantes. Al margen de estos nombres, destaca tambi\u00e9n el regreso del especialista defensivo Antonio Serradilla, protagonista de una aut\u00e9ntica historia de resistencia, empe\u00f1o y superaci\u00f3n. Desde 2021, juega con un ojo despu\u00e9s de que le extirparan el derecho <a href=\"https:\/\/elpais.com\/deportes\/2021-08-19\/de-la-extirpacion-de-un-ojo-a-las-pistas-en-cuatro-meses.html\" rel=\"nofollow noopener\" target=\"_blank\">por un tumor<\/a>. El pasado junio se proclam\u00f3 <a href=\"https:\/\/elpais.com\/deportes\/2025-06-16\/antonio-serradilla-de-perder-un-ojo-por-un-tumor-y-salvarse-de-un-atentado-terrorista-a-ganar-la-champions-de-balonmano.html\" rel=\"nofollow noopener\" target=\"_blank\">campe\u00f3n de Europa<\/a> con el Magdeburgo y ahora, cuatro a\u00f1os despu\u00e9s de su \u00faltima convocatoria, vuelve con Espa\u00f1a. Todos ellos est\u00e1n citados el domingo 26 de octubre en Madrid para volar al d\u00eda siguiente a Suecia, en la antesala del Europeo de enero. <\/p>\n<p class=\"\">I\u00f1aki Urdangar\u00edn, clave en aquel inolvidable Dream Team del Barcelona (el club retir\u00f3 su dorsal siete), fue mucho m\u00e1s prematuro que su hijo en la selecci\u00f3n. Debut\u00f3 con 18 a\u00f1os y alarg\u00f3 su periodo hasta los Juegos de S\u00eddney (371 goles en 170 partidos). A aquella cita ol\u00edmpica, Cristina de Borb\u00f3n acudi\u00f3 embarazada de Pablo Urdangar\u00edn. <\/p>\n","protected":false},"excerpt":{"rendered":"De I\u00f1aki Urdangarin a Pablo Urdangar\u00edn. De padre a hijo en el balonmano espa\u00f1ol. El seleccionador de los&hellip;\n","protected":false},"author":2,"featured_media":176380,"comment_status":"","ping_status":"","sticky":false,"template":"","format":"standard","meta":{"footnotes":""},"categories":[278],"tags":[376,25406,168,25,24,50558,375,10215,50556,12552,50555,50557,23,167],"class_list":{"0":"post-176379","1":"post","2":"type-post","3":"status-publish","4":"format-standard","5":"has-post-thumbnail","7":"category-balonmano","8":"tag-balonmano","9":"tag-cristina-de-borbon-y-grecia","10":"tag-deportes","11":"tag-es","12":"tag-espana","13":"tag-europeo-balonmano","14":"tag-handball","15":"tag-inaki-urdangarin","16":"tag-jordi-ribera","17":"tag-pablo-urdangarin","18":"tag-seleccion-espanola-balonmano","19":"tag-seleccion-sueca","20":"tag-spain","21":"tag-sports"},"share_on_mastodon":{"url":"","error":""},"_links":{"self":[{"href":"https:\/\/www.europesays.com\/es\/wp-json\/wp\/v2\/posts\/176379","targetHints":{"allow":["GET"]}}],"collection":[{"href":"https:\/\/www.europesays.com\/es\/wp-json\/wp\/v2\/posts"}],"about":[{"href":"https:\/\/www.europesays.com\/es\/wp-json\/wp\/v2\/types\/post"}],"author":[{"embeddable":true,"href":"https:\/\/www.europesays.com\/es\/wp-json\/wp\/v2\/users\/2"}],"replies":[{"embeddable":true,"href":"https:\/\/www.europesays.com\/es\/wp-json\/wp\/v2\/comments?post=176379"}],"version-history":[{"count":0,"href":"https:\/\/www.europesays.com\/es\/wp-json\/wp\/v2\/posts\/176379\/revisions"}],"wp:featuredmedia":[{"embeddable":true,"href":"https:\/\/www.europesays.com\/es\/wp-json\/wp\/v2\/media\/176380"}],"wp:attachment":[{"href":"https:\/\/www.europesays.com\/es\/wp-json\/wp\/v2\/media?parent=176379"}],"wp:term":[{"taxonomy":"category","embeddable":true,"href":"https:\/\/www.europesays.com\/es\/wp-json\/wp\/v2\/categories?post=176379"},{"taxonomy":"post_tag","embeddable":true,"href":"https:\/\/www.europesays.com\/es\/wp-json\/wp\/v2\/tags?post=176379"}],"curies":[{"name":"wp","href":"https:\/\/api.w.org\/{rel}","templated":true}]}}