{"id":176395,"date":"2025-10-14T15:00:14","date_gmt":"2025-10-14T15:00:14","guid":{"rendered":"https:\/\/www.europesays.com\/es\/176395\/"},"modified":"2025-10-14T15:00:14","modified_gmt":"2025-10-14T15:00:14","slug":"puppy-luce-nueva-piel-con-la-llegada-del-otono","status":"publish","type":"post","link":"https:\/\/www.europesays.com\/es\/176395\/","title":{"rendered":"&#8216;Puppy&#8217; luce nueva piel con la llegada del oto\u00f1o"},"content":{"rendered":"<p>\n        Tras unos d\u00edas en los que Puppy ha estado rodeado de andamios para mudar su piel, el icono floral del <a href=\"https:\/\/www.deia.eus\/tags\/museo-guggenheim-bilbao\/\" title=\"Museo Guggenheim Bilbao\" class=\"link copy\" rel=\"nofollow noopener\" target=\"_blank\">Museo Guggenheim Bilbao<\/a> <strong>ya est\u00e1 vestido de oto\u00f1o<\/strong>. Con el cambio de estaci\u00f3n, uno de los emblemas de la ciudad, que durante el a\u00f1o atrae a miles de turistas, <strong>se ha despedido de los colores vivos, <\/strong>t\u00edpicos del verano, para dar el paso a una<strong> nueva paleta floral <\/strong>que le acompa\u00f1ar\u00e1 durante los meses m\u00e1s fr\u00edos, los que est\u00e1n por venir.\n<\/p>\n<p class=\"article-body__text \">\n        En los \u00faltimos d\u00edas, las personas encargadas de esta labor <strong>han sustituido las plantas una por una <\/strong>para que Puppy luzca colores diferentes durante los pr\u00f3ximos meses. Este cambio se ha terminado d\u00edas antes de que la pinacoteca abra sus puertas este fin de semana, 18 y 19 de octubre, de forma gratuita para celebrar su vig\u00e9simo octavo aniversario, seg\u00fan han anunciado desde el Museo Guggenheim Bilbao.<\/p>\n","protected":false},"excerpt":{"rendered":"Tras unos d\u00edas en los que Puppy ha estado rodeado de andamios para mudar su piel, el icono&hellip;\n","protected":false},"author":2,"featured_media":176396,"comment_status":"","ping_status":"","sticky":false,"template":"","format":"standard","meta":{"footnotes":""},"categories":[173],"tags":[229,233,231,230,232,234,146,147,25,24,5808,14839,795,10003,50560,23],"class_list":{"0":"post-176395","1":"post","2":"type-post","3":"status-publish","4":"format-standard","5":"has-post-thumbnail","7":"category-arte-y-diseno","8":"tag-arte","9":"tag-arte-y-diseno","10":"tag-arts","11":"tag-arts-and-design","12":"tag-design","13":"tag-diseno","14":"tag-entertainment","15":"tag-entretenimiento","16":"tag-es","17":"tag-espana","18":"tag-llegada","19":"tag-luce","20":"tag-nueva","21":"tag-piel","22":"tag-puppy","23":"tag-spain"},"share_on_mastodon":{"url":"","error":""},"_links":{"self":[{"href":"https:\/\/www.europesays.com\/es\/wp-json\/wp\/v2\/posts\/176395","targetHints":{"allow":["GET"]}}],"collection":[{"href":"https:\/\/www.europesays.com\/es\/wp-json\/wp\/v2\/posts"}],"about":[{"href":"https:\/\/www.europesays.com\/es\/wp-json\/wp\/v2\/types\/post"}],"author":[{"embeddable":true,"href":"https:\/\/www.europesays.com\/es\/wp-json\/wp\/v2\/users\/2"}],"replies":[{"embeddable":true,"href":"https:\/\/www.europesays.com\/es\/wp-json\/wp\/v2\/comments?post=176395"}],"version-history":[{"count":0,"href":"https:\/\/www.europesays.com\/es\/wp-json\/wp\/v2\/posts\/176395\/revisions"}],"wp:featuredmedia":[{"embeddable":true,"href":"https:\/\/www.europesays.com\/es\/wp-json\/wp\/v2\/media\/176396"}],"wp:attachment":[{"href":"https:\/\/www.europesays.com\/es\/wp-json\/wp\/v2\/media?parent=176395"}],"wp:term":[{"taxonomy":"category","embeddable":true,"href":"https:\/\/www.europesays.com\/es\/wp-json\/wp\/v2\/categories?post=176395"},{"taxonomy":"post_tag","embeddable":true,"href":"https:\/\/www.europesays.com\/es\/wp-json\/wp\/v2\/tags?post=176395"}],"curies":[{"name":"wp","href":"https:\/\/api.w.org\/{rel}","templated":true}]}}