{"id":176416,"date":"2025-10-14T15:12:11","date_gmt":"2025-10-14T15:12:11","guid":{"rendered":"https:\/\/www.europesays.com\/es\/176416\/"},"modified":"2025-10-14T15:12:11","modified_gmt":"2025-10-14T15:12:11","slug":"proclamacion-de-los-ganadores-de-los-premios-del-patrimonio-europeo-premios-europa-nostra-2025","status":"publish","type":"post","link":"https:\/\/www.europesays.com\/es\/176416\/","title":{"rendered":"Proclamaci\u00f3n de los ganadores de los Premios del Patrimonio Europeo \/ Premios Europa Nostra 2025"},"content":{"rendered":"<p>Los ganadores de los Premios del Patrimonio Europeo 2025 \/ Premios Europa Nostra fueron galardonados en una ceremonia en Bruselas, presentada conjuntamente por el comisario de Equidad Intergeneracional, Juventud, Cultura y Deporte, Glenn <strong>Micallef,<\/strong> y el presidente ejecutivo de Europa Nostra.<\/p>\n<p>Los cinco galardonados del Gran Premio y el ganador del Premio del P\u00fablico de 2025 fueron designados entre los 30 galardonados de este a\u00f1o, procedentes de 24 pa\u00edses europeos.\u00a0<\/p>\n<p>Los <strong>cinco ganadores del Gran Premio<\/strong> son:<\/p>\n<p>1. <a href=\"https:\/\/www.europeanheritageawards.eu\/winners\/inge-bisgaard\/\" class=\"ecl-link ecl-link--icon\" rel=\"nofollow noopener\" target=\"_blank\">Inge Bisgaard,<\/a> de Groenlandia y Dinamarca, en la categor\u00eda \u00abCampeones del Patrimonio\u00bb;<\/p>\n<p>2. <a href=\"https:\/\/www.europeanheritageawards.eu\/winners\/pro-monumenta-preventive-maintenance-of-monuments\/\" class=\"ecl-link ecl-link--icon\" rel=\"nofollow noopener\" target=\"_blank\">Pro Monumenta &#8211; Mantenimiento preventivo de monumentos<\/a>, de Eslovaquia, en la categor\u00eda \u00abEducaci\u00f3n, formaci\u00f3n y capacidades\u00bb;<\/p>\n<p>3. <a href=\"https:\/\/www.europeanheritageawards.eu\/winners\/antwerp-city-hall\/\" class=\"ecl-link ecl-link--icon\" rel=\"nofollow noopener\" target=\"_blank\">Ayuntamiento de Amberes<\/a>, de B\u00e9lgica, en la categor\u00eda \u00abConservaci\u00f3n y reutilizaci\u00f3n adaptativa\u00bb;<\/p>\n<p>4. <a href=\"https:\/\/www.europeanheritageawards.eu\/winners\/glacier-archaeology-programme-secrets-of-the-ice\/\" class=\"ecl-link ecl-link--icon\" rel=\"nofollow noopener\" target=\"_blank\">Programa de Arqueolog\u00eda de los Glaciares &#8211; Secretos del Hielo<\/a>, de Noruega, en la categor\u00eda \u00abInvestigaci\u00f3n\u00bb;<\/p>\n<p>5. <a href=\"https:\/\/www.europeanheritageawards.eu\/winners\/hedgehog-home-inventing-a-better-world\/\" class=\"ecl-link ecl-link--icon\" rel=\"nofollow noopener\" target=\"_blank\">La casa del erizo &#8211; Inventando un mundo mejor<\/a>, de Serbia, en la categor\u00eda \u00abCompromiso y sensibilizaci\u00f3n de los ciudadanos\u00bb.<\/p>\n<p>Adem\u00e1s, alrededor de 10 000 ciudadanos de toda Europa participaron en una encuesta en l\u00ednea, seleccionando el proyecto de restauraci\u00f3n de la <a href=\"https:\/\/www.europeanheritageawards.eu\/winners\/puerta-de-alcala\" class=\"ecl-link ecl-link--icon\" rel=\"nofollow noopener\" target=\"_blank\">Puerta de Alcal\u00e1 en Madrid<\/a> como ganador del <strong>Premio del P\u00fablico 2025<\/strong>.<\/p>\n<p>Los cinco galardonados del Gran Premio y el ganador del Premio del P\u00fablico recibir\u00e1n cada uno un premio de 10 000 euros.<\/p>\n<blockquote>\n<p>El comisario <strong>Micallef<\/strong> felicit\u00f3 a todos los galardonados de esta edici\u00f3n: \u00abUna vez m\u00e1s, los ganadores de los Premios del Patrimonio Europeo \/ Premios Europa Nostra demuestran la gran diversidad y riqueza del patrimonio cultural europeo. Felicito calurosamente a todos los ganadores de la edici\u00f3n de 2025 por sus extraordinarios logros en la salvaguardia y promoci\u00f3n de nuestro patrimonio com\u00fan. Sus extraordinarias habilidades, sus acciones innovadoras y su enorme compromiso son un ejemplo para las pr\u00e1cticas de patrimonio cultural del futuro. Con una inmensa dedicaci\u00f3n, tanto los profesionales como los voluntarios han demostrado c\u00f3mo involucrar a las comunidades tanto a nivel local como transfronterizo, uniendo a personas de diferentes or\u00edgenes y generaciones para trabajar juntos en pro de una mayor inclusi\u00f3n, cohesi\u00f3n social, sostenibilidad y un futuro mejor en Europa y m\u00e1s all\u00e1\u00bb.<\/p>\n<\/blockquote>\n<p>Puede encontrar m\u00e1s informaci\u00f3n sobre los ganadores del Gran Premio y del Premio del P\u00fablico en el <a href=\"https:\/\/culture.ec.europa.eu\/news\/europe-celebrates-2025-heritage-award-winners-in-brussels\" rel=\"nofollow noopener\" target=\"_blank\">sitio web de Cultura y Creatividad<\/a> de la Comisi\u00f3n.<\/p>\n<p>(Para m\u00e1s informaci\u00f3n: Eva Hrn\u010d\u00ed\u0159ov\u00e1 \u2013 Tel.: +32 2 298 84 33; Eirini Zarkadoula \u2013 Tel.: +32 460 76 57 13)<\/p>\n","protected":false},"excerpt":{"rendered":"Los ganadores de los Premios del Patrimonio Europeo 2025 \/ Premios Europa Nostra fueron galardonados en una ceremonia&hellip;\n","protected":false},"author":2,"featured_media":176417,"comment_status":"","ping_status":"","sticky":false,"template":"","format":"standard","meta":{"footnotes":""},"categories":[5],"tags":[17,18,1708,25,24,13,14,11,19,20,9,10,15,16,23,12,21,22],"class_list":{"0":"post-176416","1":"post","2":"type-post","3":"status-publish","4":"format-standard","5":"has-post-thumbnail","7":"category-titulares","8":"tag-breaking-news","9":"tag-breakingnews","10":"tag-comision-europea","11":"tag-es","12":"tag-espana","13":"tag-featured-news","14":"tag-featurednews","15":"tag-headlines","16":"tag-latest-news","17":"tag-latestnews","18":"tag-news","19":"tag-noticias","20":"tag-noticias-destacadas","21":"tag-noticiasdestacadas","22":"tag-spain","23":"tag-titulares","24":"tag-ultimas-noticias","25":"tag-ultimasnoticias"},"share_on_mastodon":{"url":"","error":""},"_links":{"self":[{"href":"https:\/\/www.europesays.com\/es\/wp-json\/wp\/v2\/posts\/176416","targetHints":{"allow":["GET"]}}],"collection":[{"href":"https:\/\/www.europesays.com\/es\/wp-json\/wp\/v2\/posts"}],"about":[{"href":"https:\/\/www.europesays.com\/es\/wp-json\/wp\/v2\/types\/post"}],"author":[{"embeddable":true,"href":"https:\/\/www.europesays.com\/es\/wp-json\/wp\/v2\/users\/2"}],"replies":[{"embeddable":true,"href":"https:\/\/www.europesays.com\/es\/wp-json\/wp\/v2\/comments?post=176416"}],"version-history":[{"count":0,"href":"https:\/\/www.europesays.com\/es\/wp-json\/wp\/v2\/posts\/176416\/revisions"}],"wp:featuredmedia":[{"embeddable":true,"href":"https:\/\/www.europesays.com\/es\/wp-json\/wp\/v2\/media\/176417"}],"wp:attachment":[{"href":"https:\/\/www.europesays.com\/es\/wp-json\/wp\/v2\/media?parent=176416"}],"wp:term":[{"taxonomy":"category","embeddable":true,"href":"https:\/\/www.europesays.com\/es\/wp-json\/wp\/v2\/categories?post=176416"},{"taxonomy":"post_tag","embeddable":true,"href":"https:\/\/www.europesays.com\/es\/wp-json\/wp\/v2\/tags?post=176416"}],"curies":[{"name":"wp","href":"https:\/\/api.w.org\/{rel}","templated":true}]}}