{"id":176418,"date":"2025-10-14T15:13:07","date_gmt":"2025-10-14T15:13:07","guid":{"rendered":"https:\/\/www.europesays.com\/es\/176418\/"},"modified":"2025-10-14T15:13:07","modified_gmt":"2025-10-14T15:13:07","slug":"fallece-miguel-angel-soto-referente-en-el-balonmano-antequerano-futbol","status":"publish","type":"post","link":"https:\/\/www.europesays.com\/es\/176418\/","title":{"rendered":"Fallece Miguel \u00c1ngel Soto, referente en el balonmano antequerano | F\u00fatbol"},"content":{"rendered":"<p class=\"loc\">Antequera<\/p>\n<p>El Balonmano D\u00f3lmenes Antequera ha comunicado la triste noticia del fallecimiento de Miguel \u00c1ngel Soto, que durante muchos a\u00f1os trabaj\u00f3 en el club y fue parte fundamental como trabajador y entrenador en la cantera. Ha fallecido despu\u00e9s de una larga contra el c\u00e1ncer.<\/p>\n<p>Miguel \u00c1ngel Soto es, adem\u00e1s, padre del jugador del primer equipo, Migui Soto, as\u00ed como hermano de los entrenadores de la cantera Paco Soto y Jes\u00fas Soto. Desde el anuncio de esta p\u00e9rdida, las redes sociales se han volcado en los mensajes muestras de cari\u00f1o y condolencias a su familia, referente en el deporte en Antequera.<\/p>\n<p>\u00abQueremos transmitir nuestro m\u00e1s sincero p\u00e9same a toda la familia y allegados m\u00e1s cercanos\u00bb, rezaba el comunicado del club verde, que adem\u00e1s en se\u00f1al de luto y respeto ha parado toda la actividad prevista para este lunes, donde no habr\u00e1 entrenamientos ni abrir\u00e1 la sede.<\/p>\n","protected":false},"excerpt":{"rendered":"Antequera El Balonmano D\u00f3lmenes Antequera ha comunicado la triste noticia del fallecimiento de Miguel \u00c1ngel Soto, que durante&hellip;\n","protected":false},"author":2,"featured_media":176419,"comment_status":"","ping_status":"","sticky":false,"template":"","format":"standard","meta":{"footnotes":""},"categories":[278],"tags":[376,168,25,24,375,23,167],"class_list":{"0":"post-176418","1":"post","2":"type-post","3":"status-publish","4":"format-standard","5":"has-post-thumbnail","7":"category-balonmano","8":"tag-balonmano","9":"tag-deportes","10":"tag-es","11":"tag-espana","12":"tag-handball","13":"tag-spain","14":"tag-sports"},"share_on_mastodon":{"url":"","error":""},"_links":{"self":[{"href":"https:\/\/www.europesays.com\/es\/wp-json\/wp\/v2\/posts\/176418","targetHints":{"allow":["GET"]}}],"collection":[{"href":"https:\/\/www.europesays.com\/es\/wp-json\/wp\/v2\/posts"}],"about":[{"href":"https:\/\/www.europesays.com\/es\/wp-json\/wp\/v2\/types\/post"}],"author":[{"embeddable":true,"href":"https:\/\/www.europesays.com\/es\/wp-json\/wp\/v2\/users\/2"}],"replies":[{"embeddable":true,"href":"https:\/\/www.europesays.com\/es\/wp-json\/wp\/v2\/comments?post=176418"}],"version-history":[{"count":0,"href":"https:\/\/www.europesays.com\/es\/wp-json\/wp\/v2\/posts\/176418\/revisions"}],"wp:featuredmedia":[{"embeddable":true,"href":"https:\/\/www.europesays.com\/es\/wp-json\/wp\/v2\/media\/176419"}],"wp:attachment":[{"href":"https:\/\/www.europesays.com\/es\/wp-json\/wp\/v2\/media?parent=176418"}],"wp:term":[{"taxonomy":"category","embeddable":true,"href":"https:\/\/www.europesays.com\/es\/wp-json\/wp\/v2\/categories?post=176418"},{"taxonomy":"post_tag","embeddable":true,"href":"https:\/\/www.europesays.com\/es\/wp-json\/wp\/v2\/tags?post=176418"}],"curies":[{"name":"wp","href":"https:\/\/api.w.org\/{rel}","templated":true}]}}