{"id":176426,"date":"2025-10-14T15:19:07","date_gmt":"2025-10-14T15:19:07","guid":{"rendered":"https:\/\/www.europesays.com\/es\/176426\/"},"modified":"2025-10-14T15:19:07","modified_gmt":"2025-10-14T15:19:07","slug":"jimmy-llibre-va-con-todo-para-representar-a-rd-en-el-circuit-of-the-americas-junto-a-la-formula-1","status":"publish","type":"post","link":"https:\/\/www.europesays.com\/es\/176426\/","title":{"rendered":"Jimmy Llibre va con todo para representar a RD en el Circuit of The Americas junto a la F\u00f3rmula 1"},"content":{"rendered":"<p>El piloto dominicano Jimmy Llibre se prepara para una de las citas m\u00e1s importantes de la temporada automovil\u00edstica en el Formula 1 MSC Cruises United States Grand Prix, que se celebrar\u00e1 del 17 al 19 de octubre en el ic\u00f3nico Circuit of The Americas (COTA), en Austin, Texas.<\/p>\n<p>En esta ocasi\u00f3n, Llibre competir\u00e1 en un evento que compartir\u00e1 escenario con la F\u00f3rmula 1, frente a una asistencia estimada de medio mill\u00f3n de fan\u00e1ticos del automovilismo, en uno de los circuitos m\u00e1s emblem\u00e1ticos del calendario internacional.<\/p>\n<p>\u201cHemos trabajado fuerte, descansado y entrenado con el objetivo de subir al podio y levantar la bandera de Rep\u00fablica Dominicana\u201d, dijo Jimmy.<\/p>\n<p>Para el piloto cada carrera ha sido parte del proceso de aprender, crecer y representar con orgullo a los dominicanos y ahora toca cerrar la temporada con la misma fuerza y enfoque con que inicio.<\/p>\n<p>\u201cCon Dios delante, vamos a dar pelea\u201d, expres\u00f3 Jimmy Llibre.<\/p>\n<p>El fin de semana de competencia en COTA iniciar\u00e1 el viernes 17 de octubre con la pr\u00e1ctica oficial pautada de 2:35 p.m. a 3:05 p.m. El s\u00e1bado 18 de octubre se llevar\u00e1 a cabo la sesi\u00f3n de clasificaci\u00f3n de 9:45 a.m. a 10:15 a.m., seguida de la Carrera 1, que se disputar\u00e1 en vivo de 2:40 p.m. a 3:20 p.m. Finalmente, el domingo 19 de octubre se celebrar\u00e1 la Carrera 2, tambi\u00e9n en vivo, de 11:00 a.m. a 11:40 a.m.<\/p>\n<p>Los fan\u00e1ticos podr\u00e1n acompa\u00f1ar a Jimmy viendo las carreras en vivo a trav\u00e9s de YouTube, compartiendo la emoci\u00f3n de verlo representar a la Rep\u00fablica Dominicana en un escenario de clase mundial.<\/p>\n<p>Jimmy Llibre forma parte del equipo ACI Motorsports, con el respaldo de un s\u00f3lido grupo de patrocinadores como son:<br \/>Banreservas, Baldom, Arroz Campos, Lab Mall\u00e9n, Ministerio de Turismo, ARV Group, Mobil 1, Ground Burger, Grupo Cometa, Hospital HOMS, Don Pollo, Fiduciaria Reservas, Redbridge Insurance, Espaillat Motors, Crisol, Tipico Bonao y Porsche Center Santo Domingo.<\/p>\n","protected":false},"excerpt":{"rendered":"El piloto dominicano Jimmy Llibre se prepara para una de las citas m\u00e1s importantes de la temporada automovil\u00edstica&hellip;\n","protected":false},"author":2,"featured_media":176427,"comment_status":"","ping_status":"","sticky":false,"template":"","format":"standard","meta":{"footnotes":""},"categories":[270],"tags":[168,25,24,306,271,272,2660,50574,39596,23,167],"class_list":{"0":"post-176426","1":"post","2":"type-post","3":"status-publish","4":"format-standard","5":"has-post-thumbnail","7":"category-formula-1","8":"tag-deportes","9":"tag-es","10":"tag-espana","11":"tag-f1","12":"tag-formula-1","13":"tag-formula1","14":"tag-nacionales","15":"tag-rc-noticias","16":"tag-rcnoticias","17":"tag-spain","18":"tag-sports"},"share_on_mastodon":{"url":"","error":""},"_links":{"self":[{"href":"https:\/\/www.europesays.com\/es\/wp-json\/wp\/v2\/posts\/176426","targetHints":{"allow":["GET"]}}],"collection":[{"href":"https:\/\/www.europesays.com\/es\/wp-json\/wp\/v2\/posts"}],"about":[{"href":"https:\/\/www.europesays.com\/es\/wp-json\/wp\/v2\/types\/post"}],"author":[{"embeddable":true,"href":"https:\/\/www.europesays.com\/es\/wp-json\/wp\/v2\/users\/2"}],"replies":[{"embeddable":true,"href":"https:\/\/www.europesays.com\/es\/wp-json\/wp\/v2\/comments?post=176426"}],"version-history":[{"count":0,"href":"https:\/\/www.europesays.com\/es\/wp-json\/wp\/v2\/posts\/176426\/revisions"}],"wp:featuredmedia":[{"embeddable":true,"href":"https:\/\/www.europesays.com\/es\/wp-json\/wp\/v2\/media\/176427"}],"wp:attachment":[{"href":"https:\/\/www.europesays.com\/es\/wp-json\/wp\/v2\/media?parent=176426"}],"wp:term":[{"taxonomy":"category","embeddable":true,"href":"https:\/\/www.europesays.com\/es\/wp-json\/wp\/v2\/categories?post=176426"},{"taxonomy":"post_tag","embeddable":true,"href":"https:\/\/www.europesays.com\/es\/wp-json\/wp\/v2\/tags?post=176426"}],"curies":[{"name":"wp","href":"https:\/\/api.w.org\/{rel}","templated":true}]}}