{"id":176436,"date":"2025-10-14T15:26:08","date_gmt":"2025-10-14T15:26:08","guid":{"rendered":"https:\/\/www.europesays.com\/es\/176436\/"},"modified":"2025-10-14T15:26:08","modified_gmt":"2025-10-14T15:26:08","slug":"la-escultura-del-greetingman-se-inclina-ante-el-puerto-de-las-palmas","status":"publish","type":"post","link":"https:\/\/www.europesays.com\/es\/176436\/","title":{"rendered":"la escultura del &#8216;Greetingman&#8217; se inclina ante el Puerto de Las Palmas"},"content":{"rendered":"<p class=\"ft-text\">Con <strong>seis metros de altura<\/strong> y <strong>dos toneladas<\/strong>, el <strong>Greetingman<\/strong> se inclina en una reverencia mirando hacia el <strong>Puerto de Las Palmas<\/strong>, el mismo recinto al que hace ya <strong>59 a\u00f1os<\/strong> lleg\u00f3 el <strong>Kanghwaho 601<\/strong>, el primero de los <strong>250 barcos<\/strong> que conformaron la <strong>flota pesquera coreana en Las Palmas de Gran Canaria<\/strong>. La <strong>escultura<\/strong>, obra de <strong>Yoo Young-ho<\/strong>, qued\u00f3 inaugurada este martes en uno de los actos organizados para celebrar el <strong>D\u00eda Nacional de Corea<\/strong> -que se conmemor\u00f3 el pasado 3 de octubre-, coincidiendo con el <strong>75 aniversario del establecimiento de las relaciones diplom\u00e1ticas entre este pa\u00eds y Espa\u00f1a<\/strong>.<\/p>\n<p class=\"ft-text\">El <strong>embajador de Corea en Espa\u00f1a, Lim Soosuk<\/strong>, fue el encargado de presidir este acto inaugural que cont\u00f3 con la presencia del <strong>c\u00f3nsul en Las Palmas, Moon-hee Koh<\/strong>, el <strong>portavoz del Gobierno de Canarias, Alfonso Cabello<\/strong>, el <strong>presidente del Cabildo grancanario, Antonio Morales<\/strong>, la <strong>presidenta de la Autoridad Portuaria, Beatriz Calzada<\/strong>, el <strong>presidente de la comunidad coreana, Choi Ki-hwan<\/strong>, y el <strong>representante del Comit\u00e9 de Promoci\u00f3n Tur\u00edstica de Canarias, Kim Park Duck<\/strong>, entre otros.<\/p>\n<p>Puesta en escena<\/p>\n<p class=\"ft-text\">La inauguraci\u00f3n de la <strong>escultura<\/strong>, el <strong>primer Greetingman de Europa<\/strong>, combin\u00f3 la solemnidad de las inauguraciones con la exhibici\u00f3n de <strong>bailes de K-pop<\/strong> y de veh\u00edculos de una reconocida marca de coches, y un gui\u00f1o a una de las <strong>series coreanas<\/strong> que despert\u00f3 un gran inter\u00e9s en Espa\u00f1a, &#8216;El Juego del Calamar&#8217;, con personas ataviadas con la vestimenta caracter\u00edstica de sus personajes en la <strong>plaza de Canarias<\/strong>. Este despliegue hizo que a los 400 invitados se sumaran, adem\u00e1s, algunos de los <strong>turistas<\/strong> que llegaron durante la ma\u00f1ana del martes al <strong>Muelle de Santa Catalina<\/strong> a bordo del <strong>crucero Apex de Celebrity Cruises<\/strong>.<\/p>\n<p class=\"ft-text\">El <strong>embajador de Corea<\/strong> expres\u00f3 a la <strong>comunidad coreana<\/strong> su \u00abprofundo respeto por su dedicaci\u00f3n hacia su patria\u00bb y agradeci\u00f3 a la <strong>ciudadan\u00eda de Canarias<\/strong> que les haya acogido \u00abcomo hermanos y hayan colaborado estrechamente\u00bb con los marineros que llegaron a la isla en el tercer tercio del siglo XX. Asimismo, agradeci\u00f3 al <strong>artista Yoo Young-ho<\/strong> la donaci\u00f3n de \u00abesta magn\u00edfica obra en honor de la amistad entre Corea y Espa\u00f1a\u00bb.<\/p>\n<p>\u00abM\u00e1s fuerte que nunca\u00bb<\/p>\n<p class=\"ft-text\">\u00abHace 60 a\u00f1os Corea era uno de los pa\u00edses m\u00e1s pobres del mundo y el impulso de nuestra <strong>flota de pesca de altura<\/strong> fue una base muy valiosa para el desarrollo econ\u00f3mico\u00bb de este pa\u00eds, asever\u00f3 en su intervenci\u00f3n. \u00abEste a\u00f1o celebramos <strong>75 a\u00f1os de nuestras relaciones diplom\u00e1ticas<\/strong> y los lazos entre <strong>Corea y Espa\u00f1a<\/strong> son hoy m\u00e1s fuertes que nunca y en todos los \u00e1mbitos. <strong>Las Palmas<\/strong> es un s\u00edmbolo de esa uni\u00f3n y deseo de coraz\u00f3n que la sencilla semilla de esta amistad plantada aqu\u00ed siga creciendo hasta convertirse en un \u00e1rbol cada vez m\u00e1s grande y hermoso\u00bb.<\/p>\n<p class=\"ft-text\">(Pendiente de ampliaci\u00f3n)<\/p>\n","protected":false},"excerpt":{"rendered":"Con seis metros de altura y dos toneladas, el Greetingman se inclina en una reverencia mirando hacia el&hellip;\n","protected":false},"author":2,"featured_media":176437,"comment_status":"","ping_status":"","sticky":false,"template":"","format":"standard","meta":{"footnotes":""},"categories":[170],"tags":[2513,1445,1896,10898,14131,146,147,25,24,50575,1444,2502,6238,184,185,6765,50576,49620,23],"class_list":{"0":"post-176436","1":"post","2":"type-post","3":"status-publish","4":"format-standard","5":"has-post-thumbnail","7":"category-musica","8":"tag-altura","9":"tag-calamar","10":"tag-canarias","11":"tag-comunidad","12":"tag-corea","13":"tag-entertainment","14":"tag-entretenimiento","15":"tag-es","16":"tag-espana","17":"tag-greetingman","18":"tag-juego","19":"tag-k-pop","20":"tag-las-palmas","21":"tag-music","22":"tag-musica","23":"tag-pop","24":"tag-puerto-de-las-palmas","25":"tag-saluda","26":"tag-spain"},"share_on_mastodon":{"url":"","error":""},"_links":{"self":[{"href":"https:\/\/www.europesays.com\/es\/wp-json\/wp\/v2\/posts\/176436","targetHints":{"allow":["GET"]}}],"collection":[{"href":"https:\/\/www.europesays.com\/es\/wp-json\/wp\/v2\/posts"}],"about":[{"href":"https:\/\/www.europesays.com\/es\/wp-json\/wp\/v2\/types\/post"}],"author":[{"embeddable":true,"href":"https:\/\/www.europesays.com\/es\/wp-json\/wp\/v2\/users\/2"}],"replies":[{"embeddable":true,"href":"https:\/\/www.europesays.com\/es\/wp-json\/wp\/v2\/comments?post=176436"}],"version-history":[{"count":0,"href":"https:\/\/www.europesays.com\/es\/wp-json\/wp\/v2\/posts\/176436\/revisions"}],"wp:featuredmedia":[{"embeddable":true,"href":"https:\/\/www.europesays.com\/es\/wp-json\/wp\/v2\/media\/176437"}],"wp:attachment":[{"href":"https:\/\/www.europesays.com\/es\/wp-json\/wp\/v2\/media?parent=176436"}],"wp:term":[{"taxonomy":"category","embeddable":true,"href":"https:\/\/www.europesays.com\/es\/wp-json\/wp\/v2\/categories?post=176436"},{"taxonomy":"post_tag","embeddable":true,"href":"https:\/\/www.europesays.com\/es\/wp-json\/wp\/v2\/tags?post=176436"}],"curies":[{"name":"wp","href":"https:\/\/api.w.org\/{rel}","templated":true}]}}