{"id":176442,"date":"2025-10-14T15:29:12","date_gmt":"2025-10-14T15:29:12","guid":{"rendered":"https:\/\/www.europesays.com\/es\/176442\/"},"modified":"2025-10-14T15:29:12","modified_gmt":"2025-10-14T15:29:12","slug":"tienes-mas-de-35-anos-y-fumas-deberias-hacerte-una-espirometria","status":"publish","type":"post","link":"https:\/\/www.europesays.com\/es\/176442\/","title":{"rendered":"\u00bfTienes m\u00e1s de 35 a\u00f1os y fumas? Deber\u00edas hacerte una espirometr\u00eda"},"content":{"rendered":"<p class=\"ft-text\">Seg\u00fan la <a href=\"https:\/\/www.who.int\/es\/news-room\/fact-sheets\/detail\/chronic-obstructive-pulmonary-disease-(copd)\" class=\"ft-link ft-link--decoration\" rel=\"nofollow noopener\" target=\"_blank\">Organizaci\u00f3n Mundial de la Salud <\/a>(OMS), la <a href=\"https:\/\/www.lne.es\/salud\/guia\/2022\/11\/16\/epoc-sintomas-descubrir-enfermedad-infradiagnosticada-76774682.html#:~:text=S%C3%ADntomas%20de%20la%20Enfermedad%20Pulmonar,Tos%20cr%C3%B3nica.\" class=\"ft-link ft-link--decoration\" rel=\"nofollow noopener\" target=\"_blank\">enfermedad pulmonar obstructiva cr\u00f3nica <\/a>(EPOC) provoca la muerte de 3 millones de personas al a\u00f1o. Y lo que es peor, en 2030 ser\u00e1 una de las principales causas de fallecimiento relacionada con el tabaco.\u00a0<\/p>\n<p class=\"ft-text\">Ante esta situaci\u00f3n, el doctor <strong>Jose Miguel Rodriguez Gonz\u00e1lez-Moro<\/strong>, jefe de la<a href=\"https:\/\/vithas.es\/especialidad\/neumologia\/\" class=\"ft-link ft-link--decoration\" rel=\"nofollow noopener\" target=\"_blank\"> Unidad de Neumolog\u00eda de los Hospitales Universitarios Vithas<\/a> Madrid Arturo Soria y Vithas Madrid La Milagrosa, recomienda a pacientes de riesgo (<a class=\"ft-link ft-link--decoration\" href=\"https:\/\/www.eldia.es\/sociedad\/2025\/09\/06\/santiago-viteri-oncologo-cancer-pulmon-no-fumadores-contaminacion-gas-radon-121295169.html\" target=\"_blank\" rel=\"nofollow noopener\">fumadores<\/a>) realizarse espirometr\u00edas de forma sistem\u00e1tica para prevenir casos de EPOC y acabar as\u00ed con el infra diagn\u00f3stico de esta enfermedad que, en nuestro pa\u00eds, alcanza cifras superiores al 70% .<\/p>\n<p>Es importante realizar esta prueba, aunque no haya s\u00edntomas de EPOC<\/p>\n<p class=\"ft-text\">\u201cEl diagn\u00f3stico precoz es fundamental ya que de esta manera el pron\u00f3stico y la calidad de vida mejoran a largo plazo. Para lograrlo se deben realizar espirometr\u00edas en todos los fumadores mayores de 35 a\u00f1os tanto en atenci\u00f3n primaria, neumolog\u00eda, e incluso medicina del trabajo, independientemente de que tengan o no s\u00edntomas\u201d, ha apuntado el doctor Rodriguez.<\/p>\n<p class=\"ft-text\">La espirometr\u00eda es una prueba que mide el flujo de aire qu\u00e9 exhala el paciente y a qu\u00e9 velocidad lo hace. A trav\u00e9s de una boquilla que est\u00e1 conectada a un espir\u00f3metro se pide que, tras unas r<strong>espiraciones tranquilas, se tome el m\u00e1ximo de aire posible y que se expulse de golpe durante al menos 6 segundos<\/strong>.\u00a0<\/p>\n<p class=\"ft-text\">\u201cEstos pasos se suelen repetir al menos 3 veces para que el espir\u00f3metro recoja toda la informaci\u00f3n de forma objetiva\u201d, ha explicado el neum\u00f3logo.\u00a0<\/p>\n<p><img decoding=\"async\" src=\"https:\/\/www.europesays.com\/es\/wp-content\/uploads\/2025\/10\/5f98292f-dd75-4e6f-9894-5f54748bb34d_alta-libre-aspect-ratio_default_0.jpg\" width=\"1200\" height=\"800\" alt=\"La principal causa de la EPOC es el tabaco.\" class=\"ft-helper-img-rd\" loading=\"lazy\" hasdataaida=\"true\"\/><\/p>\n<p class=\"ft-helper-fontColor-quaternary ft-helper-fontSize-body-S ft-helper-spacer-t-xxs\">La principal causa de la EPOC es el tabaco. <\/p>\n<p>La principal causa de la EPOC es el tabaco<\/p>\n<p class=\"ft-text\">El experto, adem\u00e1s, ha destacado que el tabaquismo es la principal causa del EPOC desarroll\u00e1ndose en un 30% de los fumadores. \u201cLa gen\u00e9tica y el <a href=\"https:\/\/www.lne.es\/salud\/guia\/2022\/05\/31\/dia-mundial-tabaco-fumar-mata-66727853.html#:~:text=El%2049%2C7%25%20de%20las,respiratorias%20(22%2C7%25).&amp;text=El%20tabaco%20mata%20aproximadamente%20a%2054.000%20personas%20al%20a%C3%B1o%20en%20Espa%C3%B1a.\" class=\"ft-link ft-link--decoration\" rel=\"nofollow noopener\" target=\"_blank\">tabaco <\/a>acumulado son los dos factores implicados de forma m\u00e1s marcada en el desarrollo y gravedad de la enfermedad\u201d.\u00a0<\/p>\n<p class=\"ft-text\">Adem\u00e1s, ha se\u00f1alado que en fumadores pasivos que permanecen mucho tiempo en ambientes con humo el riesgo tambi\u00e9n existe. \u201cTanto restauradores como camareros, por ejemplo, <strong>se han visto muy beneficiados con la prohibici\u00f3n de fumar en bares y restaurantes<\/strong>\u201d, ha indicado el doctor Jos\u00e9 Miguel Rodr\u00edguez Gonz\u00e1lez-Moro.<\/p>\n<p class=\"ft-text\">En cuanto a los s\u00edntomas, el neum\u00f3logo ha explicado que muchos pacientes con EPOC no los experimentan hasta que la enfermedad se encuentra muy avanzada o si los tienen los atribuyen al hecho de ser fumadores o como consecuencias de la edad.\u00a0<\/p>\n<p class=\"ft-text\">\u201cS\u00edntomas como la tos, la expectoraci\u00f3n y la disnea o la falta de aire son t\u00edpicos de la EPOC, pero muchas veces no se atribuyen al mismo\u201d.\u00a0\u00a0<\/p>\n<p>Cambios en el estilo de vida, fundamentales para retrasar el progreso de la enfermedad<\/p>\n<p class=\"ft-text\">Hay que recordar que a fecha de hoy la EPOC no tiene cura. De lo que si se dispone es de tratamientos que pueden ayudar con los s\u00edntomas e incluso retrasar el progreso de la enfermedad.\u00a0<\/p>\n<p class=\"ft-text\">En cualquier caso, el neum\u00f3logo subraya la importancia de cambiar el <a class=\"ft-link ft-link--decoration\" href=\"https:\/\/www.eldia.es\/sociedad\/2025\/02\/04\/aumento-casos-cancer-jovenes-causas-113980313.html\" target=\"_blank\" rel=\"nofollow noopener\">estilo de vida para evitar esta enfermedad<\/a>. \u201cDejar de fumar es lo m\u00e1s importante pero tambi\u00e9n es fundamental realizar actividad f\u00edsica para fortalecer los m\u00fasculos que ayudan a respirar. Esto sumado a medicamento como broncodilatadores o terapias de ox\u00edgeno contribuyen a tratar sus complicaciones \u201c.<\/p>\n","protected":false},"excerpt":{"rendered":"Seg\u00fan la Organizaci\u00f3n Mundial de la Salud (OMS), la enfermedad pulmonar obstructiva cr\u00f3nica (EPOC) provoca la muerte de&hellip;\n","protected":false},"author":2,"featured_media":176443,"comment_status":"","ping_status":"","sticky":false,"template":"","format":"standard","meta":{"footnotes":""},"categories":[92],"tags":[14808,25,24,50577,38445,165,33127,166,23],"class_list":{"0":"post-176442","1":"post","2":"type-post","3":"status-publish","4":"format-standard","5":"has-post-thumbnail","7":"category-salud","8":"tag-epoc","9":"tag-es","10":"tag-espana","11":"tag-espirometria","12":"tag-fumadores","13":"tag-health","14":"tag-neumologia","15":"tag-salud","16":"tag-spain"},"share_on_mastodon":{"url":"","error":""},"_links":{"self":[{"href":"https:\/\/www.europesays.com\/es\/wp-json\/wp\/v2\/posts\/176442","targetHints":{"allow":["GET"]}}],"collection":[{"href":"https:\/\/www.europesays.com\/es\/wp-json\/wp\/v2\/posts"}],"about":[{"href":"https:\/\/www.europesays.com\/es\/wp-json\/wp\/v2\/types\/post"}],"author":[{"embeddable":true,"href":"https:\/\/www.europesays.com\/es\/wp-json\/wp\/v2\/users\/2"}],"replies":[{"embeddable":true,"href":"https:\/\/www.europesays.com\/es\/wp-json\/wp\/v2\/comments?post=176442"}],"version-history":[{"count":0,"href":"https:\/\/www.europesays.com\/es\/wp-json\/wp\/v2\/posts\/176442\/revisions"}],"wp:featuredmedia":[{"embeddable":true,"href":"https:\/\/www.europesays.com\/es\/wp-json\/wp\/v2\/media\/176443"}],"wp:attachment":[{"href":"https:\/\/www.europesays.com\/es\/wp-json\/wp\/v2\/media?parent=176442"}],"wp:term":[{"taxonomy":"category","embeddable":true,"href":"https:\/\/www.europesays.com\/es\/wp-json\/wp\/v2\/categories?post=176442"},{"taxonomy":"post_tag","embeddable":true,"href":"https:\/\/www.europesays.com\/es\/wp-json\/wp\/v2\/tags?post=176442"}],"curies":[{"name":"wp","href":"https:\/\/api.w.org\/{rel}","templated":true}]}}