{"id":176466,"date":"2025-10-14T15:43:12","date_gmt":"2025-10-14T15:43:12","guid":{"rendered":"https:\/\/www.europesays.com\/es\/176466\/"},"modified":"2025-10-14T15:43:12","modified_gmt":"2025-10-14T15:43:12","slug":"en-paris-tenemos-que-ser-inteligentes-y-limitar-sus-ataques-en-transicion","status":"publish","type":"post","link":"https:\/\/www.europesays.com\/es\/176466\/","title":{"rendered":"En Par\u00eds tenemos que ser inteligentes y limitar sus ataques en transici\u00f3n"},"content":{"rendered":"<p>\n        La expedici\u00f3n del <a href=\"https:\/\/www.noticiasdealava.eus\/baskonia\/\" title=\"Baskonia\" class=\"link copy\" rel=\"nofollow noopener\" target=\"_blank\">Baskonia<\/a> se encuentra ya en Par\u00eds y <strong>Paolo Galbiati<\/strong>, a pesar de \u00abhaber tenido que madrugar mucho para coger el avi\u00f3n en Bilbao\u00bb, <strong>ve a sus jugadores preparados <\/strong>para el encuentro que tendr\u00e1 lugar ma\u00f1ana a las 20.45 horas en el Adidas Arena.\n<\/p>\n<p class=\"article-body__text \">\n        \u00abLa plantilla est\u00e1 bien, los he visto hablando entre ellos durante el viaje y eso es algo a lo que le doy mucha importancia\u00bb, ha asegurado en unas declaraciones compartidas por el club. En su opini\u00f3n, la clave para llevarse la victoria ser\u00e1 <strong>\u00abjugar todos juntos y limitar los ataques en transici\u00f3n, la fluidez y la capacidad para encontrar a sus tiradores\u00bb<\/strong> del Par\u00eds Basketball.\n<\/p>\n<p>            <a href=\"https:\/\/www.noticiasdealava.eus\/baskonia\/2025\/10\/13\/alivio-baskonia-rodions-kurucs-10208124.html\" title=\"Alivio en el Baskonia con Rodions Kurucs\" class=\"new__media\" rel=\"nofollow noopener\" target=\"_blank\"><\/p>\n<p>                <img alt=\"Alivio en el Baskonia con Rodions Kurucs\" data-src=\"https:\/\/www.europesays.com\/es\/wp-content\/uploads\/2025\/10\/229d3b23-0383-4f9d-ad53-d6b0f6cf0194_16-9-aspect-ratio_default_0.jpg\" class=\"lozad\"\/><\/p>\n<p>        <\/a><\/p>\n<p>        <a href=\"https:\/\/www.noticiasdealava.eus\/baskonia\/2025\/10\/13\/alivio-baskonia-rodions-kurucs-10208124.html\" title=\"Alivio en el Baskonia con Rodions Kurucs\" class=\"new__headline\" rel=\"nofollow noopener\" target=\"_blank\"><br \/>\n            Alivio en el Baskonia con Rodions Kurucs<br \/>\n        <\/a><\/p>\n<p class=\"article-body__text \">\n        Galbiati, que <strong>confirm\u00f3 la ausencia de Rodions Kurucs<\/strong>, adelant\u00f3 que el duelo ser\u00e1 \u00abun gran desaf\u00edo porque es un equipo que juega con mucha energ\u00eda e intensidad a la hora de presionar el bal\u00f3n\u00bb y que, adem\u00e1s, \u00ab<strong>cuenta con uno de los mejores anotadores de la Euroliga como Nadir Hifi <\/strong>yotro exterior muy interesante como Justin Robinson\u00bb.\n<\/p>\n<p class=\"article-body__text \">\n        Tambi\u00e9n destac\u00f3 la \u00ablibertad\u00bb con la que cuentan los hombres de Tabellini a la hora de tirar, aunque conf\u00eda en la capacidad de sus pupilos para impedir que el Par\u00eds juegue c\u00f3modo. <strong>\u00abTenemos que ser inteligentes para desarrollar nuestro juego a nuestra velocidad y a la vez mantenernos unidos\u00bb<\/strong>, sentenci\u00f3.<\/p>\n","protected":false},"excerpt":{"rendered":"La expedici\u00f3n del Baskonia se encuentra ya en Par\u00eds y Paolo Galbiati, a pesar de \u00abhaber tenido que&hellip;\n","protected":false},"author":2,"featured_media":176467,"comment_status":"","ping_status":"","sticky":false,"template":"","format":"standard","meta":{"footnotes":""},"categories":[269],"tags":[299,298,168,25,24,17490,40165,10473,17489,4759,23,167],"class_list":{"0":"post-176466","1":"post","2":"type-post","3":"status-publish","4":"format-standard","5":"has-post-thumbnail","7":"category-baloncesto","8":"tag-baloncesto","9":"tag-basketball","10":"tag-deportes","11":"tag-es","12":"tag-espana","13":"tag-galbiati","14":"tag-inteligentes","15":"tag-limitar","16":"tag-paolo","17":"tag-paris","18":"tag-spain","19":"tag-sports"},"share_on_mastodon":{"url":"","error":""},"_links":{"self":[{"href":"https:\/\/www.europesays.com\/es\/wp-json\/wp\/v2\/posts\/176466","targetHints":{"allow":["GET"]}}],"collection":[{"href":"https:\/\/www.europesays.com\/es\/wp-json\/wp\/v2\/posts"}],"about":[{"href":"https:\/\/www.europesays.com\/es\/wp-json\/wp\/v2\/types\/post"}],"author":[{"embeddable":true,"href":"https:\/\/www.europesays.com\/es\/wp-json\/wp\/v2\/users\/2"}],"replies":[{"embeddable":true,"href":"https:\/\/www.europesays.com\/es\/wp-json\/wp\/v2\/comments?post=176466"}],"version-history":[{"count":0,"href":"https:\/\/www.europesays.com\/es\/wp-json\/wp\/v2\/posts\/176466\/revisions"}],"wp:featuredmedia":[{"embeddable":true,"href":"https:\/\/www.europesays.com\/es\/wp-json\/wp\/v2\/media\/176467"}],"wp:attachment":[{"href":"https:\/\/www.europesays.com\/es\/wp-json\/wp\/v2\/media?parent=176466"}],"wp:term":[{"taxonomy":"category","embeddable":true,"href":"https:\/\/www.europesays.com\/es\/wp-json\/wp\/v2\/categories?post=176466"},{"taxonomy":"post_tag","embeddable":true,"href":"https:\/\/www.europesays.com\/es\/wp-json\/wp\/v2\/tags?post=176466"}],"curies":[{"name":"wp","href":"https:\/\/api.w.org\/{rel}","templated":true}]}}