{"id":176484,"date":"2025-10-14T15:52:15","date_gmt":"2025-10-14T15:52:15","guid":{"rendered":"https:\/\/www.europesays.com\/es\/176484\/"},"modified":"2025-10-14T15:52:15","modified_gmt":"2025-10-14T15:52:15","slug":"ayuntamiento-de-alhama-de-murcia-4","status":"publish","type":"post","link":"https:\/\/www.europesays.com\/es\/176484\/","title":{"rendered":"Ayuntamiento de Alhama de Murcia"},"content":{"rendered":"<p>             \t\t &#13;<br \/>\n         &#13;<br \/>\n         &#13;<br \/>\n            <a href=\"https:\/\/ayuntamiento.alhamademurcia.es\/agenda.asp?id=14253\" itemprop=\"url\" rel=\"nofollow noopener\" target=\"_blank\"><img loading=\"lazy\" decoding=\"async\" title=\"D\u00cdA INTERNACIONAL DE LA MUJER RURAL\" src=\"https:\/\/www.europesays.com\/es\/wp-content\/uploads\/2025\/10\/m_160920251838331.jpg\" itemprop=\"image\" alt=\"Imagen de D\u00cdA INTERNACIONAL DE LA MUJER RURAL\"\/><\/a>&#13;<br \/>\n          &#13;<br \/>\n            <a href=\"https:\/\/ayuntamiento.alhamademurcia.es\/agenda.asp?id=14253\" itemprop=\"url\" rel=\"nofollow noopener\" target=\"_blank\">D\u00cdA INTERNACIONAL DE LA MUJER RURAL<\/a>&#13;<\/p>\n<p class=\"lugar\" itemprop=\"location\">Lugar: Parada de bus frente junto al Centro de Formaci\u00f3n y Empleo<\/p>\n<p>&#13;<\/p>\n<p>14\/10\/2025<strong> 10:00.<\/strong><\/p>\n<p>&#13;<br \/>\n            &#13;<\/p>\n<p itemprop=\"description\">Visita a las pedan\u00edas de El Ca\u00f1arico, Las Ca\u00f1adas y La Costera, con el objetivo de visibilizar el papel de las mujeres en el \u00e1mbito rural.\u00a0Inscripci\u00f3n: 15\u20ac en el Vivero de Empresas de Mujeres.\u00a0 <\/p>\n<p>&#13;<\/p>\n","protected":false},"excerpt":{"rendered":"&#13; &#13; &#13; &#13; &#13; D\u00cdA INTERNACIONAL DE LA MUJER RURAL&#13; Lugar: Parada de bus frente junto al&hellip;\n","protected":false},"author":2,"featured_media":173921,"comment_status":"","ping_status":"","sticky":false,"template":"","format":"standard","meta":{"footnotes":""},"categories":[92],"tags":[18824,1250,18825,25,24,165,166,23],"class_list":{"0":"post-176484","1":"post","2":"type-post","3":"status-publish","4":"format-standard","5":"has-post-thumbnail","7":"category-salud","8":"tag-alhama-de-murcia","9":"tag-ayuntamiento","10":"tag-ayuntamiento-de-alhama","11":"tag-es","12":"tag-espana","13":"tag-health","14":"tag-salud","15":"tag-spain"},"share_on_mastodon":{"url":"","error":""},"_links":{"self":[{"href":"https:\/\/www.europesays.com\/es\/wp-json\/wp\/v2\/posts\/176484","targetHints":{"allow":["GET"]}}],"collection":[{"href":"https:\/\/www.europesays.com\/es\/wp-json\/wp\/v2\/posts"}],"about":[{"href":"https:\/\/www.europesays.com\/es\/wp-json\/wp\/v2\/types\/post"}],"author":[{"embeddable":true,"href":"https:\/\/www.europesays.com\/es\/wp-json\/wp\/v2\/users\/2"}],"replies":[{"embeddable":true,"href":"https:\/\/www.europesays.com\/es\/wp-json\/wp\/v2\/comments?post=176484"}],"version-history":[{"count":0,"href":"https:\/\/www.europesays.com\/es\/wp-json\/wp\/v2\/posts\/176484\/revisions"}],"wp:featuredmedia":[{"embeddable":true,"href":"https:\/\/www.europesays.com\/es\/wp-json\/wp\/v2\/media\/173921"}],"wp:attachment":[{"href":"https:\/\/www.europesays.com\/es\/wp-json\/wp\/v2\/media?parent=176484"}],"wp:term":[{"taxonomy":"category","embeddable":true,"href":"https:\/\/www.europesays.com\/es\/wp-json\/wp\/v2\/categories?post=176484"},{"taxonomy":"post_tag","embeddable":true,"href":"https:\/\/www.europesays.com\/es\/wp-json\/wp\/v2\/tags?post=176484"}],"curies":[{"name":"wp","href":"https:\/\/api.w.org\/{rel}","templated":true}]}}