{"id":176497,"date":"2025-10-14T16:00:12","date_gmt":"2025-10-14T16:00:12","guid":{"rendered":"https:\/\/www.europesays.com\/es\/176497\/"},"modified":"2025-10-14T16:00:12","modified_gmt":"2025-10-14T16:00:12","slug":"ruiz-manuel-y-jorge-martinez-separan-sus-caminos","status":"publish","type":"post","link":"https:\/\/www.europesays.com\/es\/176497\/","title":{"rendered":"Ruiz Manuel y Jorge Mart\u00ednez separan sus caminos"},"content":{"rendered":"<p><a class=\"v-mdl-ath__fig-a\" href=\"https:\/\/www.ideal.es\/autor\/juanjo-aguilera-2157.html\" title=\"Juanjo Aguilera\" rel=\"nofollow noopener\" target=\"_blank\"><br \/>\n<img decoding=\"async\" class=\"v-mdl-ath__img\" src=\"https:\/\/www.europesays.com\/es\/wp-content\/uploads\/2025\/09\/autor-2157-foto-2.jpeg\" alt=\"Juanjo Aguilera\"\/><br \/>\n<\/a><\/p>\n<p class=\"v-mdl-ath__p v-mdl-ath__p--6\">\nMartes, 14 de octubre 2025, 17:00<\/p>\n<p class=\"v-p\">El torero Jorge Mart\u00ednez y el matador de toros Ruiz Manuel han decidido poner fin a la relaci\u00f3n de apoderamiento que les un\u00eda desde 2021. Cuatro a\u00f1os de trabajo compartido, de aprendizaje y de evoluci\u00f3n en los que el murciano ha ido forjando una personalidad propia dentro del toreo, acompa\u00f1ado siempre por la experiencia y el consejo del diestro almeriense.<\/p>\n<p class=\"v-p\">La uni\u00f3n entre ambos dio frutos desde el principio. Ruiz Manuel tom\u00f3 las riendas de la carrera de Jorge Mart\u00ednez en un momento decisivo, gui\u00e1ndole con serenidad y temple, y acompa\u00f1\u00e1ndole en su tr\u00e1nsito desde el escalaf\u00f3n de novilleros hasta su confirmaci\u00f3n como matador de toros. Bajo su tutela, el torero de Totana vivi\u00f3 algunas de las p\u00e1ginas m\u00e1s brillantes de su joven trayectoria, como los dos Capotes de Paseo consecutivos conquistados en la Feria de Almer\u00eda \u2014el primero como novillero y el segundo por su sobresaliente actuaci\u00f3n el d\u00eda de su alternativa\u2014, un logro que resume la solidez y el peso art\u00edstico alcanzados en esta etapa.<\/p>\n<p class=\"v-p\">La temporada 2025 ha sido, sin embargo, casi en blanco para Jorge Mart\u00ednez. El torero afront\u00f3 un periodo de recuperaci\u00f3n tras ser operado con \u00e9xito en octubre de 2024 de una lesi\u00f3n en el hombro que le ven\u00eda condicionando durante la campa\u00f1a anterior. Aquella intervenci\u00f3n quir\u00fargica buscaba poner fin a una dolencia que limitaba su rendimiento y que, finalmente, qued\u00f3 superada.<\/p>\n<p class=\"v-p\">Ya en este a\u00f1o, el murciano ha hecho dos pase\u00edllos con el traje de luces, el 25 de mayo en Yecla y el 28 de septiembre en Vera, donde volvi\u00f3 a dejar una gran dimensi\u00f3n de su toreo, confirmando que su concepto sigue intacto y que el poso de estos a\u00f1os de madurez le acompa\u00f1ar\u00e1 en la nueva etapa que ahora inicia. Tambi\u00e9n particip\u00f3 en el festival ben\u00e9fico de Roquetas de Mar el pasado 5 de abril, una cita especial por su simbolismo y cercan\u00eda con la tierra de su hasta ahora apoderado.<\/p>\n<p class=\"v-p\">Con esta decisi\u00f3n, Ruiz Manuel y Jorge Mart\u00ednez cierran una etapa fruct\u00edfera y sincera, marcada por la confianza mutua y el respeto profesional. Ambos emprenden ahora caminos distintos, con la satisfacci\u00f3n del trabajo realizado y el convencimiento de haber escrito juntos un cap\u00edtulo importante en la carrera de un torero llamado que tiene el reto de seguir creciendo.<\/p>\n<p>Reporta un error<\/p>\n","protected":false},"excerpt":{"rendered":"Martes, 14 de octubre 2025, 17:00 El torero Jorge Mart\u00ednez y el matador de toros Ruiz Manuel han&hellip;\n","protected":false},"author":2,"featured_media":176498,"comment_status":"","ping_status":"","sticky":false,"template":"","format":"standard","meta":{"footnotes":""},"categories":[277],"tags":[373,22431,168,25,24,2224,841,825,5106,10850,23,167,374],"class_list":{"0":"post-176497","1":"post","2":"type-post","3":"status-publish","4":"format-standard","5":"has-post-thumbnail","7":"category-toreo","8":"tag-bullfighting","9":"tag-caminos","10":"tag-deportes","11":"tag-es","12":"tag-espana","13":"tag-jorge","14":"tag-manuel","15":"tag-martinez","16":"tag-ruiz","17":"tag-separan","18":"tag-spain","19":"tag-sports","20":"tag-toreo"},"share_on_mastodon":{"url":"","error":""},"_links":{"self":[{"href":"https:\/\/www.europesays.com\/es\/wp-json\/wp\/v2\/posts\/176497","targetHints":{"allow":["GET"]}}],"collection":[{"href":"https:\/\/www.europesays.com\/es\/wp-json\/wp\/v2\/posts"}],"about":[{"href":"https:\/\/www.europesays.com\/es\/wp-json\/wp\/v2\/types\/post"}],"author":[{"embeddable":true,"href":"https:\/\/www.europesays.com\/es\/wp-json\/wp\/v2\/users\/2"}],"replies":[{"embeddable":true,"href":"https:\/\/www.europesays.com\/es\/wp-json\/wp\/v2\/comments?post=176497"}],"version-history":[{"count":0,"href":"https:\/\/www.europesays.com\/es\/wp-json\/wp\/v2\/posts\/176497\/revisions"}],"wp:featuredmedia":[{"embeddable":true,"href":"https:\/\/www.europesays.com\/es\/wp-json\/wp\/v2\/media\/176498"}],"wp:attachment":[{"href":"https:\/\/www.europesays.com\/es\/wp-json\/wp\/v2\/media?parent=176497"}],"wp:term":[{"taxonomy":"category","embeddable":true,"href":"https:\/\/www.europesays.com\/es\/wp-json\/wp\/v2\/categories?post=176497"},{"taxonomy":"post_tag","embeddable":true,"href":"https:\/\/www.europesays.com\/es\/wp-json\/wp\/v2\/tags?post=176497"}],"curies":[{"name":"wp","href":"https:\/\/api.w.org\/{rel}","templated":true}]}}