{"id":176505,"date":"2025-10-14T16:06:22","date_gmt":"2025-10-14T16:06:22","guid":{"rendered":"https:\/\/www.europesays.com\/es\/176505\/"},"modified":"2025-10-14T16:06:22","modified_gmt":"2025-10-14T16:06:22","slug":"lakovic-califica-de-vital-el-choque-ante-el-le-mans-cualquier-tropiezo-en-europa-puede-ser-clave","status":"publish","type":"post","link":"https:\/\/www.europesays.com\/es\/176505\/","title":{"rendered":"Lakovic califica de \u00abvital\u00bb el choque ante el Le Mans: \u00abCualquier tropiezo en Europa puede ser clave\u00bb"},"content":{"rendered":"<p><a class=\"v-mdl-ath__fig-a\" href=\"https:\/\/www.canarias7.es\/autor\/daniel-herrera-rodriguez-6598.html\" title=\"Daniel Herrera Rodr\u00edguez\" rel=\"nofollow noopener\" target=\"_blank\"><br \/>\n<img decoding=\"async\" class=\"v-mdl-ath__img\" src=\"https:\/\/www.europesays.com\/es\/wp-content\/uploads\/2025\/08\/autor-6598-foto-1.jpeg\" alt=\"Daniel Herrera Rodr\u00edguez\"\/><br \/>\n<\/a><\/p>\n<p class=\"v-mdl-ath__p v-mdl-ath__p--6\">\nMartes, 14 de octubre 2025, 09:52<\/p>\n<p>| Actualizado 11:40h.<\/p>\n<p class=\"v-p\">Momento para las reivindicaciones. Tras las dos derrotas cosechadas en ACB, el entrenador del Dreamland Gran Canaria, <strong>Jaka Lakovic<\/strong>, cambia de ecosistemas competitivo analizando el choque frente al <strong>Le Mans Sarthe en la Basketball Champions League, el <\/strong>cual califica como \u00abun partido trascendente y vital\u00bb para mantener la primera plaza del <strong>Grupo H. <\/strong><\/p>\n<p class=\"v-p\">\u00abEn principio, y a falta de dos entrenamientos, tenemos toda la plantilla disponible\u00bb, se\u00f1al\u00f3 el balc\u00e1nico, quien reconoci\u00f3 a su vez que el equipo claretiano ya ha cicatrizado las heridas del encuentro frente al <strong>Unicaja <\/strong>en ACB: \u00abHemos digerido esa derrota. La hemos analizado y repasado. Esperemos que hayamos sacado conclusiones positivas\u00bb, agreg\u00f3. <\/p>\n<p class=\"v-p\">En su opini\u00f3n, \u00abtenemos que mantener la concentraci\u00f3n durante los 40 minutos, no bastan con 20 o 30. Y, sobre todo, en los momentos m\u00e1s complicados de los encuentros, tenemos que mantener nuestra cohesi\u00f3n como equipo. El s\u00e1bado ya vimos que, cuando el juego fluye, la plantilla est\u00e1 muy bien, porque posiblemente en la primera parte cuajamos nuestra mejor versi\u00f3n de este inicio de temporada\u00bb, se\u00f1al\u00f3. <\/p>\n<p class=\"v-p\">Enfrente tendr\u00e1 a un conjunto galo \u00abmuy atl\u00e9tico, como caracteriza a gran parte de los equipos franceses. Ha jugado la <strong>Supercopa <\/strong>ganando dos veces al <strong>Par\u00eds<\/strong>, si bien llegan dos derrotas ahora, una en la liga de su pa\u00eds y la otra en esta BCL. Me consta que han tenido dos largos viajes y un calendario muy apretado, pero es un rival que va a requerir de todo nuestro potencial, concentraci\u00f3n y respeto\u00bb, asever\u00f3 Lakovic.<\/p>\n<p>Rueda de prensa completa.<\/p>\n<p class=\"v-p\">Para el estratega balc\u00e1nico, el Le Mans \u00abes un rival que practica un estilo muy r\u00e1pido, con muchas posesiones y con creadores de juego como <strong>el base norteamericano Trevor Hudgins, o el canadiense Johnny Berhanemeskel o el estadounidense Shannon Bogues, sin obviar al alero David DiLeo,<\/strong> con experiencia en ACB -UCAM Murcia\u00bb.<\/p>\n<p class=\"v-p\">Con la idea de que el aficionado amarillo acuda en buen n\u00famero al choque, previsto para <a href=\"http:\/\/www.canarias7.es\/autor\/daniel-herrera-rodriguez-6598.html?data=eyJpZCI6NjU5OCwibm9tYnJlIjoiRGFuaWVsIiwiYXBlbGxpZG9zIjoiSGVycmVyYSBSb2RyXHUwMGVkZ3VleiIsInRlbGVmb25vIjpudWxsLCJjYWxsZSI6bnVsbCwicG9ibGFjaW9uIjpudWxsLCJjb2RpZ29fcG9zdGFsIjpudWxsLCJwcm92aW5jaWEiOm51bGwsImNvcnJlbyI6ImRhbmllbC5oZXJyZXJhQGNhbmFyaWFzNy5lcyIsInR3aXR0ZXIiOm51bGwsImZhY2Vib29rIjpudWxsLCJwaW50ZXJlc3QiOm51bGwsImluc3RhZ3JhbSI6Imh0dHBzOlwvXC93d3cuaW5zdGFncmFtLmNvbVwvYnVmYW5kZXJvc19tdW5kaWFsXC8iLCJ0aHJlYWRzIjpudWxsLCJibHVlc2t5IjpudWxsLCJtZWRpb19wcmluY2lwYWwiOiJDYW5hcmlhcyA3IiwidGlwb19maXJtYSI6IlJlZGFjdG9yIiwiZm90byI6Imh0dHBzOlwvXC93d3cuY2FuYXJpYXM3LmVzXC9jb211blwvaW1nXC8yMDE0XC9hdXRvclwvYXV0b3ItNjU5OC1mb3RvLTEuanBlZyIsInVybCI6Imh0dHBzOlwvXC93d3cuY2FuYXJpYXM3LmVzXC9hdXRvclwvZGFuaWVsLWhlcnJlcmEtcm9kcmlndWV6LTY1OTguaHRtbCJ9\" title=\"www.canarias7.es\" data-voc-vtm-id=\"in-text-traffic\" data-mrf-link=\"www.canarias7.es\" rel=\"nofollow noopener\" target=\"_blank\">este mi\u00e9rcoles a las 20.00 horas en el Gran Canaria Arena<\/a>, el t\u00e9cnico amarillo invit\u00f3 a la hinchada insular a disfrutar de un partido \u00abvital para nosotros, ya que un tropiezo o un triunfo en la Champions marca la diferencia entre clasificarte primero o tener que optar a un duro play-in\u00bb.<\/p>\n<p class=\"v-p\">\u00abCon el apoyo de nuestra gente, podremos desplegar un juego m\u00e1s f\u00edsico, igualar el nivel atl\u00e9tico de nuestro rival y alcanzar ese impulso competitivo\u00bb, signific\u00f3.<\/p>\n<p>Reporta un error<\/p>\n","protected":false},"excerpt":{"rendered":"Martes, 14 de octubre 2025, 09:52 | Actualizado 11:40h. Momento para las reivindicaciones. Tras las dos derrotas cosechadas&hellip;\n","protected":false},"author":2,"featured_media":176506,"comment_status":"","ping_status":"","sticky":false,"template":"","format":"standard","meta":{"footnotes":""},"categories":[269],"tags":[299,298,7221,168,2125,14650,27995,25,24,3956,50588,30265,50589,23,167],"class_list":{"0":"post-176505","1":"post","2":"type-post","3":"status-publish","4":"format-standard","5":"has-post-thumbnail","7":"category-baloncesto","8":"tag-baloncesto","9":"tag-basketball","10":"tag-canaria","11":"tag-deportes","12":"tag-directo","13":"tag-dreamland","14":"tag-enfrenta","15":"tag-es","16":"tag-espana","17":"tag-gran","18":"tag-lakovic","19":"tag-mans","20":"tag-sarthe","21":"tag-spain","22":"tag-sports"},"share_on_mastodon":{"url":"","error":""},"_links":{"self":[{"href":"https:\/\/www.europesays.com\/es\/wp-json\/wp\/v2\/posts\/176505","targetHints":{"allow":["GET"]}}],"collection":[{"href":"https:\/\/www.europesays.com\/es\/wp-json\/wp\/v2\/posts"}],"about":[{"href":"https:\/\/www.europesays.com\/es\/wp-json\/wp\/v2\/types\/post"}],"author":[{"embeddable":true,"href":"https:\/\/www.europesays.com\/es\/wp-json\/wp\/v2\/users\/2"}],"replies":[{"embeddable":true,"href":"https:\/\/www.europesays.com\/es\/wp-json\/wp\/v2\/comments?post=176505"}],"version-history":[{"count":0,"href":"https:\/\/www.europesays.com\/es\/wp-json\/wp\/v2\/posts\/176505\/revisions"}],"wp:featuredmedia":[{"embeddable":true,"href":"https:\/\/www.europesays.com\/es\/wp-json\/wp\/v2\/media\/176506"}],"wp:attachment":[{"href":"https:\/\/www.europesays.com\/es\/wp-json\/wp\/v2\/media?parent=176505"}],"wp:term":[{"taxonomy":"category","embeddable":true,"href":"https:\/\/www.europesays.com\/es\/wp-json\/wp\/v2\/categories?post=176505"},{"taxonomy":"post_tag","embeddable":true,"href":"https:\/\/www.europesays.com\/es\/wp-json\/wp\/v2\/tags?post=176505"}],"curies":[{"name":"wp","href":"https:\/\/api.w.org\/{rel}","templated":true}]}}