{"id":176542,"date":"2025-10-14T16:28:07","date_gmt":"2025-10-14T16:28:07","guid":{"rendered":"https:\/\/www.europesays.com\/es\/176542\/"},"modified":"2025-10-14T16:28:07","modified_gmt":"2025-10-14T16:28:07","slug":"el-nuevo-apodo-que-le-pusieron-a-franco-colapinto-en-europa-y-fue-aceptado-por-los-fans","status":"publish","type":"post","link":"https:\/\/www.europesays.com\/es\/176542\/","title":{"rendered":"El nuevo apodo que le pusieron a Franco Colapinto en Europa y fue aceptado por los fans"},"content":{"rendered":"<p>Este fin de semana habr\u00e1 acci\u00f3n en la <strong>Formula 1<\/strong>, donde se llevar\u00e1 a cabo la gira de Am\u00e9rica que tendr\u00e1 comienzo en <strong>Estados Unidos,<\/strong> en el el <strong>Circuito de las Am\u00e9ricas de Austin<\/strong>. <strong>Franco Colapinto<\/strong>, quien a pesar de su 16\u00b0 posici\u00f3n en el GP de Singapur, dej\u00f3 buenas sensaciones tras su desempe\u00f1o y <strong>gener\u00f3 ilusi\u00f3n en la prensa europea<\/strong> de cara a su estad\u00eda en la categor\u00eda para la temporada 2026. <\/p>\n<p>De m\u00e1s est\u00e1 decir que el papel de <strong>Alpine <\/strong>en la temporada no fue para nada bueno. \u00daltimos en el Campeonato de Constructores, el equipo franc\u00e9s ofusc\u00f3 el papel de Colapinto en la M\u00e1xima despu\u00e9s de haber mostrado buenos rendimientos en su debut en la categor\u00eda con <strong>Williams <\/strong>en el periodo de 2024, donde incluso lleg\u00f3 a sumar puntos en m\u00e1s de una ocasi\u00f3n. <\/p>\n<p>Sin embargo, m\u00e1s all\u00e1 de los malos resultados, <strong>distintos medios europeos reconocieron el papel del del argentino<\/strong> tras su ultima actuaci\u00f3n en Singapur, donde finaliz\u00f3 tres posiciones m\u00e1s arriba que su compa\u00f1ero de equipo, <strong>Pierre Gasly<\/strong>. Incluso, <a href=\"https:\/\/www.clarin.com\/deportes\/unico-positivo-alpine-elogios-medio-especializado-franco-colapinto-abren-puerta-continuidad-formula-1-2026_0_KYqwi1Tmnw.html\" target=\"_blank\" title=\"el prestigioso portal referente al automovilismo, The Race, lo catalog\u00f3 como &quot;el \u00fanico aspecto positivo de Alpine&quot;\" alt=\"el prestigioso portal referente al automovilismo, The Race, lo catalog\u00f3 como &quot;el \u00fanico aspecto positivo de Alpine&quot;\" rel=\"nofollow noopener\">el prestigioso portal referente al automovilismo, <\/a><a href=\"https:\/\/www.clarin.com\/deportes\/unico-positivo-alpine-elogios-medio-especializado-franco-colapinto-abren-puerta-continuidad-formula-1-2026_0_KYqwi1Tmnw.html\" target=\"_blank\" title=\"el prestigioso portal referente al automovilismo, The Race, lo catalog\u00f3 como &quot;el \u00fanico aspecto positivo de Alpine&quot;\" alt=\"el prestigioso portal referente al automovilismo, The Race, lo catalog\u00f3 como &quot;el \u00fanico aspecto positivo de Alpine&quot;\" rel=\"nofollow noopener\">The Race<\/a><a href=\"https:\/\/www.clarin.com\/deportes\/unico-positivo-alpine-elogios-medio-especializado-franco-colapinto-abren-puerta-continuidad-formula-1-2026_0_KYqwi1Tmnw.html\" target=\"_blank\" title=\"el prestigioso portal referente al automovilismo, The Race, lo catalog\u00f3 como &quot;el \u00fanico aspecto positivo de Alpine&quot;\" alt=\"el prestigioso portal referente al automovilismo, The Race, lo catalog\u00f3 como &quot;el \u00fanico aspecto positivo de Alpine&quot;\" rel=\"nofollow noopener\">, lo catalog\u00f3 como \u00abel \u00fanico aspecto positivo de Alpine\u00bb<\/a>.<\/p>\n<p>El pilarense nuevamente se llev\u00f3 los elogios de la prensa, esta vez desde Italia. Mediante una publicaci\u00f3n en su cuenta de Instagram, el sitio <strong>SkySportsF1<\/strong> se refiri\u00f3 a Franco como <strong>\u00abEl &#8216;Gaucho&#8217;<\/strong> que firm\u00f3 una presentaci\u00f3n decorosa y termin\u00f3 en 16\u00b0 lugar\u201d.<\/p>\n<p>Dicho mote fue furor para los fan\u00e1ticos argentinos, quienes mostraron su entusiasmo y le enviaron mensajes de aliento a Franco de cara a la carrera del pr\u00f3ximo domingo. <strong>\u00abNuestro gaucho salvaje\u00bb<\/strong>, <strong>\u00abMe gusta &#8216;el Gaucho'\u00bb, \u00abBanco completamente\u00bb<\/strong>, fueron algunos de los cientos de comentarios para el argentino.<\/p>\n","protected":false},"excerpt":{"rendered":"Este fin de semana habr\u00e1 acci\u00f3n en la Formula 1, donde se llevar\u00e1 a cabo la gira de&hellip;\n","protected":false},"author":2,"featured_media":176543,"comment_status":"","ping_status":"","sticky":false,"template":"","format":"standard","meta":{"footnotes":""},"categories":[270],"tags":[168,25,24,306,271,272,23,167],"class_list":{"0":"post-176542","1":"post","2":"type-post","3":"status-publish","4":"format-standard","5":"has-post-thumbnail","7":"category-formula-1","8":"tag-deportes","9":"tag-es","10":"tag-espana","11":"tag-f1","12":"tag-formula-1","13":"tag-formula1","14":"tag-spain","15":"tag-sports"},"share_on_mastodon":{"url":"","error":""},"_links":{"self":[{"href":"https:\/\/www.europesays.com\/es\/wp-json\/wp\/v2\/posts\/176542","targetHints":{"allow":["GET"]}}],"collection":[{"href":"https:\/\/www.europesays.com\/es\/wp-json\/wp\/v2\/posts"}],"about":[{"href":"https:\/\/www.europesays.com\/es\/wp-json\/wp\/v2\/types\/post"}],"author":[{"embeddable":true,"href":"https:\/\/www.europesays.com\/es\/wp-json\/wp\/v2\/users\/2"}],"replies":[{"embeddable":true,"href":"https:\/\/www.europesays.com\/es\/wp-json\/wp\/v2\/comments?post=176542"}],"version-history":[{"count":0,"href":"https:\/\/www.europesays.com\/es\/wp-json\/wp\/v2\/posts\/176542\/revisions"}],"wp:featuredmedia":[{"embeddable":true,"href":"https:\/\/www.europesays.com\/es\/wp-json\/wp\/v2\/media\/176543"}],"wp:attachment":[{"href":"https:\/\/www.europesays.com\/es\/wp-json\/wp\/v2\/media?parent=176542"}],"wp:term":[{"taxonomy":"category","embeddable":true,"href":"https:\/\/www.europesays.com\/es\/wp-json\/wp\/v2\/categories?post=176542"},{"taxonomy":"post_tag","embeddable":true,"href":"https:\/\/www.europesays.com\/es\/wp-json\/wp\/v2\/tags?post=176542"}],"curies":[{"name":"wp","href":"https:\/\/api.w.org\/{rel}","templated":true}]}}