{"id":176546,"date":"2025-10-14T16:30:11","date_gmt":"2025-10-14T16:30:11","guid":{"rendered":"https:\/\/www.europesays.com\/es\/176546\/"},"modified":"2025-10-14T16:30:11","modified_gmt":"2025-10-14T16:30:11","slug":"el-nuevo-antony-aprende-de-las-dificultades-confia-en-su-trabajo-y-quiere-jugar-con-alegria","status":"publish","type":"post","link":"https:\/\/www.europesays.com\/es\/176546\/","title":{"rendered":"\u00abEl nuevo Antony aprende de las dificultades, conf\u00eda en su trabajo y quiere jugar con alegr\u00eda\u00bb"},"content":{"rendered":"<p style=\"\">El brasile\u00f1o Antony dos Santos, fichaje estelar del Betis despu\u00e9s de que deslumbrara en su cesi\u00f3n de medio a\u00f1o por el Manchester United la pasada campa\u00f1a (9 goles y 5 asistencias), afirma que su \u00absue\u00f1o\u00bb y \u00abuno de los principales objetivos\u00bb de su carrera es  &#8230; jugar el Mundial de 2026, aunque sabe que todo pasa por volver a brillar en su equipo. En una entrevista a la web de la FIFA, el extremo del Betis, de 25 a\u00f1os y fichado el pasado septiembre por cinco temporadas tras arduas negociaciones con el United a cambio de unos 22 millones de euros, destac\u00f3 que trabajar\u00e1 al m\u00e1ximo para alcanzar su mejor nivel y poder formar parte de la selecci\u00f3n de Brasil.<\/p>\n<p class=\"voc-p\" style=\"\">\u00abEl Mundial de 2026 es un sue\u00f1o y uno de los principales objetivos de mi carrera. S\u00e9 que todo depende de mi rendimiento en el Betis y que debo llegar a lo m\u00e1s alto aqu\u00ed para que me concedan de nuevo la oportunidad. Recibir la convocatoria hace poco -Carlo Ancelotti lo llam\u00f3 el pasado mayo- fue muy especial, pero s\u00e9 que ahora puedo hacer mucho m\u00e1s. Trabajar\u00e9 todos los d\u00edas para ayudar a Brasil\u00bb, recalc\u00f3. \u00abCada Mundial significa algo distinto. En 2022 cumpl\u00ed un sue\u00f1o de infancia y, por ser la primera vez, tuvo una importancia muy especial. Sin embargo, el Mundial de 2026 se convertir\u00eda en la confirmaci\u00f3n de mi fuerza, de mi fe y de mi tenacidad ante todo lo que he vivido\u00bb, destac\u00f3 el atacante paulista. Preguntado si se imagina contribuir con un gol a un hipot\u00e9tico nuevo t\u00edtulo mundial de Brasil, que ser\u00eda el sexto de su selecci\u00f3n, indic\u00f3 que \u00abser\u00eda la culminaci\u00f3n de todo, sin duda alguna, el sue\u00f1o de todo jugador. Ayudar a Brasil a conquistar el sexto t\u00edtulo del mundo ser\u00eda una haza\u00f1a eterna, que quedar\u00eda grabada para siempre en mi vida y en la historia del f\u00fatbol brasile\u00f1o. Este sue\u00f1o me lleva a trabajar cada d\u00eda m\u00e1s\u00bb, subray\u00f3 Antony.<\/p>\n<p class=\"voc-p\" style=\"\">El extremo brasile\u00f1o valor\u00f3 todo el cari\u00f1o que le han brindado en el Betis y la estabilidad y la alegr\u00eda que tanto \u00e9l como su familia han encontrado en la ciudad de Sevilla, lo que le ha servido para reencontrarse como futbolista de alto nivel. \u00abEl nuevo Antony aprende de las dificultades, conf\u00eda en su trabajo y quiere jugar con alegr\u00eda\u00bb, resalt\u00f3 el internacional brasile\u00f1o, feliz por estar \u00aben el mejor momento\u00bb de su \u00abvida, en el lugar\u00bb que ha \u00abelegido para vivir\u00bb con su esposa y sus hijos, ya que Sevilla les \u00abacogi\u00f3 con los brazos abiertos\u00bb y le \u00abha dado la tranquilidad\u00bb que ahora transmite en su f\u00fatbol. Dijo que se siente \u00abm\u00e1s maduro, consciente\u00bb de sus \u00abresponsabilidades y feliz en cada entrenamiento y en cada partido\u00bb.<\/p>\n<p class=\"voc-p\" style=\"\">Despu\u00e9s de pasar \u00abmomentos muy dif\u00edciles\u00bb en el Manchester United y de las dificultades para concretar su retorno este verano al Betis, ya como traspasado, Antony se mostr\u00f3 agradecido a la apuesta del club espa\u00f1ol y tambi\u00e9n a su t\u00e9cnico, el chileno Manuel Pellegrini, quien \u00abha sido muy importante\u00bb y le \u00abha apoyado desde el primer momento\u00bb. \u00abMe ha proporcionado seguridad en m\u00ed mismo y ha sabido escucharme. Es un entrenador de gran experiencia y sabe tratar al ser humano que hay dentro del jugador. Conversar diariamente con \u00e9l me ha ayudado a encontrar el equilibrio y a creer de nuevo en mis posibilidades\u00bb, asever\u00f3.<\/p>\n","protected":false},"excerpt":{"rendered":"El brasile\u00f1o Antony dos Santos, fichaje estelar del Betis despu\u00e9s de que deslumbrara en su cesi\u00f3n de medio&hellip;\n","protected":false},"author":2,"featured_media":176547,"comment_status":"","ping_status":"","sticky":false,"template":"","format":"standard","meta":{"footnotes":""},"categories":[268],"tags":[20708,23655,37132,3279,168,9536,25,24,280,282,7532,524,2615,281,23,167,2752],"class_list":{"0":"post-176546","1":"post","2":"type-post","3":"status-publish","4":"format-standard","5":"has-post-thumbnail","7":"category-futbol","8":"tag-alegria","9":"tag-antony","10":"tag-aprende","11":"tag-confia","12":"tag-deportes","13":"tag-dificultades","14":"tag-es","15":"tag-espana","16":"tag-football","17":"tag-futbol","18":"tag-jugar","19":"tag-nuevo","20":"tag-quiere","21":"tag-soccer","22":"tag-spain","23":"tag-sports","24":"tag-trabajo"},"share_on_mastodon":{"url":"","error":""},"_links":{"self":[{"href":"https:\/\/www.europesays.com\/es\/wp-json\/wp\/v2\/posts\/176546","targetHints":{"allow":["GET"]}}],"collection":[{"href":"https:\/\/www.europesays.com\/es\/wp-json\/wp\/v2\/posts"}],"about":[{"href":"https:\/\/www.europesays.com\/es\/wp-json\/wp\/v2\/types\/post"}],"author":[{"embeddable":true,"href":"https:\/\/www.europesays.com\/es\/wp-json\/wp\/v2\/users\/2"}],"replies":[{"embeddable":true,"href":"https:\/\/www.europesays.com\/es\/wp-json\/wp\/v2\/comments?post=176546"}],"version-history":[{"count":0,"href":"https:\/\/www.europesays.com\/es\/wp-json\/wp\/v2\/posts\/176546\/revisions"}],"wp:featuredmedia":[{"embeddable":true,"href":"https:\/\/www.europesays.com\/es\/wp-json\/wp\/v2\/media\/176547"}],"wp:attachment":[{"href":"https:\/\/www.europesays.com\/es\/wp-json\/wp\/v2\/media?parent=176546"}],"wp:term":[{"taxonomy":"category","embeddable":true,"href":"https:\/\/www.europesays.com\/es\/wp-json\/wp\/v2\/categories?post=176546"},{"taxonomy":"post_tag","embeddable":true,"href":"https:\/\/www.europesays.com\/es\/wp-json\/wp\/v2\/tags?post=176546"}],"curies":[{"name":"wp","href":"https:\/\/api.w.org\/{rel}","templated":true}]}}