{"id":176548,"date":"2025-10-14T16:31:08","date_gmt":"2025-10-14T16:31:08","guid":{"rendered":"https:\/\/www.europesays.com\/es\/176548\/"},"modified":"2025-10-14T16:31:08","modified_gmt":"2025-10-14T16:31:08","slug":"las-fotos-que-confirman-su-romance","status":"publish","type":"post","link":"https:\/\/www.europesays.com\/es\/176548\/","title":{"rendered":"las fotos que confirman su romance"},"content":{"rendered":"<p class=\"c-paragraph\">Este 2025 no est\u00e1 siendo un a\u00f1o nada f\u00e1cil para<a href=\"https:\/\/www.20minutos.es\/tags\/personas\/lola-lolita.html\" title=\"Lola Lolita\" rel=\"nofollow noopener\" target=\"_blank\"><b> Lola Lolita<\/b><\/a><b>, <\/b>quien, en los \u00faltimos meses, ha tenido que\u00a0<b>sobreponerse a\u00a0distintos\u00a0golpes<\/b>\u00a0vinculados a su vida personal, desde la muerte de su abuelo hasta<a href=\"https:\/\/www.20minutos.es\/noticia\/5661968\/0\/lola-lolita-tiktoker-ibelky-anuncian-su-ruptura-tras-tres-anos-juntos-hacemos-correcto-aunque-duela\/\" title=\"Lola Lolita y el &#039;tiktoker&#039; Ibelky anuncian su ruptura tras tres a\u00f1os juntos: &quot;Hacemos lo correcto, aunque nos duela&quot;\" rel=\"nofollow noopener\" target=\"_blank\"><b> su ruptura<\/b> con el tiktoker Isaac Belk (Ibelky)<\/a>.\u00a0Esto, sumado a las cr\u00edticas a las que se ha visto expuesta,<a href=\"https:\/\/www.20minutos.es\/gente\/lola-lolita-rompe-llorar-rememorar-polemica-con-bolso-dior-sus-criticas-redes-habia-adultos-que-me-ponian-parir_6373202_0.html\" title=\"Lola Lolita rompe a llorar al rememorar la pol\u00e9mica con el bolso de Dior y sus cr\u00edticas en redes: &quot;Hab\u00eda adultos que me pon\u00edan a parir&quot;\" rel=\"nofollow noopener\" target=\"_blank\"> la llevaron a<b> derrumbarse<\/b><\/a><b> hace unas semanas <\/b>en redes.<\/p>\n<p class=\"c-paragraph\">Por suerte, la influencer parece estar reencontrando, poco a poco, el equilibrio y, a juzgar por<b> sus \u00faltimos movimientos,<\/b>\u00a0todo apunta a que, incluso, ya habr\u00eda vuelto a recuperar la ilusi\u00f3n en el amor de la mano del piloto\u00a0<b>Alonso Mart\u00ednez, <\/b>con quien ya se la ha visto en varias ocasiones en actitud cari\u00f1osa, tanto disfrutando de una cita en los karts con amigos en com\u00fan como, este verano, junto a la familia de ella en Santa Pola.<\/p>\n<p class=\"c-paragraph\">Sin embargo, este acercamiento no se traslada a redes sociales, donde, a excepci\u00f3n de interacciones puntuales, los dos hab\u00edan preferido mantener la inc\u00f3gnita, <b>dejando que el misterio sobre su posible romance creciera por s\u00ed solo.<\/b> Al menos, eso parec\u00eda hasta este domingo, cuando la titkoker y el piloto de Moto2 publicaron, por\u00a0separado, contenido de su paradisiaco <b>viaje\u00a0a Maldivas,<\/b> donde se dejaron\u00a0ver compartiendo momentos juntos.<\/p>\n<p class=\"c-paragraph\">En el caso de Mart\u00ednez, esta escapada de ensue\u00f1o se materializ\u00f3 en un carrusel de fotos desde su perfil de Instagram, en el que, adem\u00e1s de instant\u00e1neas desde la playa o acompa\u00f1ado de la tiktoker<b> <\/b><b>Sof\u00eda Surferss,<\/b> hermana de Lola, incluy\u00f3 un discreto posado donde se reconoce a la alicantina,\u00a0cuyo rostro se encuentra parcialmente oculto.\u00a0<\/p>\n<p class=\"c-paragraph\">Pero no es lo \u00fanico, ya que, en la misma publicaci\u00f3n, el piloto de Moto2 comparti\u00f3 una fotograf\u00eda suya <b>jugando a las cartas<\/b> en la que se observan las manos de otra persona, a quien numerosos internautas han asociado a Lola Moreno, como se llama en realidad, debido a que, en los d\u00edas previos, esta \u00faltima hab\u00eda publicado una story capturando ese mismo momento.<\/p>\n<p class=\"c-paragraph\">Del mismo modo, la influencer, jugando al despiste, comparti\u00f3 un v\u00eddeo en el que aparec\u00eda<b> buceando en las aguas cristalinas <\/b>del oc\u00e9ano y, en los segundos finales, sorprend\u00eda al mostrar que no estaba sola, sino junto a Alonso. Y es que, seg\u00fan parece, nada qued\u00f3 al azar, ya que para ambientar el v\u00eddeo, Lola escogi\u00f3 la canci\u00f3n <b>Everything is romantic <\/b>de Charli XCX, un gui\u00f1\u00f3 que no pas\u00f3 desapercibido entre sus seguidores.<\/p>\n<p class=\"c-paragraph\">Por su parte, Mart\u00ednez, quien compite en el equipo Speed Up Racing en la categor\u00eda de Moto2, no se queda atr\u00e1s y, aunque no se atreve a confirmarlo de forma oficial, tampoco esconde su amor. <b>\u00abOjal\u00e1 estar ah\u00ed\u00bb, <\/b>escrib\u00eda \u00e9l, en tono ir\u00f3nico, reaccionando al carrusel de fotos que public\u00f3 la tiktoker, en el que, entre otras instant\u00e1neas en bikini, inmortalizaba algunas de las vistas m\u00e1s paradisiacas de Maldivas.<\/p>\n","protected":false},"excerpt":{"rendered":"Este 2025 no est\u00e1 siendo un a\u00f1o nada f\u00e1cil para Lola Lolita, quien, en los \u00faltimos meses, ha&hellip;\n","protected":false},"author":2,"featured_media":176549,"comment_status":"","ping_status":"","sticky":false,"template":"","format":"standard","meta":{"footnotes":""},"categories":[174],"tags":[3732,255,146,147,25,24,256,15726,14098,7355,14725,23],"class_list":{"0":"post-176548","1":"post","2":"type-post","3":"status-publish","4":"format-standard","5":"has-post-thumbnail","7":"category-famosos","8":"tag-alonso","9":"tag-celebrities","10":"tag-entertainment","11":"tag-entretenimiento","12":"tag-es","13":"tag-espana","14":"tag-famosos","15":"tag-lola","16":"tag-lolita","17":"tag-lopez","18":"tag-piloto","19":"tag-spain"},"share_on_mastodon":{"url":"","error":""},"_links":{"self":[{"href":"https:\/\/www.europesays.com\/es\/wp-json\/wp\/v2\/posts\/176548","targetHints":{"allow":["GET"]}}],"collection":[{"href":"https:\/\/www.europesays.com\/es\/wp-json\/wp\/v2\/posts"}],"about":[{"href":"https:\/\/www.europesays.com\/es\/wp-json\/wp\/v2\/types\/post"}],"author":[{"embeddable":true,"href":"https:\/\/www.europesays.com\/es\/wp-json\/wp\/v2\/users\/2"}],"replies":[{"embeddable":true,"href":"https:\/\/www.europesays.com\/es\/wp-json\/wp\/v2\/comments?post=176548"}],"version-history":[{"count":0,"href":"https:\/\/www.europesays.com\/es\/wp-json\/wp\/v2\/posts\/176548\/revisions"}],"wp:featuredmedia":[{"embeddable":true,"href":"https:\/\/www.europesays.com\/es\/wp-json\/wp\/v2\/media\/176549"}],"wp:attachment":[{"href":"https:\/\/www.europesays.com\/es\/wp-json\/wp\/v2\/media?parent=176548"}],"wp:term":[{"taxonomy":"category","embeddable":true,"href":"https:\/\/www.europesays.com\/es\/wp-json\/wp\/v2\/categories?post=176548"},{"taxonomy":"post_tag","embeddable":true,"href":"https:\/\/www.europesays.com\/es\/wp-json\/wp\/v2\/tags?post=176548"}],"curies":[{"name":"wp","href":"https:\/\/api.w.org\/{rel}","templated":true}]}}