{"id":176562,"date":"2025-10-14T16:40:11","date_gmt":"2025-10-14T16:40:11","guid":{"rendered":"https:\/\/www.europesays.com\/es\/176562\/"},"modified":"2025-10-14T16:40:11","modified_gmt":"2025-10-14T16:40:11","slug":"una-arana-canaria-ayuda-a-avanzar-en-biologia-evolutiva","status":"publish","type":"post","link":"https:\/\/www.europesays.com\/es\/176562\/","title":{"rendered":"Una ara\u00f1a canaria ayuda a avanzar en biolog\u00eda evolutiva"},"content":{"rendered":"<p> El nuevo estudio contradice la visi\u00f3n evolutiva tradicional y ampl\u00eda el debate cient\u00edfico sobre un gran enigma de la biolog\u00eda evolutiva: \u00bfc\u00f3mo y por qu\u00e9 cambia el tama\u00f1o del genoma durante la evoluci\u00f3n de los seres vivos? <\/p>\n<p>La secuenciaci\u00f3n de los genomas de una ara\u00f1a continental y otra end\u00e9mica de la isla de Gran Canaria ha abierto una <strong>nueva perspectiva para entender c\u00f3mo evoluciona el tama\u00f1o del genoma en especies similares<\/strong>, una inc\u00f3gnita que ha desconcertado a la comunidad cient\u00edfica durante a\u00f1os.<\/p>\n<p>Lideran el nuevo trabajo los expertos <strong>Julio Rozas y Sara Guirao-Rico<\/strong>, de la Facultad de Biolog\u00eda y el Instituto de Investigaci\u00f3n de la Biodiversidad (IRBio) de la Universidad de Barcelona. En la investigaci\u00f3n, que tiene como primer autor <strong>Vadim A. Pisarenco (UB-IRBio)<\/strong>, tambi\u00e9n participan equipos de la <strong><a href=\"https:\/\/rtvc.es\/tag\/universidad-de-la-laguna\/\" rel=\"nofollow noopener\" target=\"_blank\">Universidad de La Laguna<\/a><\/strong>, el <strong>CSIC<\/strong> y la <strong>Universidad Neuch\u00e2tel (Suiza)<\/strong>.<\/p>\n<p> <img fetchpriority=\"high\" decoding=\"async\" width=\"1024\" height=\"678\" data-lazy-type=\"image\" src=\"https:\/\/www.europesays.com\/es\/wp-content\/uploads\/2025\/10\/Arana-Dysdera-tilosensis-endemica-canarias-1024x678.webp.webp\" alt=\"Dysdera tilosensis, especie end\u00e9mica de Canarias. ULL\" class=\"lazy lazy-hidden wp-image-585018\"  \/><\/p>\n<p>Dysdera tilosensis, especie end\u00e9mica de Gran Canaria. ULL Un proceso que se explica por primera vez <\/p>\n<p>Seg\u00fan informa la Universidad de Barcelona, en pocos millones de a\u00f1os la ara\u00f1a <strong>\u2018Dysdera tilosensis\u2019, <\/strong>una especie end\u00e9mica de Canarias, ha reducido a la mitad el tama\u00f1o de su genoma durante el proceso de colonizaci\u00f3n y adaptaci\u00f3n a su h\u00e1bitat natural.<\/p>\n<p>Adem\u00e1s de ser m\u00e1s peque\u00f1o, este genoma es m\u00e1s compacto y contiene m\u00e1s diversidad gen\u00e9tica que el de ara\u00f1as continentales similares. Seg\u00fan el hallazgo, publicado en la revista \u2018Molecular Biology and Evolution\u2019, se revela por primera vez <strong>c\u00f3mo una especie animal logr\u00f3 reducir su genoma casi a la mitad durante la colonizaci\u00f3n de la isla oce\u00e1nica.<\/strong><\/p>\n<p>El nuevo trabajo contradice la visi\u00f3n evolutiva m\u00e1s tradicional en especies colonizadoras de islas, en las que los genomas son mayores y a menudo tienen m\u00e1s elementos repetitivos. Esto ampl\u00eda el debate cient\u00edfico sobre un gran enigma de la biolog\u00eda evolutiva: <strong>\u00ab\u00bfc\u00f3mo y por qu\u00e9 cambia el tama\u00f1o del genoma durante la evoluci\u00f3n de los seres vivos?\u00bb.<\/strong><\/p>\n<p> Una perspectiva sorprendente <\/p>\n<p>La investigaci\u00f3n ofrece una perspectiva \u00absorprendente\u00bb para explicar un fen\u00f3meno que ha desconcertado a los cient\u00edficos durante d\u00e9cadas: c\u00f3mo el tama\u00f1o del genoma \u2014el n\u00famero de pares de bases de ADN que determinan la informaci\u00f3n gen\u00e9tica en un ser vivo\u2014 <strong>var\u00eda enormemente entre especies<\/strong>, incluso entre las que tienen una complejidad biol\u00f3gica similar.<\/p>\n<p>Explican los investigadores que las ara\u00f1as del g\u00e9nero Dysdera se han diversificado \u00abde forma espectacular\u00bb en los h\u00e1bitats de las islas Canarias. El archipi\u00e9lago est\u00e1 considerado <strong>\u00abun aut\u00e9ntico laboratorio natural\u00bb <\/strong>donde analizar c\u00f3mo evolucionan las especies y sus genomas en un contexto de aislamiento geogr\u00e1fico.<\/p>\n<p>Aplicando tecnolog\u00edas avanzadas de secuenciaci\u00f3n del ADN, el equipo ha analizado el genoma de dos especies de ara\u00f1as evolutivamente cercanas: la <strong>Dysdera catalonica<\/strong>, una especie continental presente en la mitad norte de Catalu\u00f1a y el sur de Francia, y la <strong>D. tilosensis<\/strong>, que es end\u00e9mica de <strong>Gran Canaria.<\/strong><\/p>\n<p>\u00abLa especie D. catalonica tiene un genoma de tres mil trescientos millones de pares de bases, que es casi el doble del que presenta la especie D. tilosensis (1,7 Gb). Curiosamente, pese a tener un genoma m\u00e1s peque\u00f1o, la especie de las islas Canarias muestra mayor diversidad gen\u00e9tica\u00bb, explica <strong>Julio Rozas<\/strong>, catedr\u00e1tico en el Departamento de Gen\u00e9tica, Microbiolog\u00eda y Estad\u00edstica de la UB y miembro de la junta directiva de la plataforma Bioinformatics Barcelona (BIB).<\/p>\n<p>La secuenciaci\u00f3n gen\u00f3mica tambi\u00e9n revela que la D. catalonica tiene una dotaci\u00f3n cromos\u00f3mica haploide de cuatro autosomas y un cromosoma sexual X, mientras que la D. tilosensis presenta seis autosomas m\u00e1s el cromosoma X.<\/p>\n<p>   <a href=\"https:\/\/whatsapp.com\/channel\/0029Va8SLphIyPtOoag1Or0S\" rel=\"nofollow noopener\" target=\"_blank\"> <img class=\"lazy lazy-hidden\" decoding=\"async\" data-lazy-type=\"image\" src=\"https:\/\/www.europesays.com\/es\/wp-content\/uploads\/2025\/08\/banner-whatsapp-rtvc-29.gif\" alt=\"M\u00e1s Actualidad en el canal de Whatsapp de RTVC\" title=\"M\u00e1s Actualidad en el canal de Whatsapp de RTVC\" style=\"max-width: 100%; max-height: 100%;margin-bottom: 0px; height: 100px; width: 970px; display: block;\"\/><\/p>\n<p><\/a>    Reducci\u00f3n dr\u00e1stica del tama\u00f1o del genoma <\/p>\n<p>\u00abLa reducci\u00f3n del tama\u00f1o del genoma de la ara\u00f1a D. tilosensis asociada al proceso de colonizaci\u00f3n de la isla canaria es <strong>uno de los primeros casos documentados de reducci\u00f3n dr\u00e1stica del tama\u00f1o del genoma<\/strong> utilizando genomas de referencia de alta calidad\u00bb, apunta Rozas.<\/p>\n<p>Este fen\u00f3meno se describe ahora por primera vez con gran detalle en especies animales muy cercanas filogen\u00e9ticamente, se\u00f1ala el investigador. <strong>Sara Guirao <\/strong>detalla que en especies tan similares a escala evolutiva, que comparten h\u00e1bitats y tienen una dieta parecida, \u00ablas diferencias en el tama\u00f1o del genoma no pueden atribuirse f\u00e1cilmente a factores ecol\u00f3gicos o de comportamiento\u00bb.<\/p>\n<p>El an\u00e1lisis filogen\u00e9tico combinado con medidas de citometr\u00eda de flujo revela que el ancestro com\u00fan ten\u00eda un genoma grande (unos 3 Gb). Esto indica que <strong>la dr\u00e1stica reducci\u00f3n del genoma se produjo durante o despu\u00e9s de la llegada a las islas<\/strong>, apunta.<\/p>\n<p> Resultado parad\u00f3jico <\/p>\n<p>\u00abEste es un <strong>resultado claramente parad\u00f3jico <\/strong>por dos motivos, en primer lugar porque lo m\u00e1s com\u00fan aunque menos frecuente en animales es que el tama\u00f1o gen\u00f3mico se incremente por duplicaciones completas de genoma, especialmente en plantas, donde es habitual la aparici\u00f3n de especies poliploides (con dotaciones m\u00faltiples de cromosomas)\u00bb, a\u00f1ade la investigadora.<\/p>\n<p>En cambio, reducciones tan acusadas de genoma y en un periodo relativamente corto de tiempo son mucho m\u00e1s raras, indica Guirao. A\u00f1ade que, en segundo lugar, este hallazgo <strong>contradice las teor\u00edas que sostienen que, en las islas, el efecto fundador<\/strong> \u2014el proceso de colonizaci\u00f3n por un n\u00famero reducido de individuos\u2014 <strong>comporta una reducci\u00f3n de la presi\u00f3n selectiva<\/strong> y, como resultado, los genomas deber\u00edan ser m\u00e1s grandes y ricos en elementos repetitivos.<\/p>\n<p>En el estudio lo que se ha observado \u00abes <strong>justo lo contrario<\/strong>: las especies insulares tienen genomas m\u00e1s peque\u00f1os, m\u00e1s compactos y con mayor diversidad gen\u00e9tica\u00bb, indica el doctorando Vadim A. Pisarenco.<\/p>\n<p>Este patr\u00f3n sugiere la presencia de <strong>mecanismos no adaptativos<\/strong>, seg\u00fan los cuales las poblaciones de Canarias se habr\u00edan mantenido bastante numerosas y estables durante mucho tiempo. Esto habr\u00eda permitido mantener una fuerte <strong>presi\u00f3n selectiva y, como consecuencia, eliminar el ADN innecesario<\/strong>, detalla Pisarenco.<\/p>\n","protected":false},"excerpt":{"rendered":"El nuevo estudio contradice la visi\u00f3n evolutiva tradicional y ampl\u00eda el debate cient\u00edfico sobre un gran enigma de&hellip;\n","protected":false},"author":2,"featured_media":176563,"comment_status":"","ping_status":"","sticky":false,"template":"","format":"standard","meta":{"footnotes":""},"categories":[81],"tags":[3685,119,123,124,25,24,1084,1897,50595,117,121,122,23,118,120,12594],"class_list":{"0":"post-176562","1":"post","2":"type-post","3":"status-publish","4":"format-standard","5":"has-post-thumbnail","7":"category-ciencia-y-tecnologia","8":"tag-animales","9":"tag-ciencia","10":"tag-ciencia-y-tecnologia","11":"tag-cienciaytecnologia","12":"tag-es","13":"tag-espana","14":"tag-estudios","15":"tag-gran-canaria","16":"tag-razas-autoctonas","17":"tag-science","18":"tag-science-and-technology","19":"tag-scienceandtechnology","20":"tag-spain","21":"tag-technology","22":"tag-tecnologia","23":"tag-ull"},"share_on_mastodon":{"url":"","error":""},"_links":{"self":[{"href":"https:\/\/www.europesays.com\/es\/wp-json\/wp\/v2\/posts\/176562","targetHints":{"allow":["GET"]}}],"collection":[{"href":"https:\/\/www.europesays.com\/es\/wp-json\/wp\/v2\/posts"}],"about":[{"href":"https:\/\/www.europesays.com\/es\/wp-json\/wp\/v2\/types\/post"}],"author":[{"embeddable":true,"href":"https:\/\/www.europesays.com\/es\/wp-json\/wp\/v2\/users\/2"}],"replies":[{"embeddable":true,"href":"https:\/\/www.europesays.com\/es\/wp-json\/wp\/v2\/comments?post=176562"}],"version-history":[{"count":0,"href":"https:\/\/www.europesays.com\/es\/wp-json\/wp\/v2\/posts\/176562\/revisions"}],"wp:featuredmedia":[{"embeddable":true,"href":"https:\/\/www.europesays.com\/es\/wp-json\/wp\/v2\/media\/176563"}],"wp:attachment":[{"href":"https:\/\/www.europesays.com\/es\/wp-json\/wp\/v2\/media?parent=176562"}],"wp:term":[{"taxonomy":"category","embeddable":true,"href":"https:\/\/www.europesays.com\/es\/wp-json\/wp\/v2\/categories?post=176562"},{"taxonomy":"post_tag","embeddable":true,"href":"https:\/\/www.europesays.com\/es\/wp-json\/wp\/v2\/tags?post=176562"}],"curies":[{"name":"wp","href":"https:\/\/api.w.org\/{rel}","templated":true}]}}