{"id":176585,"date":"2025-10-14T16:54:07","date_gmt":"2025-10-14T16:54:07","guid":{"rendered":"https:\/\/www.europesays.com\/es\/176585\/"},"modified":"2025-10-14T16:54:07","modified_gmt":"2025-10-14T16:54:07","slug":"asi-ha-sido-el-29-cumpleanos-de-rocio-flores-con-sorpresa-de-su-familia-y-su-novio","status":"publish","type":"post","link":"https:\/\/www.europesays.com\/es\/176585\/","title":{"rendered":"As\u00ed ha sido el 29 cumplea\u00f1os de Roc\u00edo Flores con sorpresa de su familia y su novio"},"content":{"rendered":"<p id=\"e9uB6mDUAu\" data-wc=\"92\">Roc\u00edo Flores ha soplado las velas de su 29 cumplea\u00f1os. Una fecha especial para ella que ha celebrado muy bien acompa\u00f1ada&#8230; y con una sorpresa. \u00abAgradecida a la vida. Millones de gracias a todos los que hab\u00e9is dedicado vuestro tiempo en felicitarme. Me siento superafortunada\u00bb, ha comentado la hija de Roc\u00edo Carrasco. Adem\u00e1s,<strong> la influencer ha compartido una grabaci\u00f3n en el que aparece con los ojos tapados y guiada por su novio, Manuel Bedmar.<\/strong> Cuando por fin se quita el pa\u00f1uelo, le esperaba la sorpresa&#8230; no te lo pierdas en este v\u00eddeo.<\/p>\n","protected":false},"excerpt":{"rendered":"Roc\u00edo Flores ha soplado las velas de su 29 cumplea\u00f1os. Una fecha especial para ella que ha celebrado&hellip;\n","protected":false},"author":2,"featured_media":176586,"comment_status":"","ping_status":"","sticky":false,"template":"","format":"standard","meta":{"footnotes":""},"categories":[174],"tags":[517,255,146,147,25,24,256,27816,23],"class_list":{"0":"post-176585","1":"post","2":"type-post","3":"status-publish","4":"format-standard","5":"has-post-thumbnail","7":"category-famosos","8":"tag-actualidad","9":"tag-celebrities","10":"tag-entertainment","11":"tag-entretenimiento","12":"tag-es","13":"tag-espana","14":"tag-famosos","15":"tag-rocio-flores","16":"tag-spain"},"share_on_mastodon":{"url":"","error":""},"_links":{"self":[{"href":"https:\/\/www.europesays.com\/es\/wp-json\/wp\/v2\/posts\/176585","targetHints":{"allow":["GET"]}}],"collection":[{"href":"https:\/\/www.europesays.com\/es\/wp-json\/wp\/v2\/posts"}],"about":[{"href":"https:\/\/www.europesays.com\/es\/wp-json\/wp\/v2\/types\/post"}],"author":[{"embeddable":true,"href":"https:\/\/www.europesays.com\/es\/wp-json\/wp\/v2\/users\/2"}],"replies":[{"embeddable":true,"href":"https:\/\/www.europesays.com\/es\/wp-json\/wp\/v2\/comments?post=176585"}],"version-history":[{"count":0,"href":"https:\/\/www.europesays.com\/es\/wp-json\/wp\/v2\/posts\/176585\/revisions"}],"wp:featuredmedia":[{"embeddable":true,"href":"https:\/\/www.europesays.com\/es\/wp-json\/wp\/v2\/media\/176586"}],"wp:attachment":[{"href":"https:\/\/www.europesays.com\/es\/wp-json\/wp\/v2\/media?parent=176585"}],"wp:term":[{"taxonomy":"category","embeddable":true,"href":"https:\/\/www.europesays.com\/es\/wp-json\/wp\/v2\/categories?post=176585"},{"taxonomy":"post_tag","embeddable":true,"href":"https:\/\/www.europesays.com\/es\/wp-json\/wp\/v2\/tags?post=176585"}],"curies":[{"name":"wp","href":"https:\/\/api.w.org\/{rel}","templated":true}]}}