{"id":176600,"date":"2025-10-14T17:02:10","date_gmt":"2025-10-14T17:02:10","guid":{"rendered":"https:\/\/www.europesays.com\/es\/176600\/"},"modified":"2025-10-14T17:02:10","modified_gmt":"2025-10-14T17:02:10","slug":"de-elisabeth-su-discreta-esposa-a-su-hijo-futbolista-y-sus-hijas-pequenas","status":"publish","type":"post","link":"https:\/\/www.europesays.com\/es\/176600\/","title":{"rendered":"de Elisabeth, su discreta esposa, a su hijo futbolista y sus hijas peque\u00f1as"},"content":{"rendered":"<p style=\"\"><a href=\"https:\/\/www.abc.es\/cultura\/toros\/sevilla\/morante-puebla-cumple-sueno-nino-20251014112732-nts.html\" target=\"_self\" data-voc-vtm-id=\"in-text-traffic\" title=\"Morante de la Puebla\" data-mrf-link=\"www.abc.es\" rel=\"nofollow noopener\">Morante de la Puebla<\/a> ha vivido uno de los d\u00edas m\u00e1s intensos de su vida. El pasado domingo, el diestro sevillano pon\u00eda punto final a <strong>tres d\u00e9cadas de carrera<\/strong> tras una emotiva tarde en Las Ventas. Entre l\u00e1grimas, se cort\u00f3 la coleta y  &#8230; dijo adi\u00f3s al toreo con dos orejas y una ovaci\u00f3n de las que hacen historia. Pero si algo marc\u00f3 la jornada fue el calor de los suyos, los que siempre han estado a su lado dentro y fuera de los ruedos.<\/p>\n<p class=\"voc-p\" style=\"\">Detr\u00e1s del artista que revolucion\u00f3 la tauromaquia hay una familia unida, discreta y profundamente sevillana. Ellos han sido su refugio frente a los <strong>altibajos de la fama<\/strong> y los <strong>problemas de salud<\/strong> que el torero ha enfrentado en los \u00faltimos a\u00f1os.<\/p>\n<p>\nSu hijo mayo, un \u00abguerrero\u00bb del bal\u00f3n\n<\/p>\n<p class=\"voc-p\" style=\"\">El m\u00e1s medi\u00e1tico de todos es, sin duda, <a href=\"https:\/\/www.abc.es\/deportes\/alfinaldelapalmera\/noticias-betis\/morante-renueva-betis-2028-20250522152955-nts.html\" target=\"_self\" data-voc-vtm-id=\"in-text-traffic\" title=\"Jos\u00e9 Antonio Morante Jr.\" data-mrf-link=\"www.abc.es\" rel=\"nofollow noopener\">Jos\u00e9 Antonio Morante Jr.<\/a>, de 18 a\u00f1os, el \u00fanico hijo de su primer matrimonio con Cynthia Ant\u00fanez, con quien el torero se cas\u00f3 en 2005. El enlace se celebr\u00f3 en la iglesia de la Virgen de la Granada, en La Puebla del R\u00edo, y reuni\u00f3 a grandes figuras del toreo como Espartaco, Enrique Ponce, Finito de C\u00f3rdoba, Jos\u00e9 Mar\u00eda Manzanares o Juan Jos\u00e9 Padilla.<\/p>\n<p class=\"voc-p\" style=\"\">Aunque aquel matrimonio termin\u00f3 tres a\u00f1os despu\u00e9s, de esa uni\u00f3n naci\u00f3 el gran orgullo de Morante: su hijo Jos\u00e9 Antonio, hoy una <strong>joven promesa del f\u00fatbol<\/strong>. El joven, que juega como delantero en <strong>la cantera del Real Betis Balompi\u00e9<\/strong> y ha sido <strong>convocado por la selecci\u00f3n espa\u00f1ola Sub-18<\/strong>, ha heredado el temperamento y la pasi\u00f3n de su padre, aunque las canaliza sobre el c\u00e9sped en lugar de en el albero.<\/p>\n<p class=\"voc-p\" style=\"\">Tras la despedida de su padre en Madrid, el joven <strong>le dedic\u00f3<\/strong> unas sentidas palabras en Instagram: \u00abBueno, lleg\u00f3 el d\u00eda. Hasta aqu\u00ed ha llegado tu carrera profesional, pero s\u00e9 lo mucho que te ha costado llegar hasta donde has llegado. Y t<strong>e admiro en cada paso que das<\/strong> y aqu\u00ed estar\u00e9 siempre para acompa\u00f1arte porque eres lo m\u00e1s grande que me ha pasado en la vida.<strong> Te quiero mucho<\/strong>, guerrero de la vida\u00ab, public\u00f3. <\/p>\n<p class=\"voc-p\" style=\"\">En una entrevista con la <strong>Real Federaci\u00f3n Espa\u00f1ola de F\u00fatbol<\/strong>, el joven confes\u00f3 que en su infancia so\u00f1\u00f3 con seguir los pasos de su progenitor: \u00abDe peque\u00f1o, hasta despu\u00e9s de la Comuni\u00f3n, quer\u00eda ser torero. Ya te vas dando cuenta de lo que hay&#8230; A mi padre le cogi\u00f3 el toro y vi lo que era, la recuperaci\u00f3n y todo&#8230; Yo dec\u00eda que el bal\u00f3n da menos cornadas\u00bb, contaba con una sonrisa.<\/p>\n<p>\nSu mujer, Elisabeth\n<\/p>\n<p class=\"voc-p\" style=\"\">Despu\u00e9s de aquella etapa dif\u00edcil, marcada por una depresi\u00f3n que lo llev\u00f3 incluso a retirarse temporalmente de los ruedos, Morante reh\u00edzo su vida junto a Elisabeth Garrido, una mujer de su mismo pueblo, <strong>La Puebla del R\u00edo<\/strong>. Se conoc\u00edan desde ni\u00f1os y, tras un a\u00f1o de relaci\u00f3n, se casaron por lo civil el 2 de noviembre de 2010 en la Hacienda Los \u00c1ngeles, en Alcal\u00e1 de Guada\u00edra.<\/p>\n<p class=\"voc-p\" style=\"\">A la ceremonia, \u00edntima y elegante, acudieron unos 150 invitados y solo unos pocos compa\u00f1eros del mundo del toro, entre ellos Curro V\u00e1zquez y Luis Antonio Gaspar &#8216;Paulita&#8217;. Desde entonces, Elisabeth ha sido <strong>el mayor apoyo del torero<\/strong>, tanto en su vida personal como en los <strong>momentos m\u00e1s duros<\/strong> que ha atravesado.<\/p>\n<p class=\"voc-p\" style=\"\">El matrimonio es due\u00f1o del bar de copas &#8216;La Capilla&#8217;, un local muy conocido en su pueblo natal, donde ambos comparten tambi\u00e9n proyectos y amigos. La pareja est\u00e1 a punto de celebrar <strong>15 a\u00f1os de matrimonio<\/strong>, una relaci\u00f3n que han llevado siempre con una discreci\u00f3n absoluta, lejos de los focos.<\/p>\n<p><img decoding=\"async\" loading=\"lazy\" src=\"https:\/\/www.europesays.com\/es\/wp-content\/uploads\/2025\/10\/morante-de-la-puebla-U54177810118EFI-760x427@diario_abc.jpg\" class=\"voc-img\" width=\"760\" height=\"427\" alt=\"La familia de Morante de la Puebla, su fuerza m\u00e1s \u00edntima: de Elisabeth, su discreta esposa, a su hijo futbolista y sus hijas peque\u00f1as\" data-voc-vtm-id=\"in-text-traffic\"\/><\/p>\n<p>GTRES<\/p>\n<p>\nSus peque\u00f1as: Mar\u00eda y Lola\n<\/p>\n<p class=\"voc-p\" style=\"\">Fruto de su relaci\u00f3n con Elisabeth nacieron Mar\u00eda, de 14 a\u00f1os, y Lola, de 12. Dos adolescentes que han crecido viendo la pasi\u00f3n de su padre por el toreo, pero tambi\u00e9n su lucha constante contra la enfermedad que padece desde hace d\u00e9cadas.<\/p>\n<p class=\"voc-p\" style=\"\">El propio Morante lo explic\u00f3 en una entrevista con ABC: \u00abPadezco un trastorno disociativo que, sinceramente, casi no tiene explicaci\u00f3n. Una enfermedad muy compleja, triste y dolorosa\u00bb. Un problema de salud que le ha obligado en varias ocasiones a retirarse temporalmente y seguir tratamientos intensivos. <\/p>\n<p class=\"voc-p\" style=\"\">Fue el 12 de octubre, cuando el p\u00fablico de Las Ventas lo despidi\u00f3 entre aplausos y gritos de \u00ab\u00a1torero, torero\u00bb, que Morante supo que ese momento no era un final, sino el inicio de una nueva etapa <strong>rodeado por su familia<\/strong>. Su esposa y sus tres hijos lo esperan ahora en La Puebla del R\u00edo, donde podr\u00e1 disfrutar del sosiego, los amigos de siempre y las noches tranquilas junto a los suyos. <\/p>\n","protected":false},"excerpt":{"rendered":"Morante de la Puebla ha vivido uno de los d\u00edas m\u00e1s intensos de su vida. El pasado domingo,&hellip;\n","protected":false},"author":2,"featured_media":176601,"comment_status":"","ping_status":"","sticky":false,"template":"","format":"standard","meta":{"footnotes":""},"categories":[91],"tags":[4702,50599,146,147,25,24,2394,367,8720,11346,1642,30,36551,780,26606,781,23],"class_list":{"0":"post-176600","1":"post","2":"type-post","3":"status-publish","4":"format-standard","5":"has-post-thumbnail","7":"category-entretenimiento","8":"tag-discreta","9":"tag-elisabeth","10":"tag-entertainment","11":"tag-entretenimiento","12":"tag-es","13":"tag-espana","14":"tag-esposa","15":"tag-familia","16":"tag-fuerza","17":"tag-futbolista","18":"tag-hijas","19":"tag-hijo","20":"tag-intima","21":"tag-morante","22":"tag-pequenas","23":"tag-puebla","24":"tag-spain"},"share_on_mastodon":{"url":"","error":""},"_links":{"self":[{"href":"https:\/\/www.europesays.com\/es\/wp-json\/wp\/v2\/posts\/176600","targetHints":{"allow":["GET"]}}],"collection":[{"href":"https:\/\/www.europesays.com\/es\/wp-json\/wp\/v2\/posts"}],"about":[{"href":"https:\/\/www.europesays.com\/es\/wp-json\/wp\/v2\/types\/post"}],"author":[{"embeddable":true,"href":"https:\/\/www.europesays.com\/es\/wp-json\/wp\/v2\/users\/2"}],"replies":[{"embeddable":true,"href":"https:\/\/www.europesays.com\/es\/wp-json\/wp\/v2\/comments?post=176600"}],"version-history":[{"count":0,"href":"https:\/\/www.europesays.com\/es\/wp-json\/wp\/v2\/posts\/176600\/revisions"}],"wp:featuredmedia":[{"embeddable":true,"href":"https:\/\/www.europesays.com\/es\/wp-json\/wp\/v2\/media\/176601"}],"wp:attachment":[{"href":"https:\/\/www.europesays.com\/es\/wp-json\/wp\/v2\/media?parent=176600"}],"wp:term":[{"taxonomy":"category","embeddable":true,"href":"https:\/\/www.europesays.com\/es\/wp-json\/wp\/v2\/categories?post=176600"},{"taxonomy":"post_tag","embeddable":true,"href":"https:\/\/www.europesays.com\/es\/wp-json\/wp\/v2\/tags?post=176600"}],"curies":[{"name":"wp","href":"https:\/\/api.w.org\/{rel}","templated":true}]}}