{"id":176605,"date":"2025-10-14T17:05:09","date_gmt":"2025-10-14T17:05:09","guid":{"rendered":"https:\/\/www.europesays.com\/es\/176605\/"},"modified":"2025-10-14T17:05:09","modified_gmt":"2025-10-14T17:05:09","slug":"los-militares-toman-el-poder-en-madagascar-tras-la-huida-del-pais-del-presidente","status":"publish","type":"post","link":"https:\/\/www.europesays.com\/es\/176605\/","title":{"rendered":"Los militares toman el poder en Madagascar tras la huida del pa\u00eds del presidente"},"content":{"rendered":"<p style=\"\"><a href=\"https:\/\/www.abc.es\/internacional\/andry-nirina-rajoelina-presidente-fuga-tras-protestas-20251014161131-nt.html\" target=\"_self\" data-voc-vtm-id=\"in-text-traffic\" title=\"Calma tensa.\" data-mrf-link=\"www.abc.es\" rel=\"nofollow noopener\">Calma tensa.<\/a> Esta es la situaci\u00f3n que se vive hoy en <a href=\"https:\/\/www.abc.es\/cultura\/teatros\/opera-combatir-prostitucion-infantil-madagascar-20240903180810-nt.html\" target=\"_self\" data-voc-vtm-id=\"in-text-traffic\" title=\"Madagascar\" rel=\"nofollow noopener\">Madagascar<\/a> despu\u00e9s de que el Parlamento haya votado la destituci\u00f3n de <strong>Andry Rajoelina<\/strong> como presidente y acto seguido un portavoz militar haya tomado el poder del pa\u00eds. <\/p>\n<p style=\"\">La votaci\u00f3n para la  &#8230; destituci\u00f3n se aprob\u00f3 con 130 votos a favor, muy por encima del umbral constitucional de dos tercios requerido en la c\u00e1mara de 163 miembros. En un comunicado mientras se llevaba a cabo la votaci\u00f3n, la presidencia afirm\u00f3 que la sesi\u00f3n era \u00abcarente de cualquier base legal\u00bb.<\/p>\n<p class=\"voc-p\" style=\"\">El Tribunal Superior ya ha declarado vacantes los puestos de presidente del Gobierno y del Senado y ha \u00abinvitado\u00bb a uno de los l\u00edderes golpistas a asumir las funciones de Jefe de Estado. Se habla de una transici\u00f3n de dos a\u00f1os y despu\u00e9s la celebraci\u00f3n de un refer\u00e9ndum constitucional y unas nuevas elecciones generales. <\/p>\n<p class=\"voc-p\" style=\"\">Rajoelina, que se encuentra en paradero desconocido -presuntamente fuera del pa\u00eds-, hab\u00eda rechazado las crecientes demandas de dimisi\u00f3n tras el inicio de las <a href=\"https:\/\/www.abc.es\/internacional\/generacion-madagascar-protesta-gobierno-presidente-denuncia-intento-20251012104619-nt.html\" target=\"_self\" data-voc-vtm-id=\"in-text-traffic\" title=\"manifestaciones el 25 de septiembre\" data-mrf-link=\"www.abc.es\" rel=\"nofollow noopener\">manifestaciones el 25 de septiembre<\/a>, que consiguieron el respaldo de la <strong>unidad militar Capsat<\/strong> durante el pasado fin de semana.<\/p>\n<p class=\"voc-p\" style=\"\">Uno de los m\u00e1ximos responsables de Capsat, el coronel <strong>Michael Randrianirina<\/strong>, ley\u00f3 un comunicado en el palacio presidencial indicando que la unidad establecer\u00eda un comit\u00e9 de gobierno compuesto por oficiales del Ej\u00e9rcito, la Gendarmer\u00eda y la Polic\u00eda nacional.<\/p>\n<p class=\"voc-p\" style=\"\">\u00abQuiz\u00e1 con el tiempo incluya asesores civiles de alto nivel. Es este comit\u00e9 el que llevar\u00e1 a cabo las funciones de la presidencia\u00bb, dijo Randrianirina. \u00abAl mismo tiempo, en unos d\u00edas, estableceremos un gobierno civil\u00bb, a\u00f1adi\u00f3. \u00abNos hemos hecho con el poder\u00bb, confirm\u00f3 posteriormente a AFP.<\/p>\n<p class=\"voc-p\" style=\"\">Tras el anuncio, los oficiales de la unidad recorrieron la capital en blindados y camiones pick-up, seg\u00fan la misma fuente. Las multitudes se alinearon en las aceras, vitoreando y saludando mientras pasaban, y algunos siguieron al convoy en sus propios veh\u00edculos, tocando el claxon en un recorrido de victoria por una ciudad todav\u00eda en tensi\u00f3n.<\/p>\n<p class=\"voc-p\" style=\"\">Las protestas casi diarias, lideradas por un movimiento juvenil llamado Gen Z, dieron un giro durante el fin de semana cuando Capsat \u2014que jug\u00f3 un papel destacado en el golpe de 2009 que llev\u00f3 a Rajoelina al poder por primera vez\u2014 se uni\u00f3 a los manifestantes.<\/p>\n<p class=\"voc-p\" style=\"\">A continuaci\u00f3n se sum\u00f3 la gendarmer\u00eda, la fuerza policial paramilitar, que reconoci\u00f3 \u00aberrores y excesos\u00bb en su respuesta a las manifestaciones.<\/p>\n<p class=\"voc-p\" style=\"\">Naciones Unidas han indicado que al menos 22 personas murieron en los primeros d\u00edas de las protestas, algunas por fuerzas de seguridad y otras durante la violencia generada por bandas criminales y saqueadores.<\/p>\n<p class=\"voc-p\" style=\"\">El presidente -de 51 a\u00f1os- ha dejado claro que no dimitir\u00e1, afirmando que est\u00e1 \u00aben una misi\u00f3n para encontrar soluciones\u00bb a la crisis pol\u00edtica y que no permitir\u00eda que la empobrecida naci\u00f3n del oc\u00e9ano \u00cdndico \u00abse destruya a s\u00ed misma\u00bb.<\/p>\n<p class=\"voc-p\" style=\"\">Madagascar ha tenido una historia pol\u00edtica turbulenta desde que el pa\u00eds, ubicado frente la costa este de \u00c1frica, obtuviera la independencia de Francia en 1960.<\/p>\n","protected":false},"excerpt":{"rendered":"Calma tensa. Esta es la situaci\u00f3n que se vive hoy en Madagascar despu\u00e9s de que el Parlamento haya&hellip;\n","protected":false},"author":2,"featured_media":176606,"comment_status":"","ping_status":"","sticky":false,"template":"","format":"standard","meta":{"footnotes":""},"categories":[42],"tags":[17,18,1755,13,14,11,37073,61,62,63,64,19,20,50602,50601,9,10,15,16,4233,6912,9986,12,4350,21,22,18472,65,66,67],"class_list":{"0":"post-176605","1":"post","2":"type-post","3":"status-publish","4":"format-standard","5":"has-post-thumbnail","7":"category-internacional","8":"tag-breaking-news","9":"tag-breakingnews","10":"tag-elite","11":"tag-featured-news","12":"tag-featurednews","13":"tag-headlines","14":"tag-instituciones","15":"tag-internacional","16":"tag-international","17":"tag-international-news","18":"tag-internationalnews","19":"tag-latest-news","20":"tag-latestnews","21":"tag-madagascar","22":"tag-militad","23":"tag-news","24":"tag-noticias","25":"tag-noticias-destacadas","26":"tag-noticiasdestacadas","27":"tag-poder","28":"tag-senado","29":"tag-suspende","30":"tag-titulares","31":"tag-toma","32":"tag-ultimas-noticias","33":"tag-ultimasnoticias","34":"tag-unidad","35":"tag-world","36":"tag-world-news","37":"tag-worldnews"},"share_on_mastodon":{"url":"","error":""},"_links":{"self":[{"href":"https:\/\/www.europesays.com\/es\/wp-json\/wp\/v2\/posts\/176605","targetHints":{"allow":["GET"]}}],"collection":[{"href":"https:\/\/www.europesays.com\/es\/wp-json\/wp\/v2\/posts"}],"about":[{"href":"https:\/\/www.europesays.com\/es\/wp-json\/wp\/v2\/types\/post"}],"author":[{"embeddable":true,"href":"https:\/\/www.europesays.com\/es\/wp-json\/wp\/v2\/users\/2"}],"replies":[{"embeddable":true,"href":"https:\/\/www.europesays.com\/es\/wp-json\/wp\/v2\/comments?post=176605"}],"version-history":[{"count":0,"href":"https:\/\/www.europesays.com\/es\/wp-json\/wp\/v2\/posts\/176605\/revisions"}],"wp:featuredmedia":[{"embeddable":true,"href":"https:\/\/www.europesays.com\/es\/wp-json\/wp\/v2\/media\/176606"}],"wp:attachment":[{"href":"https:\/\/www.europesays.com\/es\/wp-json\/wp\/v2\/media?parent=176605"}],"wp:term":[{"taxonomy":"category","embeddable":true,"href":"https:\/\/www.europesays.com\/es\/wp-json\/wp\/v2\/categories?post=176605"},{"taxonomy":"post_tag","embeddable":true,"href":"https:\/\/www.europesays.com\/es\/wp-json\/wp\/v2\/tags?post=176605"}],"curies":[{"name":"wp","href":"https:\/\/api.w.org\/{rel}","templated":true}]}}