{"id":176611,"date":"2025-10-14T17:08:08","date_gmt":"2025-10-14T17:08:08","guid":{"rendered":"https:\/\/www.europesays.com\/es\/176611\/"},"modified":"2025-10-14T17:08:08","modified_gmt":"2025-10-14T17:08:08","slug":"el-viveros-herol-nava-jugara-en-la-coruna-la-primera-ronda-de-la-copa-del-rey","status":"publish","type":"post","link":"https:\/\/www.europesays.com\/es\/176611\/","title":{"rendered":"El Viveros Herol Nava jugar\u00e1 en La Coru\u00f1a la primera ronda de la Copa del Rey"},"content":{"rendered":"<p>El Viveros Herol Nava hizo ayer un peque\u00f1o par\u00e9ntesis en su caminar por la Liga Asobal para conocer a su oponente de cara a la primera ronda de la Copa del Rey de balonmano, competici\u00f3n en la que el club tiene puestas sus esperanzas en poder clasificarse para la Final a 8 de la que no se qued\u00f3 demasiado lejos en la pasada temporada.<br \/>Se sab\u00edas que el rival en esta primera ronda iba a ser un conjunto de la Divisi\u00f3n de Plata, y la \u00fanica pretensi\u00f3n era que el desplazamiento no fuera demasiado lejano, teniendo en cuenta que el partido se disputar\u00e1 entre semana, con el 5 de noviembre como la fecha m\u00e1s habitual para la disputa del encuentro. Y se cumpli\u00f3 la l\u00f3gica primera premisa, pero no la segunda, ya que el rival ser\u00e1 el Attica 21 Hotels Oar La Coru\u00f1a, actualmente tercer clasificado de la Divisi\u00f3n de Honor Plata.<br \/>El conjunto gallego ha comenzado la competici\u00f3n de una manera m\u00e1s que positiva, ya que no conoce la derrota en los cinco partidos que ha disputado, con tres victorias y dos empates, superando a rivales de entidad en la categor\u00eda como el Cisne, el San Pablo Burgos o el Balonmano Soria, y empatando con el Base Oviedo y el Trops M\u00e1laga, otros dos \u2018cl\u00e1sicos\u2019 de la categor\u00eda. Todo un logro para un conjunto reci\u00e9n ascendido, que cuenta en su plantilla con jugadores conocidos por la afici\u00f3n navera como \u00c1lex Chan y que afrontar\u00e1 con toda la ilusi\u00f3n el encuentro de Copa del Rey frente a un Balonmano Nava que necesita de buenas noticias.<\/p>\n","protected":false},"excerpt":{"rendered":"El Viveros Herol Nava hizo ayer un peque\u00f1o par\u00e9ntesis en su caminar por la Liga Asobal para conocer&hellip;\n","protected":false},"author":2,"featured_media":176612,"comment_status":"","ping_status":"","sticky":false,"template":"","format":"standard","meta":{"footnotes":""},"categories":[278],"tags":[376,168,25,24,375,23,167],"class_list":{"0":"post-176611","1":"post","2":"type-post","3":"status-publish","4":"format-standard","5":"has-post-thumbnail","7":"category-balonmano","8":"tag-balonmano","9":"tag-deportes","10":"tag-es","11":"tag-espana","12":"tag-handball","13":"tag-spain","14":"tag-sports"},"share_on_mastodon":{"url":"","error":""},"_links":{"self":[{"href":"https:\/\/www.europesays.com\/es\/wp-json\/wp\/v2\/posts\/176611","targetHints":{"allow":["GET"]}}],"collection":[{"href":"https:\/\/www.europesays.com\/es\/wp-json\/wp\/v2\/posts"}],"about":[{"href":"https:\/\/www.europesays.com\/es\/wp-json\/wp\/v2\/types\/post"}],"author":[{"embeddable":true,"href":"https:\/\/www.europesays.com\/es\/wp-json\/wp\/v2\/users\/2"}],"replies":[{"embeddable":true,"href":"https:\/\/www.europesays.com\/es\/wp-json\/wp\/v2\/comments?post=176611"}],"version-history":[{"count":0,"href":"https:\/\/www.europesays.com\/es\/wp-json\/wp\/v2\/posts\/176611\/revisions"}],"wp:featuredmedia":[{"embeddable":true,"href":"https:\/\/www.europesays.com\/es\/wp-json\/wp\/v2\/media\/176612"}],"wp:attachment":[{"href":"https:\/\/www.europesays.com\/es\/wp-json\/wp\/v2\/media?parent=176611"}],"wp:term":[{"taxonomy":"category","embeddable":true,"href":"https:\/\/www.europesays.com\/es\/wp-json\/wp\/v2\/categories?post=176611"},{"taxonomy":"post_tag","embeddable":true,"href":"https:\/\/www.europesays.com\/es\/wp-json\/wp\/v2\/tags?post=176611"}],"curies":[{"name":"wp","href":"https:\/\/api.w.org\/{rel}","templated":true}]}}