{"id":176613,"date":"2025-10-14T17:09:08","date_gmt":"2025-10-14T17:09:08","guid":{"rendered":"https:\/\/www.europesays.com\/es\/176613\/"},"modified":"2025-10-14T17:09:08","modified_gmt":"2025-10-14T17:09:08","slug":"la-semana-cultural-taurina-de-vera-abre-con-arte-emocion-y-gran-respuesta-del-publico","status":"publish","type":"post","link":"https:\/\/www.europesays.com\/es\/176613\/","title":{"rendered":"La Semana Cultural Taurina de Vera abre con arte, emoci\u00f3n y gran respuesta del p\u00fablico"},"content":{"rendered":"<p class=\"v-mdl-ath__p v-mdl-ath__p--6\">\nMartes, 14 de octubre 2025, 16:55<\/p>\n<p class=\"v-p\">La XIX Semana Cultural Taurina de Vera arranc\u00f3 anoche con una inauguraci\u00f3n brillante y una gran respuesta de p\u00fablico, que llen\u00f3 el sal\u00f3n de La Terraza Carmona para disfrutar de la primera de las seis jornadas programadas entre el 13 y el 18 de octubre. La cita, organizada por el Foro Cultural y Taurino de Vera con la colaboraci\u00f3n del Ayuntamiento, se abri\u00f3 con una velada que uni\u00f3 arte, m\u00fasica y memoria en torno a la influencia del toro en la cultura.<\/p>\n<p class=\"v-p\">La inauguraci\u00f3n cont\u00f3 con tres exposiciones de enorme nivel art\u00edstico. La pintura de Beatriz de Bartolom\u00e9, pura torer\u00eda sobre el lienzo, despleg\u00f3 un universo de color, temple y movimiento. A su lado, las esculturas en hierro del artista Rafa Mir ofrecieron una interpretaci\u00f3n vigorosa y simb\u00f3lica de la fuerza del toreo, mientras que la fotograf\u00eda de Baltasar G\u00e1lvez capt\u00f3 la emoci\u00f3n del instante preciso, las miradas y los gestos que resumen la esencia de la Fiesta. Tres miradas diferentes, un mismo lenguaje: el arte como veh\u00edculo para expresar la pasi\u00f3n por el mundo taurino.<\/p>\n<p class=\"v-p\">El ambiente de la noche se complet\u00f3 con un concierto de la Rondalla Sol y Luna, que interpret\u00f3 pasodobles cl\u00e1sicos, tanto cantados como instrumentales, aportando un toque musical que envolvi\u00f3 la velada en un clima de emoci\u00f3n y alegr\u00eda. La combinaci\u00f3n de artes pl\u00e1sticas y m\u00fasica convirti\u00f3 la apertura de esta Semana Cultural en un homenaje total al toreo como fuente de inspiraci\u00f3n y como parte esencial de la identidad de Vera.<\/p>\n<p class=\"v-p\">El colof\u00f3n a la jornada lo puso una charla a cargo de Ignacio Mart\u00edn Cuadrado, dedicada a la figura de su abuelo, Juan Cuadrado Ruiz, veratense ilustre y polifac\u00e9tico: arque\u00f3logo, pintor, poeta, pol\u00edtico y tambi\u00e9n promotor taurino. Su legado, evocador y m\u00faltiple, simboliza el esp\u00edritu de esta Semana, que une la cultura, la historia y la tauromaquia en una misma celebraci\u00f3n.<\/p>\n<p class=\"v-p\">El acto cont\u00f3 con la presencia del alcalde de Vera, Alfonso Garc\u00eda Ramos, quien destac\u00f3 \u00abel compromiso del Ayuntamiento para que Vera siga siendo un referente en el panorama taurino nacional\u00bb, y del concejal de Cultura, Antonio Soler Casta\u00f1o, cuyo apoyo fue reconocido por el presidente del Foro, Jos\u00e9 Antonio Ruiz Ruiz, como \u00abdeterminante en el impulso de estas actividades que refuerzan la vida cultural de la ciudad\u00bb.<\/p>\n<p class=\"v-p\">El \u00e9xito de esta primera jornada anticipa el tono de una semana repleta de exposiciones, cine, conferencias y mesas redondas que reivindican el v\u00ednculo del toro con las artes y con la identidad veratense. En La Terraza Carmona, una vez m\u00e1s, se unieron la amistad, la afici\u00f3n y la cultura para mantener viva la llama de una tradici\u00f3n que sigue inspirando a generaciones<\/p>\n<p>Reporta un error<\/p>\n","protected":false},"excerpt":{"rendered":"Martes, 14 de octubre 2025, 16:55 La XIX Semana Cultural Taurina de Vera arranc\u00f3 anoche con una inauguraci\u00f3n&hellip;\n","protected":false},"author":2,"featured_media":176614,"comment_status":"","ping_status":"","sticky":false,"template":"","format":"standard","meta":{"footnotes":""},"categories":[277],"tags":[490,229,373,8332,168,18266,25,24,3956,1421,8013,773,23,167,600,374,7733],"class_list":{"0":"post-176613","1":"post","2":"type-post","3":"status-publish","4":"format-standard","5":"has-post-thumbnail","7":"category-toreo","8":"tag-abre","9":"tag-arte","10":"tag-bullfighting","11":"tag-cultural","12":"tag-deportes","13":"tag-emocion","14":"tag-es","15":"tag-espana","16":"tag-gran","17":"tag-publico","18":"tag-respuesta","19":"tag-semana","20":"tag-spain","21":"tag-sports","22":"tag-taurina","23":"tag-toreo","24":"tag-vera"},"share_on_mastodon":{"url":"","error":""},"_links":{"self":[{"href":"https:\/\/www.europesays.com\/es\/wp-json\/wp\/v2\/posts\/176613","targetHints":{"allow":["GET"]}}],"collection":[{"href":"https:\/\/www.europesays.com\/es\/wp-json\/wp\/v2\/posts"}],"about":[{"href":"https:\/\/www.europesays.com\/es\/wp-json\/wp\/v2\/types\/post"}],"author":[{"embeddable":true,"href":"https:\/\/www.europesays.com\/es\/wp-json\/wp\/v2\/users\/2"}],"replies":[{"embeddable":true,"href":"https:\/\/www.europesays.com\/es\/wp-json\/wp\/v2\/comments?post=176613"}],"version-history":[{"count":0,"href":"https:\/\/www.europesays.com\/es\/wp-json\/wp\/v2\/posts\/176613\/revisions"}],"wp:featuredmedia":[{"embeddable":true,"href":"https:\/\/www.europesays.com\/es\/wp-json\/wp\/v2\/media\/176614"}],"wp:attachment":[{"href":"https:\/\/www.europesays.com\/es\/wp-json\/wp\/v2\/media?parent=176613"}],"wp:term":[{"taxonomy":"category","embeddable":true,"href":"https:\/\/www.europesays.com\/es\/wp-json\/wp\/v2\/categories?post=176613"},{"taxonomy":"post_tag","embeddable":true,"href":"https:\/\/www.europesays.com\/es\/wp-json\/wp\/v2\/tags?post=176613"}],"curies":[{"name":"wp","href":"https:\/\/api.w.org\/{rel}","templated":true}]}}