{"id":176615,"date":"2025-10-14T17:10:13","date_gmt":"2025-10-14T17:10:13","guid":{"rendered":"https:\/\/www.europesays.com\/es\/176615\/"},"modified":"2025-10-14T17:10:13","modified_gmt":"2025-10-14T17:10:13","slug":"ufc-cerrara-2025-a-lo-grande-con-un-eventazo-en-las-vegas","status":"publish","type":"post","link":"https:\/\/www.europesays.com\/es\/176615\/","title":{"rendered":"UFC cerrar\u00e1 2025 a lo grande con un eventazo en Las Vegas"},"content":{"rendered":"<p data-mrf-recirculation=\"Links P\u00e1rrafos\" class=\"ue-c-article__paragraph paragraph ue-c-article--first-letter-highlighted\">El d\u00eda que <strong>Merab Dvalishvili <\/strong>se retir\u00e9, habr\u00e1 que clonarlo. El <strong>campe\u00f3n <\/strong>de peso gallo de la UFC es \u00fanico en su especie, y desde que consiguiese el cintur\u00f3n en septiembre de 2024 prometi\u00f3 ser el monarca <strong>m\u00e1s activo<\/strong> de la compa\u00f1\u00eda. Dicho y hecho. La promotora acaba de anunciar la cartelera del <strong>UFC 323<\/strong> para el 6 de diciembre en el T-Mobile Arena de Las Vegas, y &#8216;The Machine&#8217; ser\u00e1 el evento estelar junto con <strong>Petr Yan<\/strong>, en una de las revanchas m\u00e1s esperadas de la divisi\u00f3n. Esto adem\u00e1s supondr\u00e1 otro<strong> r\u00e9cord<\/strong> para el georgiano, ya que ning\u00fan campe\u00f3n ha defendido su cintur\u00f3n <strong>cuatro veces<\/strong> en un mismo a\u00f1o.<\/p>\n<p data-mrf-recirculation=\"Links P\u00e1rrafos\" class=\"ue-c-article__paragraph paragraph\">Su primera defensa de 2025 lleg\u00f3 en enero ante <strong>Umar Nurmagomedov<\/strong> -UFC 311-. Muchos le daban como<strong> underdog<\/strong> ante el primo de Khabib, pero Merab demostr\u00f3 por qu\u00e9 tiene el <strong>mejor cardio <\/strong>de toda la UFC y remont\u00f3 el combate para sorpresa de todos. La segunda defensa fue la revancha ante <strong>Sean O&#8217;Malley<\/strong> en la primera cartelera numerada de junio -UFC 316-, en la que consigui\u00f3<strong> someter<\/strong> a &#8216;Suga&#8217; para agrandar a\u00fan m\u00e1s su legado. En ese momento, Dvalishvili ya <strong>avis\u00f3<\/strong> en sus declaraciones que quer\u00eda realizar otras dos defensas m\u00e1s este a\u00f1o, pero <strong>nadie le crey\u00f3.<\/strong><\/p>\n<p data-mrf-recirculation=\"Links P\u00e1rrafos\" class=\"ue-c-article__paragraph paragraph\">Hace poco m\u00e1s de una semana, &#8216;The Machine&#8217; consigui\u00f3 defender el t\u00edtulo por tercera vez ante <strong>Cory Sandhagen<\/strong> -UFC 320-, al que estuvo a punto de noquear pero acab\u00f3 venciendo por <strong>decisi\u00f3n un\u00e1nime.<\/strong> Al acabar la pelea, Merab lo ten\u00eda claro: quer\u00eda a Petr Yan en <strong>diciembre<\/strong>. A pesar de que su entrenador le recomend\u00f3 un <strong>descanso<\/strong>, el georgiano est\u00e1 hecho de otra pasta, y finalmente la promotora le ha dado lo que ped\u00eda. Ser\u00e1 su segunda<strong> pelea estelar<\/strong> como campe\u00f3n.<\/p>\n<p><img decoding=\"async\" width=\"1080\" height=\"1350\" class=\"ue-c-article__image lazyload\" alt=\"El cartel de UFC 323.\" loading=\"lazy\" src=\"https:\/\/www.europesays.com\/es\/wp-content\/uploads\/2025\/10\/68ee136706834.jpeg\"\/><\/p>\n<p>El cartel de UFC 323.<\/p>\n<p>Una de las mejores carteleras del a\u00f1o<\/p>\n<p data-mrf-recirculation=\"Links P\u00e1rrafos\" class=\"ue-c-article__paragraph paragraph\">La pelea de Merab no es ni mucho menos lo \u00fanico <strong>destacable<\/strong> de la cartelera, ya que la UFC decidi\u00f3 hacer oficiales m\u00e1s combates que la convierten en una de las <strong>mejores <\/strong>del a\u00f1o. De hecho, habr\u00e1 otro cintur\u00f3n en juego, ya que <strong>Alexandre Pantoja<\/strong> intentar\u00e1 defender por quinta vez el t\u00edtulo de peso mosca ante<strong> Joshua Van.<\/strong> El peleador birmano de 23 a\u00f1os ha tenido un<strong> ascenso mete\u00f3rico<\/strong> este a\u00f1o, lo que le ha dado una oportunidad de oro ante uno de los campeones m\u00e1s<strong> s\u00f3lidos y dominantes<\/strong> de toda la compa\u00f1\u00eda.<\/p>\n<p data-mrf-recirculation=\"Links P\u00e1rrafos\" class=\"ue-c-article__paragraph paragraph\">Adem\u00e1s, <strong>Jan Blachowicz y Bogdan Guskov<\/strong> se enfrentar\u00e1n en la categor\u00eda de peso semipesado. El peleador polaco llega en el <strong>peor momento<\/strong> de su carrera, ante un joven prospecto en ascenso que podr\u00eda eliminarle de la parte alta del r\u00e1nking. Otro de los grandes atractivos de la cartelera ser\u00e1 el combate entre el ex doble campe\u00f3n<strong> Henry Cejudo y Payton Talbott<\/strong> en peso gallo. El regreso de &#8216;Triple C&#8217; a la compa\u00f1\u00eda tras su <strong>retirada<\/strong> no ha sido el esperado, por lo que le han enfrentado ante uno de los <strong>mayores talentos<\/strong> de la categor\u00eda.<\/p>\n<p data-mrf-recirculation=\"Links P\u00e1rrafos\" class=\"ue-c-article__paragraph paragraph\">Otro ex campe\u00f3n de peso mosca como <strong>Brandon Moreno <\/strong>tambi\u00e9n intentar\u00e1 defender su posici\u00f3n en la categor\u00eda ante<strong> Tatsuro Taira.<\/strong> Posiblemente, el ganador de este combate se enfrentar\u00e1 a Pantoja o Van en un futuro. Adem\u00e1s, tambi\u00e9n se hizo oficial el combate entre <strong>Fares Ziam y Nazim Sadykhov<\/strong>, otro de los grandes nombres a futuro en la categor\u00eda de peso ligero. Por \u00faltimo, la UFC tambi\u00e9n anunci\u00f3 para el <strong>UFC 322 <\/strong>la pelea entre <strong>Sean Brady y Michael Morales <\/strong>en el peso w\u00e9lter, que a\u00f1ade a\u00fan m\u00e1s combatazos a otro de los <strong>mejores eventos<\/strong> del a\u00f1o.<\/p>\n","protected":false},"excerpt":{"rendered":"El d\u00eda que Merab Dvalishvili se retir\u00e9, habr\u00e1 que clonarlo. El campe\u00f3n de peso gallo de la UFC&hellip;\n","protected":false},"author":2,"featured_media":176616,"comment_status":"","ping_status":"","sticky":false,"template":"","format":"standard","meta":{"footnotes":""},"categories":[276],"tags":[168,25,24,23,167,343],"class_list":{"0":"post-176615","1":"post","2":"type-post","3":"status-publish","4":"format-standard","5":"has-post-thumbnail","7":"category-ufc","8":"tag-deportes","9":"tag-es","10":"tag-espana","11":"tag-spain","12":"tag-sports","13":"tag-ufc"},"share_on_mastodon":{"url":"","error":""},"_links":{"self":[{"href":"https:\/\/www.europesays.com\/es\/wp-json\/wp\/v2\/posts\/176615","targetHints":{"allow":["GET"]}}],"collection":[{"href":"https:\/\/www.europesays.com\/es\/wp-json\/wp\/v2\/posts"}],"about":[{"href":"https:\/\/www.europesays.com\/es\/wp-json\/wp\/v2\/types\/post"}],"author":[{"embeddable":true,"href":"https:\/\/www.europesays.com\/es\/wp-json\/wp\/v2\/users\/2"}],"replies":[{"embeddable":true,"href":"https:\/\/www.europesays.com\/es\/wp-json\/wp\/v2\/comments?post=176615"}],"version-history":[{"count":0,"href":"https:\/\/www.europesays.com\/es\/wp-json\/wp\/v2\/posts\/176615\/revisions"}],"wp:featuredmedia":[{"embeddable":true,"href":"https:\/\/www.europesays.com\/es\/wp-json\/wp\/v2\/media\/176616"}],"wp:attachment":[{"href":"https:\/\/www.europesays.com\/es\/wp-json\/wp\/v2\/media?parent=176615"}],"wp:term":[{"taxonomy":"category","embeddable":true,"href":"https:\/\/www.europesays.com\/es\/wp-json\/wp\/v2\/categories?post=176615"},{"taxonomy":"post_tag","embeddable":true,"href":"https:\/\/www.europesays.com\/es\/wp-json\/wp\/v2\/tags?post=176615"}],"curies":[{"name":"wp","href":"https:\/\/api.w.org\/{rel}","templated":true}]}}