{"id":176623,"date":"2025-10-14T17:15:09","date_gmt":"2025-10-14T17:15:09","guid":{"rendered":"https:\/\/www.europesays.com\/es\/176623\/"},"modified":"2025-10-14T17:15:09","modified_gmt":"2025-10-14T17:15:09","slug":"el-valencia-basket-da-marcha-atras-y-decide-jugar-a-puerta-cerrada-contra-el-hapoel-israeli-baloncesto-deportes","status":"publish","type":"post","link":"https:\/\/www.europesays.com\/es\/176623\/","title":{"rendered":"El Valencia Basket da marcha atr\u00e1s y decide jugar a puerta cerrada contra el Hapoel israel\u00ed | Baloncesto | Deportes"},"content":{"rendered":"<p class=\"\">El Valencia Basket anunci\u00f3 ayer lunes que solo podr\u00edan entrar en el Roig Arena sus abonados, cerca de 11.000, y que no vender\u00eda entradas al p\u00fablico en general para el partido de la Euroliga de este mi\u00e9rcoles <a href=\"https:\/\/elpais.com\/deportes\/baloncesto\/2025-10-13\/el-baloncesto-espanol-cierra-la-puerta-a-israel.html\" target=\"_self\" rel=\"nofollow noopener\" title=\"https:\/\/elpais.com\/deportes\/baloncesto\/2025-10-13\/el-baloncesto-espanol-cierra-la-puerta-a-israel.html\">ante el Hapoel Tel Aviv<\/a>. Despu\u00e9s se tir\u00f3 todo el d\u00eda sopesando si jugarlo a puerta cerrada, como hab\u00edan decidido los otros dos equipos espa\u00f1oles que esta semana reciben a rivales de este pa\u00eds, el Baxi Manresa y La Laguna Tenerife, pero finalmente se mantuvo en su decisi\u00f3n pese a que la delegada del Gobierno, Pilar Bernab\u00e9, recomend\u00f3 al club taronja hacerlo sin p\u00fablico. Una decisi\u00f3n que finalmente ha tomado este martes.<\/p>\n<blockquote class=\"twitter-tweet\">\n<p lang=\"es\" dir=\"ltr\">Cas \ud83d\udc49 \ud83d\udcf0 Comunicado oficial: Partido ante Hapoel IBI Tel Aviv<\/p>\n<p>Valencia Basket ha apurado todas las opciones posibles para que sus abonados no tengan que perderse el partido de EuroLeague de ma\u00f1ana en el Roig Arena. Pero ante el riesgo existente y las recomendaciones de las\u2026 <a href=\"https:\/\/t.co\/G674hJj9bi\" rel=\"nofollow\">pic.twitter.com\/G674hJj9bi<\/a><\/p>\n<p>\u2014 Valencia Basket Club (@valenciabasket) <a href=\"https:\/\/twitter.com\/valenciabasket\/status\/1978073381627936964?ref_src=twsrc%5Etfw\" rel=\"nofollow noopener\" target=\"_blank\">October 14, 2025<\/a><\/p><\/blockquote>\n<p class=\"\">El club valenciano comparti\u00f3 un comunicado en el que explica que ha intentado apurar todas las opciones para que su afici\u00f3n no se perdiera <a href=\"https:\/\/elpais.com\/deportes\/baloncesto\/2025-10-14\/jornada-4-de-la-euroliga-horarios-resultados-y-clasificacion.html\" target=\"_self\" rel=\"nofollow noopener\" title=\"https:\/\/elpais.com\/deportes\/baloncesto\/2025-10-14\/jornada-4-de-la-euroliga-horarios-resultados-y-clasificacion.html\">este partido de la Euroliga en el flamante Roig Arena<\/a>, pero que se ha visto obligado a cambiar de opini\u00f3n. \u201cAnte el riesgo existente y las recomendaciones de las fuerzas y cuerpos de seguridad, as\u00ed como la delegaci\u00f3n del gobierno, el club se ve obligado a poner por delante la seguridad tanto de los aficionados como de los trabajadores, tomando la decisi\u00f3n de que el encuentro se dispute a puerta cerrada\u201d. <\/p>\n<p class=\"\">Este ser\u00e1 el primer partido de un equipo israel\u00ed de la Euroliga que se dispute en el pa\u00eds de su contrincante, ya que tanto el <a href=\"https:\/\/elpais.com\/deportes\/baloncesto\/2025-09-30\/el-hapoel-tel-aviv-tumba-al-barca-con-su-futuro-en-la-euroliga-en-el-aire-por-la-matanza-en-gaza.html\" target=\"_self\" rel=\"nofollow noopener\" title=\"https:\/\/elpais.com\/deportes\/baloncesto\/2025-09-30\/el-hapoel-tel-aviv-tumba-al-barca-con-su-futuro-en-la-euroliga-en-el-aire-por-la-matanza-en-gaza.html\">Hapoel como el Maccabi <\/a>han jugado dos jornadas en casa y la tercera frente a un equipo turco, un pa\u00eds que obliga a que estos enfrentamientos se celebren en una cancha neutral (Montenegro). El Hapoel jugar\u00e1 ma\u00f1ana mi\u00e9rcoles en Valencia a puerta cerrada y el viernes, salvo cambios de \u00faltima hora, lo har\u00e1 en Par\u00eds sin restricciones. Al Valencia Basket le ha costado tomar este camino y asegura que finalmente se ha decantado por la decisi\u00f3n \u201cmenos mala\u201d. <\/p>\n<p><script async src=\"https:\/\/platform.twitter.com\/widgets.js\" charset=\"utf-8\"><\/script><\/p>\n","protected":false},"excerpt":{"rendered":"El Valencia Basket anunci\u00f3 ayer lunes que solo podr\u00edan entrar en el Roig Arena sus abonados, cerca de&hellip;\n","protected":false},"author":2,"featured_media":176624,"comment_status":"","ping_status":"","sticky":false,"template":"","format":"standard","meta":{"footnotes":""},"categories":[269],"tags":[299,298,1540,68,168,25,24,833,45503,74,8283,23,167,44772],"class_list":{"0":"post-176623","1":"post","2":"type-post","3":"status-publish","4":"format-standard","5":"has-post-thumbnail","7":"category-baloncesto","8":"tag-baloncesto","9":"tag-basketball","10":"tag-competiciones","11":"tag-conflicto-arabe-israeli","12":"tag-deportes","13":"tag-es","14":"tag-espana","15":"tag-euroliga","16":"tag-hapoel-tel-aviv-baloncesto","17":"tag-israel","18":"tag-jugadores-baloncesto","19":"tag-spain","20":"tag-sports","21":"tag-valencia-basket-club"},"share_on_mastodon":{"url":"","error":""},"_links":{"self":[{"href":"https:\/\/www.europesays.com\/es\/wp-json\/wp\/v2\/posts\/176623","targetHints":{"allow":["GET"]}}],"collection":[{"href":"https:\/\/www.europesays.com\/es\/wp-json\/wp\/v2\/posts"}],"about":[{"href":"https:\/\/www.europesays.com\/es\/wp-json\/wp\/v2\/types\/post"}],"author":[{"embeddable":true,"href":"https:\/\/www.europesays.com\/es\/wp-json\/wp\/v2\/users\/2"}],"replies":[{"embeddable":true,"href":"https:\/\/www.europesays.com\/es\/wp-json\/wp\/v2\/comments?post=176623"}],"version-history":[{"count":0,"href":"https:\/\/www.europesays.com\/es\/wp-json\/wp\/v2\/posts\/176623\/revisions"}],"wp:featuredmedia":[{"embeddable":true,"href":"https:\/\/www.europesays.com\/es\/wp-json\/wp\/v2\/media\/176624"}],"wp:attachment":[{"href":"https:\/\/www.europesays.com\/es\/wp-json\/wp\/v2\/media?parent=176623"}],"wp:term":[{"taxonomy":"category","embeddable":true,"href":"https:\/\/www.europesays.com\/es\/wp-json\/wp\/v2\/categories?post=176623"},{"taxonomy":"post_tag","embeddable":true,"href":"https:\/\/www.europesays.com\/es\/wp-json\/wp\/v2\/tags?post=176623"}],"curies":[{"name":"wp","href":"https:\/\/api.w.org\/{rel}","templated":true}]}}