{"id":176625,"date":"2025-10-14T17:16:08","date_gmt":"2025-10-14T17:16:08","guid":{"rendered":"https:\/\/www.europesays.com\/es\/176625\/"},"modified":"2025-10-14T17:16:08","modified_gmt":"2025-10-14T17:16:08","slug":"jesus-martinez-dueno-del-real-oviedo-quiero-hablar-de-europa-no-quiero-hablar-de-estar-fuera-del-descenso-por-diferencia-de-goles","status":"publish","type":"post","link":"https:\/\/www.europesays.com\/es\/176625\/","title":{"rendered":"Jes\u00fas Mart\u00ednez, due\u00f1o del Real Oviedo:\u00a0\u00abQuiero hablar de Europa, no quiero hablar de estar fuera del descenso por diferencia de goles\u00bb"},"content":{"rendered":"<p>\t\t \t\t\tEl presidente del Grupo Pachuca y m\u00e1ximo accionista del Real Oviedo, Jes\u00fas Mart\u00ednez, da una rueda de prensa para hablar de los asuntos que han marcado las \u00faltimas horas del club azul: el despido de Veljko Paunovic y el regreso de Luis Carri\u00f3n <strong class=\"pd-l\">Paco Paredes | EFE  <\/strong><\/p>\n<p>\t\t\t\t\t\t\u00abNo tengo rencor con nadie. Luis Carri\u00f3n no mat\u00f3 a nadie en 2024, s\u00ed se equivoc\u00f3 y\u00e9ndose a Las Palmas, eso est\u00e1 clar\u00edsimo\u00bb. El presidente del Grupo Pachuca habla sobre la salida de Paunovic y repasa la actualidad del Oviedo<br \/>\n\t\t\t\t\t\t<strong>14 oct 2025<\/strong> . Actualizado a las 16:09 h.\t\t\t\t\t\t<\/p>\n<p class=\"first-paragraph txt\">\u00abEra importante dar la cara, estoy aqu\u00ed para responder a todas las preguntas\u00bb. <strong>As\u00ed empez\u00f3 Jes\u00fas Mart\u00ednez una rueda de prensa que se fue a los 50 minutos de duraci\u00f3n.<\/strong> El presidente del Grupo Pachuca, m\u00e1ximo accionista del Real Oviedo, se sent\u00f3 en la sala de prensa del Carlos Tartiere y repas\u00f3 todos los temas de la tan intensa actualidad azul: los motivos por los cuales se despide a Paunovic, el regreso de Carri\u00f3n, las cr\u00edticas en redes sociales y la situaci\u00f3n actual del equipo en Primera Divisi\u00f3n.<\/p>\n<p class=\"ladillo\">El despido de Paunovic<\/p>\n<p class=\"txt\">\u00abQuiero dejar muy claro que el presidente, el director general y el director deportivo son gente que todos los d\u00edas me informan de todo. Pasa en todos los clubes del Grupo Pachuca. <strong>El que toma la decisi\u00f3n final es Jes\u00fas Mart\u00ednez.\u00a0<\/strong>Cada t\u00e9cnico tiene su car\u00e1cter, est\u00e1 claro. Hablo de filosof\u00eda de ser \u00edntegros. Hay que tratar bien a la gente. Es una filosof\u00eda de grupo. Si Paunovic tuviese 12 puntos de 24 no estar\u00edamos hablando de esto. O 14 puntos\u00bb.<\/p>\n<p class=\"txt\">\u00abLa decisi\u00f3n de quitar a Paunovic, al cual todos le debemos much\u00edsimo, es m\u00eda. Y le seguiremos debiendo toda la vida. Lo m\u00e1s dif\u00edcil de esto es despedir un entrenador, acabo de hacerlo con Berizzo, un gran amigo personal. <strong>La cuesti\u00f3n humana es muy importante en la filosof\u00eda del grupo, m\u00e1s que lo deportivo, donde llev\u00e1bamos 6 puntos de 24.<\/strong> Hay muchas cosas que abarca la cuesti\u00f3n humana. Siempre quiero proteger a mi gente, la que trabaja d\u00eda y noche. Sea el que cuida la cancha, el de la tienda o el de comunicaci\u00f3n. En mi filosof\u00eda es clave tener un buen ambiente de trabajo y la decisi\u00f3n es m\u00eda. Estoy feliz y estoy orgulloso de todo lo que hacen d\u00eda y noche mis trabajadores. Fue dif\u00edcil la decisi\u00f3n y no la sab\u00eda nadie, el mi\u00e9rcoles por la noche les comuniqu\u00e9 la decisi\u00f3n que yo hab\u00eda tomado\u00bb.<\/p>\n<blockquote class=\"instagram-media\" style=\"background: #FFF; border: 0; border-radius: 3px; box-shadow: 0 0 1px 0 rgba(0,0,0,0.5),0 1px 10px 0 rgba(0,0,0,0.15); margin: 1px; max-width: 540px; min-width: 326px; padding: 0; width: calc(100% - 2px);\" data-instgrm-captioned=\"\" data-instgrm-permalink=\"https:\/\/www.instagram.com\/p\/DPys603DNl2\/?utm_source=ig_embed&amp;utm_campaign=loading\" data-instgrm-version=\"14\"\/>\n<p class=\"txt\">\u00abNo me gusta despedir t\u00e9cnicos. Hemos tenido varios aqu\u00ed en Oviedo y no descansaremos hasta encontrar el id\u00f3neo de acuerdo a nuestra filosof\u00eda. Ojal\u00e1 lo consigamos. En Pachuca o en Le\u00f3n tuve ejemplos. El mundo del f\u00fatbol cada vez es m\u00e1s complicado y competitivo. <strong>Nunca tomar\u00e9 una decisi\u00f3n que vaya en contra de esta instituci\u00f3n, el Real Oviedo es nuestra vida<\/strong> y lo defenderemos a muerte\u00bb.<\/p>\n<p class=\"txt\">&#13;<br \/>\n\t\t&#13;<br \/>\n\t\t\t&#13;<br \/>\n\t\t&#13;<br \/>\n\t\t&#13;<br \/>\n\t\t&#13;<br \/>\n\t\t\t\t\t\t\t\t\t\t\t\t&#13;<br \/>\n\t\t\t\t\t\t\t\t&#13;<br \/>\n&#13;<br \/>\n&#13;<\/p>\n<p>\t\t\t&#13;<br \/>\n\t&#13;<\/p>\n<p>\t\t\t<a href=\"https:\/\/www.lavozdeasturias.es\/noticia\/azulcarbayon\/2025\/10\/14\/tertulia-azul-carbayon-disponible-youtube-ivoox-spotify-despido-paunovic-regreso-carrion-real-oviedo\/00031760428333045616881.htm\" data-analytics=\"link-embed\" rel=\"nofollow noopener\" target=\"_blank\">La tertulia de Azul Carbay\u00f3n, disponible en YouTube, iVoox y Spotify:\u00a0el despido de Paunovic y el regreso de Carri\u00f3n al Real Oviedo<\/a><\/p>\n<p class=\"a-min-author\">La Voz<\/p>\n<p>\t&#13;<br \/>\n\t&#13;<br \/>\n&#13;<br \/>\n\t\t\t\t&#13;<br \/>\n\t\t\t\t&#13;<br \/>\n\t&#13;<br \/>\n\t\t\t&#13;<br \/>\n\t\t\t&#13;<br \/>\n\t\t&#13;\n<\/p>\n<p class=\"ladillo\">La situaci\u00f3n en la tabla del equipo<\/p>\n<p class=\"txt\">\u00ab6 puntos de 24. No quiero que se hable de descenso, este equipo no es para estar fuera de descenso, lo formamos para que sea un equipo grande. Y cada d\u00eda tenemos que trabajar para conseguirlo. No me fijo en que ahora estamos fuera del descenso, no. Somos ganadores. Somos el grupo m\u00e1s ganador de la historia del f\u00fatbol mexicano. <strong>Quiero hablar de clasificarnos para competiciones europeas<\/strong>, no quiero hablar de estar fuera del descenso por diferencia de goles. Somos un club hist\u00f3rico y tenemos una gran afici\u00f3n, somos una instituci\u00f3n grande. No pienso en no descender\u00bb.<\/p>\n<p class=\"txt\">\u00ab<strong>No estoy de acuerdo con eso de que no tenemos una plantilla competitiva.<\/strong> Es s\u00faper competitiva y tenemos jugadores grand\u00edsimos. Una disculpa a todos los jugadores por las formas con las que se fueron, no ten\u00edan que haber existido esas formas y hay que tener respeto a los jugadores. Tambi\u00e9n a Paunovic. No se les respet\u00f3 como se deber\u00eda haber hecho\u00bb.<\/p>\n<p class=\"txt\">\u00abRond\u00f3n, internacional con Venezuela y un profesional impresionante. Fede Vi\u00f1as con Uruguay y \u00c1lex For\u00e9s es un gran proyecto de jugador. For\u00e9s iba para M\u00e9xico y quisimos que se quedase ac\u00e1.<strong> Tenemos un gran equipo de f\u00fatbol y quiero jugar bien.<\/strong> Si en enero necesitamos reforzar la plantilla, lo haremos. Si hubiesen llegado Jovic y Maksimovic no nos hubiese quedado un centavo\u00bb.<\/p>\n<p class=\"txt\">\u00abSanti Cazorla es intocable para m\u00ed y es incre\u00edble que se est\u00e9 dudando de \u00e9l. Como persona sobre todo, ya no digo como futbolista. Nos da mucho, en todos los apartados.<strong> Que haya gente desde el anonimato que se atreva a hablar mal de Cazorla\u2026 de qu\u00e9 estamos hablando<\/strong>\u00bb.<\/p>\n<p class=\"txt\">&#13;<br \/>\n\t\t&#13;<br \/>\n\t\t\t&#13;<br \/>\n\t\t&#13;<br \/>\n\t\t&#13;<br \/>\n\t\t&#13;<br \/>\n\t\t\t\t\t\t\t\t\t\t\t\t&#13;<br \/>\n\t\t\t\t\t\t\t\t&#13;<br \/>\n&#13;<br \/>\n&#13;<\/p>\n<p>\t\t\t&#13;<br \/>\n\t&#13;<\/p>\n<p>\t\t\t<a href=\"https:\/\/www.lavozdeasturias.es\/noticia\/azulcarbayon\/2025\/10\/13\/internacionales-real-oviedo-dos-jugar-mundial-ira-playoff\/00031760377209887755506.htm\" data-analytics=\"link-embed\" rel=\"nofollow noopener\" target=\"_blank\">As\u00ed les fue a los internacionales del Real Oviedo: dos podr\u00edan jugar el Mundial y otro ir\u00e1 al playoff<\/a><\/p>\n<p class=\"a-min-author\">\n<p>\t\t\t\t\t\t\t\t\t\t\tPablo Fern\u00e1ndez<\/p>\n<p>\t&#13;<br \/>\n\t&#13;<br \/>\n&#13;<br \/>\n\t\t\t\t&#13;<br \/>\n\t\t\t\t&#13;<br \/>\n\t&#13;<br \/>\n\t\t\t&#13;<br \/>\n\t\t\t&#13;<br \/>\n\t\t&#13;\n<\/p>\n<p class=\"ladillo\">Las discusiones durante el mercado de verano<\/p>\n<p class=\"txt\">\u00ab<strong>Fichar a Jovic era hipotecar al club, era cometer una locura.<\/strong> Hay que ser responsable con los socios que tenemos. El tiempo me est\u00e1 dando la raz\u00f3n. Y Maksimovic parecido, 31 a\u00f1os y 5 millones de traspaso. En eso Paunovic se molest\u00f3 un poco, pero para m\u00ed no eran los adecuados para el Oviedo. Los que m\u00e1s chocaron\u00a0con Paunovic durante el verano fueron el presidente\u00a0y el director general. Me involucro mucho, veo 20 partidos a la semana y hago el 95% de las contrataciones. Tengo un asesor que me ayuda mucho que es Rafa Monge. Aqu\u00ed autorizo el 100%, pero intervengo en el 80% o as\u00ed. <strong>Conf\u00edo mucho en Roberto Su\u00e1rez, que ha hecho un trabajo espl\u00e9ndido y al que han castigado las redes sociales an\u00f3nimas.<\/strong> No me gusta lo que les est\u00e1n diciendo, estoy muy contento con el trabajo que hacen. Hubo dos o tres llamadas con Paunovic. \u00c9l trajo a Ilic, que es un gran jugador. Tambi\u00e9n a Brekalo, que lo escogi\u00f3 \u00e9l. Y Ovie Ejaria, otro gran jugador\u00bb.<\/p>\n<p class=\"txt\">\u00abEl entrenador en el Grupo Pachuca casi no ficha y <strong>aqu\u00ed s\u00ed le dimos esa responsabilidad a Paunovic.<\/strong> Ilic es un gran jugador y Brekalo tambi\u00e9n. Si es un buen jugador y el entrenador lo quiere, pues mejor\u00bb..<\/p>\n<p class=\"txt\">&#13;<br \/>\n\t\t&#13;<br \/>\n\t\t\t&#13;<br \/>\n\t\t&#13;<br \/>\n\t\t&#13;<br \/>\n\t\t&#13;<br \/>\n\t\t\t\t\t\t\t\t\t\t\t\t&#13;<br \/>\n\t\t\t\t\t\t\t\t&#13;<br \/>\n&#13;<br \/>\n&#13;<\/p>\n<p>\t\t\t&#13;<br \/>\n\t&#13;<\/p>\n<p>\t\t\t<a href=\"https:\/\/www.lavozdeasturias.es\/noticia\/azulcarbayon\/2025\/10\/13\/san\/00031760343725644541996.htm\" data-analytics=\"link-embed\" rel=\"nofollow noopener\" target=\"_blank\">Santi Cazorla, capit\u00e1n del Real Oviedo:\u00a0\u00abAyer habl\u00e9 personalmente con Paunovic, tenemos una gran relaci\u00f3n y \u00e9l y su equipo son historia de este club\u00bb<\/a><\/p>\n<p class=\"a-min-author\">\n<p>\t\t\t\t\t\t\t\t\t\t\tPablo Fern\u00e1ndez<\/p>\n<p>\t&#13;<br \/>\n\t&#13;<br \/>\n&#13;<br \/>\n\t\t\t\t&#13;<br \/>\n\t\t\t\t&#13;<br \/>\n\t&#13;<br \/>\n\t\t\t&#13;<br \/>\n\t\t\t&#13;<br \/>\n\t\t&#13;\n<\/p>\n<p class=\"ladillo\">El regreso de Carri\u00f3n<\/p>\n<p class=\"txt\">\u00abSoy un hombre de mucha fe, lo primero que hicimos en el Tartiere fue la capilla. No tengo rencor con nadie. <strong>Carri\u00f3n no mat\u00f3 a nadie, se equivoc\u00f3.<\/strong> Eso est\u00e1 clar\u00edsimo. A los dos o tres meses, tal y como dije, sali\u00f3 de Las Palmas. Se equivoc\u00f3, cualquiera de los que est\u00e1 aqu\u00ed se ha equivocado. Hay t\u00e9cnicos que no volver\u00e1n a Pachuca, hay t\u00e9cnicos que me han robado y no dir\u00e9 nombres. Hace cinco o seis meses nos pidi\u00f3 disculpas ya. Es un profesional, tiene una gran relaci\u00f3n con todo el grupo de trabajo del Real Oviedo y quiere a este club. Hay mucha gente que est\u00e1 en contra, pero tambi\u00e9n hay mucha gente que est\u00e1 contento de que haya vuelto. <strong>Siente el Real Oviedo como una familia y ha tenido la humildad de decir que se equivoc\u00f3 march\u00e1ndose.<\/strong> No soy nadie para perdonar, pero me gusta la gente con autocr\u00edtica\u00bb.<\/p>\n<p class=\"txt\">\u00ab<strong>Si Carri\u00f3n no hubiese sido el entrenador disponible, tambi\u00e9n hubiese tomado la decisi\u00f3n de despedir a Paunovic.<\/strong> Me doli\u00f3 mucho porque tambi\u00e9n nos dio mucho, pero el Real Oviedo est\u00e1 antes que cualquier persona. Hay que estar m\u00e1s unidos que nunca, es lo que le pido a nuestra afici\u00f3n. Y a los jugadores les voy a exigir y se lo voy a decir\u00bb.<\/p>\n<p class=\"txt\">\u00abLuis Carri\u00f3n tiene una gran plantilla, le gusta lo que tenemos. Estoy seguro de que tenemos jugadores de gran potencial. <strong>Me gustar\u00eda que el equipo jugase bien y no se hablase de los puestos de descenso<\/strong>. Quiero estar de mitad de tabla en adelante, pero todav\u00eda queda mucho camino por recorrer\u00bb.<\/p>\n<p class=\"txt\">\u00abSi Carri\u00f3n no hubiese aceptado, ten\u00eda un segundo y un tercero. Pero Carri\u00f3n ven\u00eda nadando. <strong>Vi los partidos de Las Palmas el a\u00f1o pasado y no jugaban mal<\/strong>. Empat\u00f3 con el Real Madrid, por ejemplo, un partido que mereci\u00f3 ganar. Despu\u00e9s, cuando empieza la desconfianza del jugador es dif\u00edcil. Rechaz\u00f3 equipos en Grecia, en M\u00e9xico y en Espa\u00f1a. Quer\u00eda venir a Oviedo. Le tengo mucha fe a Luis, es un gran entrenador y ojal\u00e1 nos salga bien. Me acuerdo todav\u00eda del gol de Masca. Hoy tenemos una mejor estructura que hace a\u00f1o y tres meses\u00bb.<\/p>\n<p class=\"ladillo\">Las cr\u00edticas por el regreso de Carri\u00f3n<\/p>\n<p class=\"txt\">\u00abMe espero un Tartiere impresionante el viernes. Apoyando al Real Oviedo, no hablamos de nombres. Hablamos del Real Oviedo.<strong> Quiero que la gente entienda que no tomamos decisiones que pensamos que van a ser malas.<\/strong> Primero porque queremos a este club, segundo porque est\u00e1 mi patrimonio en juego. He metido hasta la camisa en este club, queremos lo mejor para el Real Oviedo. Tengo mucha fe en que el viernes la afici\u00f3n y el club lo den todo\u00bb.<\/p>\n<p class=\"txt\">\u00abEste equipo estuvo quebrado, a punto de desaparecer. Vean todo lo que es ahora el Real Oviedo. Hemos sido ejemplos de pasi\u00f3n en todo el mundo. Despu\u00e9s de tantos a\u00f1os de sufrimiento, no concibo que el viernes est\u00e9n todos anim\u00e1ndonos. <strong>El d\u00eda que nos diga la afici\u00f3n que el Grupo Pachuca no trabaja bien ni trabaja al 100%, ese d\u00eda vendemos y nos vamos<\/strong>. Porque respeto mucho a esta afici\u00f3n\u00bb.<\/p>\n<p class=\"txt\">\u00abNo tengo redes sociales, soy muy viejo. <strong>Desde que aparecieron las redes sociales, el f\u00fatbol est\u00e1 cambiando.<\/strong> Hay que darle poder al que va al campo, no al de las redes sociales. No quiero hacerle caso a eso, cada vez destruyen m\u00e1s\u00bb.<\/p>\n<p class=\"ladillo\">El Grupo Pachuca en el Real Oviedo: cuatro despidos en poco m\u00e1s de tres a\u00f1os<\/p>\n<p class=\"txt\">\u00ab\u00bfBolo? Resultados. \u00bfCervera? Grandes resultados al principio, despu\u00e9s mal. Y no me gustaba c\u00f3mo jugaba el equipo. El tercero fue Carri\u00f3n, llegamos a la final y quisimos que renovase. <strong>El que m\u00e1s me ha gustado<\/strong>. Paunovic el que mejor resultados sac\u00f3. De Calleja todo el mundo me dec\u00eda que cuando lo sac\u00e1bamos. Esa decisi\u00f3n fue importante, cuando a Paunovic lo hab\u00edan despedido en Tigres y se la jug\u00f3 en 10 partidos con nosotros.<strong> Ahora vuelve el que m\u00e1s me gust\u00f3 c\u00f3mo jugaba su equipo.<\/strong> Me gusta que mi equipo gane y me guste. Hay partidos de estos a\u00f1os en los que me he puesto a llorar. Aunque ganemos, me puedo quedar muy amargado\u00bb.<\/p>\n<p>&#13;<br \/>\n\tArchivado en:&#13;<br \/>\n\t\t\t\t\t<a href=\"https:\/\/www.lavozdeasturias.es\/temas\/real-oviedo\/\" target=\"_blank\" class=\"mg-l\" rel=\"nofollow noopener\">Real Oviedo<\/a>&#13;<br \/>\n\t\t\t\t\t<a href=\"https:\/\/www.lavozdeasturias.es\/temas\/oviedo\/\" target=\"_blank\" class=\"mg-l\" rel=\"nofollow noopener\">Oviedo<\/a>&#13;<br \/>\n\t\t\t\t\t<a href=\"https:\/\/www.lavozdeasturias.es\/temas\/filosofia\/\" target=\"_blank\" class=\"mg-l\" rel=\"nofollow noopener\">Filosof\u00eda<\/a>&#13;<br \/>\n\t\t\t\t\t<a href=\"https:\/\/www.lavozdeasturias.es\/temas\/las-palmas\/\" target=\"_blank\" class=\"mg-l\" rel=\"nofollow noopener\">Las Palmas<\/a>&#13;<br \/>\n\t\t\t\t\t<a href=\"https:\/\/www.lavozdeasturias.es\/temas\/santi-cazorla\/\" target=\"_blank\" class=\"mg-l\" rel=\"nofollow noopener\">Santi Cazorla<\/a>&#13;<br \/>\n\t\t\t        \t&#13;<\/p>\n<p>\t\t\t\t<script async src=\"\/\/www.instagram.com\/embed.js\"><\/script><\/p>\n","protected":false},"excerpt":{"rendered":"El presidente del Grupo Pachuca y m\u00e1ximo accionista del Real Oviedo, Jes\u00fas Mart\u00ednez, da una rueda de prensa&hellip;\n","protected":false},"author":2,"featured_media":176626,"comment_status":"","ping_status":"","sticky":false,"template":"","format":"standard","meta":{"footnotes":""},"categories":[268],"tags":[168,50606,25,24,5266,280,282,2023,6238,4108,1906,1796,1945,3048,3302,5116,281,23,167,13862,1192],"class_list":{"0":"post-176625","1":"post","2":"type-post","3":"status-publish","4":"format-standard","5":"has-post-thumbnail","7":"category-futbol","8":"tag-deportes","9":"tag-eduardo-berizzo","10":"tag-es","11":"tag-espana","12":"tag-filosofia","13":"tag-football","14":"tag-futbol","15":"tag-grecia","16":"tag-las-palmas","17":"tag-leon","18":"tag-mexico","19":"tag-oviedo","20":"tag-primera-division","21":"tag-real-madrid","22":"tag-real-oviedo","23":"tag-santi-cazorla","24":"tag-soccer","25":"tag-spain","26":"tag-sports","27":"tag-uruguay","28":"tag-venezuela"},"share_on_mastodon":{"url":"","error":""},"_links":{"self":[{"href":"https:\/\/www.europesays.com\/es\/wp-json\/wp\/v2\/posts\/176625","targetHints":{"allow":["GET"]}}],"collection":[{"href":"https:\/\/www.europesays.com\/es\/wp-json\/wp\/v2\/posts"}],"about":[{"href":"https:\/\/www.europesays.com\/es\/wp-json\/wp\/v2\/types\/post"}],"author":[{"embeddable":true,"href":"https:\/\/www.europesays.com\/es\/wp-json\/wp\/v2\/users\/2"}],"replies":[{"embeddable":true,"href":"https:\/\/www.europesays.com\/es\/wp-json\/wp\/v2\/comments?post=176625"}],"version-history":[{"count":0,"href":"https:\/\/www.europesays.com\/es\/wp-json\/wp\/v2\/posts\/176625\/revisions"}],"wp:featuredmedia":[{"embeddable":true,"href":"https:\/\/www.europesays.com\/es\/wp-json\/wp\/v2\/media\/176626"}],"wp:attachment":[{"href":"https:\/\/www.europesays.com\/es\/wp-json\/wp\/v2\/media?parent=176625"}],"wp:term":[{"taxonomy":"category","embeddable":true,"href":"https:\/\/www.europesays.com\/es\/wp-json\/wp\/v2\/categories?post=176625"},{"taxonomy":"post_tag","embeddable":true,"href":"https:\/\/www.europesays.com\/es\/wp-json\/wp\/v2\/tags?post=176625"}],"curies":[{"name":"wp","href":"https:\/\/api.w.org\/{rel}","templated":true}]}}