{"id":176651,"date":"2025-10-14T17:32:11","date_gmt":"2025-10-14T17:32:11","guid":{"rendered":"https:\/\/www.europesays.com\/es\/176651\/"},"modified":"2025-10-14T17:32:11","modified_gmt":"2025-10-14T17:32:11","slug":"anaitasuna-inicia-su-camino-en-la-copa-del-rey-contra-balonmano-soria","status":"publish","type":"post","link":"https:\/\/www.europesays.com\/es\/176651\/","title":{"rendered":"Anaitasuna inicia su camino en la Copa del Rey contra Balonmano Soria"},"content":{"rendered":"<p>\n<strong>Anaitasuna<\/strong> ya sabe su primer rival en esta pr\u00f3xima <strong>Copa del Rey de balonmano<\/strong>. A los de <strong>Nacho Moyano<\/strong>, esta temporada en la Divisi\u00f3n de Honor Plata, les tocar\u00e1 empezar antes la competici\u00f3n copera\u00a0de lo que hab\u00eda venido siendo habitual las \u00faltimas campa\u00f1as en Asobal. Y el conjunto navarro abrir\u00e1 el torneo copero el <strong>mi\u00e9rcoles 5 de noviembre<\/strong> en una eliminatoria a partido \u00fanico en la pista del <strong>Balonmano Soria<\/strong>, conjunto dirigido por Oriol\u00a0 Castellarnau con el que <strong>se ver\u00e1 tambi\u00e9n dentro de la liga precisamente tres d\u00edas despu\u00e9s<\/strong> del duelo copero, el s\u00e1bado 8 (18.00h).\u00a0 Es el emparejamiento que se ha registrado este 14 de octubre al mediod\u00eda en el sorteo de la primera ronda de la competici\u00f3n.<\/p>\n<p>Un rival que, dentro de la complicaci\u00f3n que siempre entra\u00f1a la visita a un equipo ilusionado con dar la sorpresa en su casa y que ya ha demostrado ser capaz de competir con algunos de los mejores equipos de Plata, puede considerarse asequible dentro del <strong>abanico de posibilidades<\/strong> al que se enfrentaba el conjunto verdiblanco, incluido en el sorteo dentro del bombo 2 junto a otros ex Asobal como Villa de Aranda o equipos de la m\u00e1xima categor\u00eda como Nava, Cangas, Cuenca, Huesca, Guadalajara o Puente Genil.<\/p>\n<p>Fertiberia Puerto Sagunto, Bar\u00e7a Atl\u00e8tic,Fundaci\u00f3n, Agustinos Alicante, Cisne Los Sauces, Gobycar Citubo Eivissa o Cajasol Sevilla eran <strong>otras de las opciones<\/strong> que, al menos en esta primera ronda, los de Moyano han evitado y que, a priori, pod\u00edan haber puesto en mayores aprietos al conjunto pamplon\u00e9s. De hecho, la pasada pretemporada, Anaitasuna ya pudo jugar con el conjunto soriano un <strong>amistoso en \u00d3lvega <\/strong>que finaliz\u00f3 con un <strong>28-34<\/strong> a favor del equipo navarro.<\/p>\n<p>El equipo soriano, a pesar de estar <strong>compitiendo bien<\/strong> en la mayor parte de sus encuentros, es actualmente <strong>pen\u00faltimo en la clasificaci\u00f3n de la segunda categor\u00eda<\/strong> del balonmano masculino nacional tras haber ca\u00eddo en cuatro de los cinco partidos que ha disputado hasta el momento (Eivissa por 29-40, Bar\u00e7a por 37-31, Benidorm por 34-31 y OAR Coru\u00f1a por 21-22), logrando superar al Sinf\u00edn santanderino por un 35-34.<\/p>\n<p>\u00abAl final uno de los aspectos que m\u00e1s se busca en este tipo de sorteos es<strong> la proximidad geogr\u00e1fica<\/strong> y, en eso, no podemos estar m\u00e1s contentos\u00bb, ha apuntado el t\u00e9cnico Nacho Moyano al conocer el emparejamiento copero. \u00abA partir de ah\u00ed, siendo conocedores que <strong>para ellos va a ser una fiesta<\/strong> porque es la primera vez que juegan este torneo y que van a llenar el pabell\u00f3n, nosotros tendremos que ser capaces de igualar ese componente de ilusi\u00f3n que van a tener seguro. <strong>Estamos con muchas ganas de empezar <\/strong>esta competici\u00f3n\u00bb, a\u00f1ad\u00eda el entrenador de Anaitasuna, quien adelanta que ser\u00e1 \u00abuna semana un poco especial por ese doble compromiso en Soria\u00bb.<\/p>\n<p>En esta ocasi\u00f3n, y tal como se ha confirmado este pasado lunes 13 de octubre, la fase final de la Copa del Rey 2025-2026 se disputar\u00e1 <strong>del 5 al 7 de junio en Alicante<\/strong>. All\u00ed se reunir\u00e1n los ocho mejores equipos de esta competici\u00f3n, aunque ya hay dos plazas asignadas: junto al <strong>Bar\u00e7a<\/strong>, como vigente campe\u00f3n y gran favorito una edici\u00f3n m\u00e1s a hacerse con el t\u00edtulo, tambi\u00e9n tiene asegurada su presencia el <strong>Horneo E\u00d3N Alicante<\/strong>, equipo que vive su temporada de estreno en la Asobal, como anfitri\u00f3n.<\/p>\n","protected":false},"excerpt":{"rendered":"Anaitasuna ya sabe su primer rival en esta pr\u00f3xima Copa del Rey de balonmano. A los de Nacho&hellip;\n","protected":false},"author":2,"featured_media":176652,"comment_status":"","ping_status":"","sticky":false,"template":"","format":"standard","meta":{"footnotes":""},"categories":[278],"tags":[2617,376,2493,168,25,24,3247,375,5330,246,23,167],"class_list":{"0":"post-176651","1":"post","2":"type-post","3":"status-publish","4":"format-standard","5":"has-post-thumbnail","7":"category-balonmano","8":"tag-anaitasuna","9":"tag-balonmano","10":"tag-copa","11":"tag-deportes","12":"tag-es","13":"tag-espana","14":"tag-estrenara","15":"tag-handball","16":"tag-rey","17":"tag-soria","18":"tag-spain","19":"tag-sports"},"share_on_mastodon":{"url":"","error":""},"_links":{"self":[{"href":"https:\/\/www.europesays.com\/es\/wp-json\/wp\/v2\/posts\/176651","targetHints":{"allow":["GET"]}}],"collection":[{"href":"https:\/\/www.europesays.com\/es\/wp-json\/wp\/v2\/posts"}],"about":[{"href":"https:\/\/www.europesays.com\/es\/wp-json\/wp\/v2\/types\/post"}],"author":[{"embeddable":true,"href":"https:\/\/www.europesays.com\/es\/wp-json\/wp\/v2\/users\/2"}],"replies":[{"embeddable":true,"href":"https:\/\/www.europesays.com\/es\/wp-json\/wp\/v2\/comments?post=176651"}],"version-history":[{"count":0,"href":"https:\/\/www.europesays.com\/es\/wp-json\/wp\/v2\/posts\/176651\/revisions"}],"wp:featuredmedia":[{"embeddable":true,"href":"https:\/\/www.europesays.com\/es\/wp-json\/wp\/v2\/media\/176652"}],"wp:attachment":[{"href":"https:\/\/www.europesays.com\/es\/wp-json\/wp\/v2\/media?parent=176651"}],"wp:term":[{"taxonomy":"category","embeddable":true,"href":"https:\/\/www.europesays.com\/es\/wp-json\/wp\/v2\/categories?post=176651"},{"taxonomy":"post_tag","embeddable":true,"href":"https:\/\/www.europesays.com\/es\/wp-json\/wp\/v2\/tags?post=176651"}],"curies":[{"name":"wp","href":"https:\/\/api.w.org\/{rel}","templated":true}]}}